{"id":2343,"date":"2025-02-13T14:25:18","date_gmt":"2025-02-13T11:25:18","guid":{"rendered":"https:\/\/avukatimtv.com\/?p=2343"},"modified":"2025-02-13T14:25:18","modified_gmt":"2025-02-13T11:25:18","slug":"kendisini-borclandiran-patronunu-pusu-kurup-oldurdu-cekicinin-arkasinda-kilometrelerce-kacti","status":"publish","type":"post","link":"https:\/\/avukatimtv.com\/index.php\/2025\/02\/13\/kendisini-borclandiran-patronunu-pusu-kurup-oldurdu-cekicinin-arkasinda-kilometrelerce-kacti\/","title":{"rendered":"Kendisini bor\u00e7land\u0131ran patronunu pusu kurup \u00f6ld\u00fcrd\u00fc, \u00e7ekicinin arkas\u0131nda kilometrelerce ka\u00e7t\u0131"},"content":{"rendered":"<h2 class=\"mt10 haber_ozet\">Adana&#8217;da Salt\u0131k Bu\u011fra Ke\u00e7eba\u015f&#8217;\u0131n otoparkta otomobiline bindi\u011fi esnada u\u011frad\u0131\u011f\u0131 silahl\u0131 sald\u0131r\u0131da hayat\u0131n\u0131 kaybetti\u011fi olay\u0131na ili\u015fkin s\u0131r perdesi kald\u0131r\u0131ld\u0131. Cinayet dedektifleri, \u015f\u00fcphelinin \u00e7ekiciye y\u00fckledi\u011fi otomobilinin arkas\u0131nda yatarak \u0130stanbul&#8217;a ka\u00e7t\u0131\u011f\u0131n\u0131 tespit etti. \u015e\u00fcpheli kendisini bor\u00e7land\u0131rd\u0131\u011f\u0131 i\u00e7in patronunu \u00f6ld\u00fcrd\u00fc\u011f\u00fcn\u00fc itiraf etti.Adana&#8217;n\u0131n\u00a0Seyhan\u00a0il\u00e7esine ba\u011fl\u0131\u00a0G\u00fcrselpa\u015fa Mahallesi&#8217;nde 6 \u015eubat saat 20.00 s\u0131ralar\u0131nda vah\u015fet ya\u015fand\u0131. \u0130ddiaya g\u00f6re, bar i\u015fleten 3 \u00e7ocuk babas\u0131 Salt\u0131k Bu\u011fra Ke\u00e7eba\u015f (45), oturdu\u011fu apartman\u0131n otopark\u0131nda bulunan otomobiline binerken silahl\u0131 sald\u0131r\u0131ya u\u011frad\u0131. Sakland\u0131\u011f\u0131 a\u011fac\u0131n arkas\u0131ndan \u00e7\u0131kan \u015f\u00fcpheli Ke\u00e7eba\u015f&#8217;a 6 el ate\u015f etti. Ba\u015f ve g\u00f6\u011fs\u00fcnden vurulan Ke\u00e7eba\u015f hayat\u0131n\u0131 kaybetti.<\/h2>\n<h3>DEDEKT\u0130FLER \u015e\u00dcPHEL\u0130N\u0130N K\u0130ML\u0130\u011e\u0130N\u0130 TESP\u0130T ETT\u0130<\/h3>\n<p>Adana Emniyet M\u00fcd\u00fcrl\u00fc\u011f\u00fc\u00a0Asayi\u015f \u015eube M\u00fcd\u00fcrl\u00fc\u011f\u00fc\u00a0Cinayet\u00a0B\u00fcro Amirli\u011fi dedektifleri, Salt\u0131k Bu\u011fra Ke\u00e7eba\u015f&#8217;\u0131 \u00f6ld\u00fcren \u015f\u00fcpheliyi yakalamak i\u00e7in \u00e7al\u0131\u015fma ba\u015flatt\u0131. 50 saatlik g\u00fcvenlik kameras\u0131n\u0131 inceleyen dedektifler,\u00a0\u00c7ukurova\u00a0\u0130l\u00e7esine ba\u011fl\u0131 Yurt Mahallesi&#8217;nde \u015f\u00fcphelinin evine girerken kask\u0131n\u0131 \u00e7\u0131kard\u0131\u011f\u0131n\u0131 tespit etti. Yap\u0131lan tespit sonucu sald\u0131rgan\u0131n Mehmet\u00a0Ali Kartal\u00a0(34) oldu\u011funu belirledi. Sald\u0131rgan Mehmet Ali Kartal&#8217;\u0131n, Salt\u0131k Bu\u011fra Ke\u00e7eba\u015f&#8217;\u0131n \u00e7al\u0131\u015f\u0131na oldu\u011fu \u00f6\u011frenildi.<\/p>\n<h3>\u00c7EK\u0130C\u0130YE Y\u00dcKLETT\u0130\u011e\u0130 OTOMOB\u0130LLE \u0130STANBUL&#8217;A KA\u00c7TI<\/h3>\n<p>Sald\u0131rgan\u0131n kimli\u011fini belirleyen cinayet dedektifleri, \u015f\u00fcpheliyi yakalamak i\u00e7in kentteki PTS ve KGYS kameralar\u0131n\u0131 incelemeye devam etti. Yap\u0131lan incelemeler neticesinde \u015f\u00fcphelinin otomobiliyle Tarsus-Adana-\u00a0Gaziantep\u00a0(TAG) otoyoluna girdi\u011fi burada arac\u0131n\u0131 bir \u00e7ekiciye y\u00fckletti\u011fi tespit edildi. \u015e\u00fcpheli \u00e7ekici \u00fczerindeki otomobilinin arka koltu\u011funda yatarak\u00a0\u0130stanbul&#8217;a kadar ka\u00e7t\u0131.<\/p>\n<h3>TUZLA&#8217;DA BA\u015eKA ARACA B\u0130ND\u0130<\/h3>\n<p>Mehmet Ali Kartal, \u00e7ekici \u00fczerinde \u0130stanbul&#8217;a kadar geldi. \u0130stanbul&#8217;un\u00a0Tuzla\u00a0il\u00e7esinde \u00e7ekiciden indi. Kartal, kendisini yolun kar\u015f\u0131s\u0131nda bekleyen bir otomobile binerek\u00a0Ba\u011fc\u0131lar\u00a0il\u00e7esine ka\u00e7t\u0131. Kartal&#8217;\u0131n \u00e7ekiciden inmesi ve kendisini bekleyen araca binmesi anbean g\u00fcvenlik kameralar\u0131na yans\u0131d\u0131.<\/p>\n<h3>SAKLANDI\u011eI EVDE YAKALANDI<\/h3>\n<p>Adana&#8217;dan \u0130stanbul&#8217;a giden cinayet dedektifleri, Mehmet Ali Kartal&#8217;\u0131 yakalamak i\u00e7in titizlikle operasyon d\u00fczenledi. D\u00fczenlenen operasyonda Mehmet Ali Kartal, \u0130stanbul&#8217;un Ba\u011fc\u0131lar \u0130l\u00e7esinde bir evde saklan\u0131rken yakaland\u0131. Yakalanan \u015f\u00fcpheli Adana&#8217;ya getirildi.<\/p>\n<h3>&#8220;BEN\u0130 BOR\u00c7LANDIRDI&#8221;<\/h3>\n<p>Emniyette sorguya al\u0131nan Mehmet Ali Kartal, &#8220;Salt\u0131k Bu\u011fra Ke\u00e7eba\u015f beni bor\u00e7land\u0131rd\u0131. Bor\u00e7lar\u0131 \u00f6demesi i\u00e7in kendisini arad\u0131m. Bana k\u00fcf\u00fcr edince, bende gidip \u00f6ld\u00fcrd\u00fcm. \u00c7ok pi\u015fman\u0131m&#8221; dedi\u011fi \u00f6ne s\u00fcr\u00fcld\u00fc. Emniyetteki i\u015flemlerinin ard\u0131ndan adliyeye sevk edilen \u015f\u00fcpheli \u00e7\u0131kar\u0131ld\u0131\u011f\u0131 mahkemece tutukland\u0131.<\/p>\n<p><strong>KAYNAK : \u0130HA<\/strong><\/p>\n<p>&nbsp;<\/p>\n","protected":false},"excerpt":{"rendered":"<p>Adana&#8217;da Salt\u0131k Bu\u011fra Ke\u00e7eba\u015f&#8217;\u0131n otoparkta otomobiline bindi\u011fi esnada u\u011frad\u0131\u011f\u0131 silahl\u0131 sald\u0131r\u0131da hayat\u0131n\u0131 kaybetti\u011fi olay\u0131na ili\u015fkin s\u0131r perdesi kald\u0131r\u0131ld\u0131. Cinayet dedektifleri, \u015f\u00fcphelinin \u00e7ekiciye y\u00fckledi\u011fi otomobilinin arkas\u0131nda yatarak \u0130stanbul&#8217;a ka\u00e7t\u0131\u011f\u0131n\u0131 tespit etti. \u015e\u00fcpheli kendisini bor\u00e7land\u0131rd\u0131\u011f\u0131 i\u00e7in patronunu \u00f6ld\u00fcrd\u00fc\u011f\u00fcn\u00fc itiraf etti.Adana&#8217;n\u0131n\u00a0Seyhan\u00a0il\u00e7esine ba\u011fl\u0131\u00a0G\u00fcrselpa\u015fa Mahallesi&#8217;nde 6 \u015eubat saat 20.00 s\u0131ralar\u0131nda vah\u015fet ya\u015fand\u0131. \u0130ddiaya g\u00f6re, bar i\u015fleten 3 \u00e7ocuk babas\u0131 Salt\u0131k [&hellip;]<\/p>\n","protected":false},"author":1,"featured_media":2344,"comment_status":"closed","ping_status":"closed","sticky":false,"template":"","format":"standard","meta":{"footnotes":""},"categories":[7,39,38],"tags":[241,128,245,242,60,244,246,243,47,69],"class_list":["post-2343","post","type-post","status-publish","format-standard","has-post-thumbnail","hentry","category-gundem","category-haber","category-hukuk","tag-tuzla","tag-adana","tag-alikartal","tag-bagcilar","tag-cinayet","tag-cukurova","tag-emniyet-mudurlugu","tag-gaziantep","tag-haber","tag-istanbul"],"_links":{"self":[{"href":"https:\/\/avukatimtv.com\/index.php\/wp-json\/wp\/v2\/posts\/2343","targetHints":{"allow":["GET"]}}],"collection":[{"href":"https:\/\/avukatimtv.com\/index.php\/wp-json\/wp\/v2\/posts"}],"about":[{"href":"https:\/\/avukatimtv.com\/index.php\/wp-json\/wp\/v2\/types\/post"}],"author":[{"embeddable":true,"href":"https:\/\/avukatimtv.com\/index.php\/wp-json\/wp\/v2\/users\/1"}],"replies":[{"embeddable":true,"href":"https:\/\/avukatimtv.com\/index.php\/wp-json\/wp\/v2\/comments?post=2343"}],"version-history":[{"count":1,"href":"https:\/\/avukatimtv.com\/index.php\/wp-json\/wp\/v2\/posts\/2343\/revisions"}],"predecessor-version":[{"id":2345,"href":"https:\/\/avukatimtv.com\/index.php\/wp-json\/wp\/v2\/posts\/2343\/revisions\/2345"}],"wp:featuredmedia":[{"embeddable":true,"href":"https:\/\/avukatimtv.com\/index.php\/wp-json\/wp\/v2\/media\/2344"}],"wp:attachment":[{"href":"https:\/\/avukatimtv.com\/index.php\/wp-json\/wp\/v2\/media?parent=2343"}],"wp:term":[{"taxonomy":"category","embeddable":true,"href":"https:\/\/avukatimtv.com\/index.php\/wp-json\/wp\/v2\/categories?post=2343"},{"taxonomy":"post_tag","embeddable":true,"href":"https:\/\/avukatimtv.com\/index.php\/wp-json\/wp\/v2\/tags?post=2343"}],"curies":[{"name":"wp","href":"https:\/\/api.w.org\/{rel}","templated":true}]}}