{"id":2346,"date":"2025-02-14T11:37:48","date_gmt":"2025-02-14T08:37:48","guid":{"rendered":"https:\/\/avukatimtv.com\/?p=2346"},"modified":"2025-02-14T11:37:48","modified_gmt":"2025-02-14T08:37:48","slug":"zehir-tacirlerine-operasyonda-18-ton-uyusturucu-ele-gecirildi","status":"publish","type":"post","link":"https:\/\/avukatimtv.com\/index.php\/2025\/02\/14\/zehir-tacirlerine-operasyonda-18-ton-uyusturucu-ele-gecirildi\/","title":{"rendered":"Zehir tacirlerine operasyonda 1,8 ton uyu\u015fturucu ele ge\u00e7irildi"},"content":{"rendered":"<h2 class=\"news-spot\">\u0130\u00e7i\u015fleri Bakan\u0131 Ali Yerlikaya, son 3 haftada d\u00fczenlenen operasyonlarda, 1 ton 806 kilogram uyu\u015fturucu madde ile 8 milyon 437 bin uyu\u015fturucu hap ele ge\u00e7irildi\u011fini, 2 bin 656 \u015f\u00fcphelinin g\u00f6zalt\u0131na al\u0131nd\u0131\u011f\u0131n\u0131 bildirdi.<\/h2>\n<p>Bakan Yerlikaya, sosyal medya hesab\u0131ndan yapt\u0131\u011f\u0131 a\u00e7\u0131klamada, uyu\u015fturucu sat\u0131c\u0131lar\u0131na y\u00f6nelik son 3 haftada Emniyet Genel M\u00fcd\u00fcrl\u00fc\u011f\u00fc ve Jandarma Genel Komutanl\u0131\u011f\u0131 taraf\u0131ndan d\u00fczenlenen operasyonlar hakk\u0131nda bilgi verdi.<\/p>\n<p>Operasyonlar\u0131n cumhuriyet ba\u015fsavc\u0131l\u0131klar\u0131 ile Emniyet Genel M\u00fcd\u00fcrl\u00fc\u011f\u00fc Narkotik Su\u00e7larla M\u00fccadele Ba\u015fkanl\u0131\u011f\u0131 koordinesinde, il emniyet m\u00fcd\u00fcrl\u00fcklerince 3 bin 757 ekip, 9 bin 392 personel, 40 hava arac\u0131 ve 75 narkotik dedekt\u00f6r k\u00f6pe\u011finin kat\u0131l\u0131m\u0131yla ger\u00e7ekle\u015ftirildi\u011fini belirten Yerlikaya, bu kapsamda, 1 ton 806 kilogram uyu\u015fturucu madde ile 8 milyon 437 bin uyu\u015fturucu hap ele ge\u00e7irildi\u011fini, 2 bin 656 \u015f\u00fcphelinin g\u00f6zalt\u0131na al\u0131nd\u0131\u011f\u0131n\u0131 aktard\u0131.<\/p>\n<p>&nbsp;<\/p>\n<p><img decoding=\"async\" src=\"https:\/\/trthaberstatic.cdn.wp.trt.com.tr\/resimler\/1788000\/narkotik-aa-1788840.jpg\" alt=\"Zehir tacirlerine operasyonda 1,8 ton uyu\u015fturucu ele ge\u00e7irildi\" \/><\/p>\n<p>Bakan Yerlikaya, &#8220;K\u00fcresel bir felaket olan uyu\u015fturucu ile m\u00fccadele; yaln\u0131zca bir g\u00fcvenlik meselesi de\u011fildir, yar\u0131nlar\u0131m\u0131z\u0131n da meselesidir. Her sokakta, her caddede, her k\u00f6\u015fe ba\u015f\u0131nda biz var\u0131z! Zehir tacirlerine g\u00f6z a\u00e7t\u0131rm\u0131yoruz. Evlatlar\u0131m\u0131z\u0131n gelece\u011fini karartmalar\u0131na m\u00fcsaade etmiyoruz, etmeyece\u011fiz.&#8221; ifadelerini kulland\u0131<\/p>\n<p><strong>KAYNAK : TRT<\/strong><\/p>\n","protected":false},"excerpt":{"rendered":"<p>\u0130\u00e7i\u015fleri Bakan\u0131 Ali Yerlikaya, son 3 haftada d\u00fczenlenen operasyonlarda, 1 ton 806 kilogram uyu\u015fturucu madde ile 8 milyon 437 bin uyu\u015fturucu hap ele ge\u00e7irildi\u011fini, 2 bin 656 \u015f\u00fcphelinin g\u00f6zalt\u0131na al\u0131nd\u0131\u011f\u0131n\u0131 bildirdi. Bakan Yerlikaya, sosyal medya hesab\u0131ndan yapt\u0131\u011f\u0131 a\u00e7\u0131klamada, uyu\u015fturucu sat\u0131c\u0131lar\u0131na y\u00f6nelik son 3 haftada Emniyet Genel M\u00fcd\u00fcrl\u00fc\u011f\u00fc ve Jandarma Genel Komutanl\u0131\u011f\u0131 taraf\u0131ndan d\u00fczenlenen operasyonlar hakk\u0131nda [&hellip;]<\/p>\n","protected":false},"author":1,"featured_media":2347,"comment_status":"closed","ping_status":"closed","sticky":false,"template":"","format":"standard","meta":{"footnotes":""},"categories":[7,38,247],"tags":[248,51,44,79,72,45,249],"class_list":["post-2346","post","type-post","status-publish","format-standard","has-post-thumbnail","hentry","category-gundem","category-hukuk","category-operasyon","tag-bakanyerlikaya","tag-gozalti","tag-narkotik","tag-operasyon","tag-supheli","tag-uyusturucu","tag-zehir"],"_links":{"self":[{"href":"https:\/\/avukatimtv.com\/index.php\/wp-json\/wp\/v2\/posts\/2346","targetHints":{"allow":["GET"]}}],"collection":[{"href":"https:\/\/avukatimtv.com\/index.php\/wp-json\/wp\/v2\/posts"}],"about":[{"href":"https:\/\/avukatimtv.com\/index.php\/wp-json\/wp\/v2\/types\/post"}],"author":[{"embeddable":true,"href":"https:\/\/avukatimtv.com\/index.php\/wp-json\/wp\/v2\/users\/1"}],"replies":[{"embeddable":true,"href":"https:\/\/avukatimtv.com\/index.php\/wp-json\/wp\/v2\/comments?post=2346"}],"version-history":[{"count":1,"href":"https:\/\/avukatimtv.com\/index.php\/wp-json\/wp\/v2\/posts\/2346\/revisions"}],"predecessor-version":[{"id":2348,"href":"https:\/\/avukatimtv.com\/index.php\/wp-json\/wp\/v2\/posts\/2346\/revisions\/2348"}],"wp:featuredmedia":[{"embeddable":true,"href":"https:\/\/avukatimtv.com\/index.php\/wp-json\/wp\/v2\/media\/2347"}],"wp:attachment":[{"href":"https:\/\/avukatimtv.com\/index.php\/wp-json\/wp\/v2\/media?parent=2346"}],"wp:term":[{"taxonomy":"category","embeddable":true,"href":"https:\/\/avukatimtv.com\/index.php\/wp-json\/wp\/v2\/categories?post=2346"},{"taxonomy":"post_tag","embeddable":true,"href":"https:\/\/avukatimtv.com\/index.php\/wp-json\/wp\/v2\/tags?post=2346"}],"curies":[{"name":"wp","href":"https:\/\/api.w.org\/{rel}","templated":true}]}}