{"id":2352,"date":"2025-02-14T12:41:48","date_gmt":"2025-02-14T09:41:48","guid":{"rendered":"https:\/\/avukatimtv.com\/?p=2352"},"modified":"2025-02-14T12:41:48","modified_gmt":"2025-02-14T09:41:48","slug":"cezaevinden-cikip-arkadasini-oldurdu-savunmasi-pes-dedirtti","status":"publish","type":"post","link":"https:\/\/avukatimtv.com\/index.php\/2025\/02\/14\/cezaevinden-cikip-arkadasini-oldurdu-savunmasi-pes-dedirtti\/","title":{"rendered":"Cezaevinden \u00e7\u0131k\u0131p arkada\u015f\u0131n\u0131 \u00f6ld\u00fcrd\u00fc, savunmas\u0131 &#8220;pes&#8221; dedirtti"},"content":{"rendered":"<h2 class=\"mt10 haber_ozet\">Adana&#8217;da 26 y\u0131l \u00f6nce 9 ya\u015f\u0131ndaki k\u0131z \u00e7ocu\u011funa cinsel istismarda bulunup \u00f6ld\u00fcrd\u00fckten sonra cezaevinden \u015fartl\u0131 tahliye olan Atillla C\u00fcc\u00fc, birlikte kald\u0131\u011f\u0131 arkada\u015f\u0131n\u0131 \u00f6ld\u00fcr\u00fcp kanala att\u0131. Hakim kar\u015f\u0131s\u0131na \u00e7\u0131kan C\u00fcc\u00fc, &#8220;Arkada\u015f\u0131m\u0131 bilerek \u00f6ld\u00fcrmedim. Kendisini itekledim ve d\u00fc\u015ft\u00fc. Sadece bir kazayd\u0131.&#8221; dedi. Zanl\u0131, m\u00fcebbet hapis cezas\u0131na \u00e7arpt\u0131r\u0131ld\u0131.<\/h2>\n<p>Adana\u00a0Otogar\u0131&#8217;nda temizlik ve ayak i\u015flerine bakan Atilla C\u00fcc\u00fc (65), 1998 y\u0131l\u0131nda kom\u015fusunun k\u0131z\u0131 T.O&#8217;yu (9) sigara alma bahanesiyle evine \u00e7a\u011f\u0131r\u0131p cinsel istismarda bulunduktan sonra bo\u011farak \u00f6ld\u00fcrd\u00fc. K\u00fc\u00e7\u00fck k\u0131z\u0131n cesedini battaniyeye sar\u0131p kanalizasyon \u00e7ukuruna atan C\u00fcc\u00fc, olaydan sonra tutuklanarak, yarg\u0131land\u0131\u011f\u0131 Adana 2&#8217;nci A\u011f\u0131r Ceza Mahkemesi taraf\u0131ndan 2000 y\u0131l\u0131nda 6 ay\u0131 geceli g\u00fcnd\u00fczl\u00fc h\u00fccrede olmak \u00fczere \u00f6m\u00fcr boyu hapis cezas\u0131na mahkum edildi.<\/p>\n<div id=\"inpage_desktop\"><\/div>\n<h3>CEZAEV\u0130NDEN TAHL\u0130YE OLDU, ARKADA\u015eINI KATLETT\u0130<\/h3>\n<p>Cezaevinden \u015fartl\u0131 tahliye edilen C\u00fcc\u00fc, bu sefer otogarda birlikte kald\u0131\u011f\u0131 arkada\u015f\u0131n\u0131 \u00f6ld\u00fcrd\u00fc. Otogarda muavinlik ve de\u011fnek\u00e7ilik yapan Murat Arl\u0131 16\u00a0Aral\u0131k\u00a02024&#8217;te kayboldu. Arl\u0131&#8217;n\u0131n kaybolmas\u0131ndan 3 ay sonra kendisinden haber alamayan ailesi polise kay\u0131p ba\u015fvurusunda bulundu. 10 Mart&#8217;ta\u00a0Karata\u015f\u00a0il\u00e7esi Tabaklar Mahallesi&#8217;ndeki sahilde battaniyeye sar\u0131l\u0131 erkek cesedi bulunmas\u0131 \u00fczerine cesedin Arl\u0131&#8217;ya ait olabilece\u011fi de\u011ferlendirildi. Ancak cesedin uzun s\u00fcredir suda kalmas\u0131ndan dolay\u0131 deforme olmas\u0131 sebebiyle ekipler, kimlik tespiti yapamad\u0131. Arl\u0131&#8217;n\u0131n o\u011flundan DNA \u00f6rne\u011fi alarak kar\u015f\u0131la\u015ft\u0131rma yap\u0131lmas\u0131 \u00fczerine cesedin Arl\u0131&#8217;ya ait oldu\u011fu tespit edilerek, geni\u015f \u00e7apl\u0131 soru\u015fturma ba\u015flat\u0131ld\u0131.<\/p>\n<h3>TELEFONU O\u011eLUNA KARGOLAMI\u015e<\/h3>\n<p>Ekipler, 4 ayl\u0131k fiziki ve teknik takip sonras\u0131 Arl\u0131&#8217;n\u0131n cep telefonunun\u00a0Kars&#8217;ta kullan\u0131ld\u0131\u011f\u0131n\u0131 tespit etti. Arl\u0131&#8217;n\u0131n cep telefonunun otogarda birlikte kald\u0131\u011f\u0131 Atilla C\u00fcc\u00fc&#8217;n\u00fcn o\u011flu Kemal taraf\u0131ndan kullan\u0131ld\u0131\u011f\u0131n\u0131, cep telefonunun da Atilla C\u00fcc\u00fc taraf\u0131ndan kargoyla Kars&#8217;a g\u00f6nderildi\u011fi belirlendi.<\/p>\n<div class=\"wrapper detay-v3_3 haber_metni\">\n<h3>HAK\u0130M KAR\u015eISINA \u00c7IKTI<\/h3>\n<p>Yakalan\u0131p tutuklanan Atilla C\u00fcc\u00fc hakk\u0131nda &#8220;Kasten \u00f6ld\u00fcrme&#8221; su\u00e7undan Adana 13. A\u011f\u0131r Ceza Mahkemesi&#8217;nde a\u00e7\u0131lan davan\u0131n karar duru\u015fmas\u0131 yap\u0131ld\u0131. Duru\u015fmaya tutuklu san\u0131k Atilla C\u00fcc\u00fc bulundu\u011fu cezaevinden Ses ve G\u00f6r\u00fcnt\u00fc Bili\u015fim Sistemi (SEGB\u0130S) arac\u0131l\u0131\u011f\u0131yla kat\u0131ld\u0131.<\/p>\n<h3>&#8220;O NEDENDEN CEZA ALDI\u011eIM DO\u011eRUDUR&#8221;<\/h3>\n<p>San\u0131k avukat\u0131n\u0131n da haz\u0131r bulundu\u011fu duru\u015fmada, mahkeme hakimi, katil zanl\u0131s\u0131 C\u00fcc\u00fc&#8217;ye 1998 y\u0131l\u0131nda i\u015fledi\u011fi cinayeti sordu. C\u00fcc\u00fc, daha \u00f6nce hapis cezas\u0131 ald\u0131\u011f\u0131n\u0131 kabul ederek, &#8220;Ben o olay\u0131 ger\u00e7ekle\u015ftirmedim. O nedenden ceza ald\u0131\u011f\u0131m do\u011frudur. Cezam\u0131 \u00e7ektim ve ko\u015fullu sal\u0131verildim&#8221; dedi.<\/p>\n<h3>&#8220;ARKADA\u015eIMI B\u0130LEREK \u00d6LD\u00dcRMED\u0130M&#8221;<\/h3>\n<p>Son s\u00f6z\u00fc sorulan san\u0131k C\u00fcc\u00fc, olay nedeniyle pi\u015fman oldu\u011funu dile getirdi. C\u00fcc\u00fc, &#8220;Y\u00fcce Rabbim \u015fahidimdir. O zaman\u0131 belirler, insanlar vesile olur. Ben arkada\u015f\u0131m\u0131 bilerek \u00f6ld\u00fcrmedim. Kendisini itekledim ve d\u00fc\u015ft\u00fc. Sadece bir kazayd\u0131. Benim bu olayda bir su\u00e7um yoktur. \u00c7ok pi\u015fman\u0131m&#8221; diye konu\u015ftu.<\/p>\n<h3>M\u00dcEBBET HAP\u0130S CEZASINA \u00c7ARPTIRILDI<\/h3>\n<p>Mahkeme savc\u0131s\u0131 esas hakk\u0131ndaki m\u00fctalaas\u0131nda, san\u0131k C\u00fcc\u00fc&#8217;n\u00fcn &#8220;Kasten \u00f6ld\u00fcrme&#8221; su\u00e7undan m\u00fcebbet hapis cezas\u0131 ile cezaland\u0131r\u0131lmas\u0131 talebini tekrar etti. Mahkeme heyeti, san\u0131k Atilla C\u00fcc\u00fc&#8217;y\u00fc &#8220;Kasten \u00f6ld\u00fcrme&#8221; su\u00e7undan m\u00fcebbet hapis cezas\u0131na mahkum edip tutuklulu\u011funun devam\u0131na karar verdi.<\/p>\n<\/div>\n<div class=\"haberkaynak\"><strong>Kaynak:\u00a0\u0130HA<\/strong><\/div>\n","protected":false},"excerpt":{"rendered":"<p>Adana&#8217;da 26 y\u0131l \u00f6nce 9 ya\u015f\u0131ndaki k\u0131z \u00e7ocu\u011funa cinsel istismarda bulunup \u00f6ld\u00fcrd\u00fckten sonra cezaevinden \u015fartl\u0131 tahliye olan Atillla C\u00fcc\u00fc, birlikte kald\u0131\u011f\u0131 arkada\u015f\u0131n\u0131 \u00f6ld\u00fcr\u00fcp kanala att\u0131. Hakim kar\u015f\u0131s\u0131na \u00e7\u0131kan C\u00fcc\u00fc, &#8220;Arkada\u015f\u0131m\u0131 bilerek \u00f6ld\u00fcrmedim. Kendisini itekledim ve d\u00fc\u015ft\u00fc. Sadece bir kazayd\u0131.&#8221; dedi. Zanl\u0131, m\u00fcebbet hapis cezas\u0131na \u00e7arpt\u0131r\u0131ld\u0131. Adana\u00a0Otogar\u0131&#8217;nda temizlik ve ayak i\u015flerine bakan Atilla C\u00fcc\u00fc (65), 1998 [&hellip;]<\/p>\n","protected":false},"author":1,"featured_media":2353,"comment_status":"closed","ping_status":"closed","sticky":false,"template":"","format":"standard","meta":{"footnotes":""},"categories":[7,39,38],"tags":[128,256,132,60,255,254],"class_list":["post-2352","post","type-post","status-publish","format-standard","has-post-thumbnail","hentry","category-gundem","category-haber","category-hukuk","tag-adana","tag-aralik","tag-cezaevi","tag-cinayet","tag-karatas","tag-kars"],"_links":{"self":[{"href":"https:\/\/avukatimtv.com\/index.php\/wp-json\/wp\/v2\/posts\/2352","targetHints":{"allow":["GET"]}}],"collection":[{"href":"https:\/\/avukatimtv.com\/index.php\/wp-json\/wp\/v2\/posts"}],"about":[{"href":"https:\/\/avukatimtv.com\/index.php\/wp-json\/wp\/v2\/types\/post"}],"author":[{"embeddable":true,"href":"https:\/\/avukatimtv.com\/index.php\/wp-json\/wp\/v2\/users\/1"}],"replies":[{"embeddable":true,"href":"https:\/\/avukatimtv.com\/index.php\/wp-json\/wp\/v2\/comments?post=2352"}],"version-history":[{"count":1,"href":"https:\/\/avukatimtv.com\/index.php\/wp-json\/wp\/v2\/posts\/2352\/revisions"}],"predecessor-version":[{"id":2354,"href":"https:\/\/avukatimtv.com\/index.php\/wp-json\/wp\/v2\/posts\/2352\/revisions\/2354"}],"wp:featuredmedia":[{"embeddable":true,"href":"https:\/\/avukatimtv.com\/index.php\/wp-json\/wp\/v2\/media\/2353"}],"wp:attachment":[{"href":"https:\/\/avukatimtv.com\/index.php\/wp-json\/wp\/v2\/media?parent=2352"}],"wp:term":[{"taxonomy":"category","embeddable":true,"href":"https:\/\/avukatimtv.com\/index.php\/wp-json\/wp\/v2\/categories?post=2352"},{"taxonomy":"post_tag","embeddable":true,"href":"https:\/\/avukatimtv.com\/index.php\/wp-json\/wp\/v2\/tags?post=2352"}],"curies":[{"name":"wp","href":"https:\/\/api.w.org\/{rel}","templated":true}]}}