{"id":2358,"date":"2025-02-15T11:27:56","date_gmt":"2025-02-15T08:27:56","guid":{"rendered":"https:\/\/avukatimtv.com\/?p=2358"},"modified":"2025-02-15T11:29:03","modified_gmt":"2025-02-15T08:29:03","slug":"alikoyduklari-kadini-acimasizca-darbedip-bir-de-selfie-cektiler","status":"publish","type":"post","link":"https:\/\/avukatimtv.com\/index.php\/2025\/02\/15\/alikoyduklari-kadini-acimasizca-darbedip-bir-de-selfie-cektiler\/","title":{"rendered":"Al\u0131koyduklar\u0131 kad\u0131n\u0131 ac\u0131mas\u0131zca darbedip bir de selfie \u00e7ektiler"},"content":{"rendered":"<h2 id=\"spot\" class=\"mt10 haber_ozet\">Ankara&#8217;da zorla al\u0131koyduklar\u0131 kad\u0131n\u0131 elleri ve ayaklar\u0131n\u0131 ba\u011flay\u0131p \u00e7e\u015fitli cisimlerle ac\u0131mas\u0131zca darbedip \u015fiddet g\u00f6r\u00fcnt\u00fclerini sosyal medyada payla\u015fan 2 \u015f\u00fcpheli yakaland\u0131. Darbettikleri kad\u0131nla selfie de \u00e7ekilen \u015f\u00fcpheliler \u00e7\u0131kar\u0131ld\u0131klar\u0131 mahkemede tutukland\u0131.<\/h2>\n<p>Ankara&#8217;da 1&#8217;i kad\u0131n 2 \u015f\u00fcpheli, h\u0131rs\u0131zl\u0131kla su\u00e7lad\u0131klar\u0131 bir kad\u0131n\u0131 zorla evde al\u0131koydu. Kad\u0131n\u0131 ac\u0131mas\u0131zca darbeden \u015f\u00fcpheliler, deh\u015fet anlar\u0131n\u0131 cep telefonu kameras\u0131yla kaydedip sosyal medya hesaplar\u0131ndan payla\u015ft\u0131.<\/p>\n<h3>ACIMASIZCA DARBED\u0130P SELF\u0130E \u00c7EKT\u0130LER<\/h3>\n<p>G\u00f6r\u00fcnt\u00fclerde; \u015f\u00fcphelilerin ellerini, ayaklar\u0131n\u0131 ve a\u011fz\u0131n\u0131 ba\u011flad\u0131klar\u0131 kad\u0131na \u00e7e\u015fitli cisimlerle \u015fiddet uygulad\u0131klar\u0131 ve hakaret ettikleri g\u00f6r\u00fcld\u00fc. Kad\u0131n \u015f\u00fcpheli ise darbedilen kad\u0131nla selfie \u00e7ekildi.<\/p>\n<div id=\"inpage_desktop\"><\/div>\n<h3>\u015e\u00dcPHEL\u0130LER TUTUKLANDI<\/h3>\n<p>Sosyal medyada 13 \u015eubat&#8217;ta yay\u0131lan g\u00f6r\u00fcnt\u00fcler \u00fczerine harekete ge\u00e7en\u00a0Ankara Emniyet M\u00fcd\u00fcrl\u00fc\u011f\u00fc ekipleri, kad\u0131n\u0131 darbeden 2 \u015f\u00fcpheliyi g\u00f6zalt\u0131na ald\u0131. Darbedilen kad\u0131n\u0131n hastaneye kald\u0131r\u0131ld\u0131\u011f\u0131 ve sa\u011fl\u0131k durumunun iyi oldu\u011fu \u00f6\u011frenildi. 2 \u015f\u00fcpheli ise \u00e7\u0131kar\u0131ld\u0131klar\u0131 mahkemede tutuklanarak cezaevine g\u00f6nderildi.<\/p>\n<p>&nbsp;<\/p>\n<p><img decoding=\"async\" src=\"https:\/\/foto.sondakika.com\/haber\/2025\/02\/15\/alikoyduklari-kadini-acimasizca-darbedip-bir-de-18376965_188_amp.jpg\" alt=\"Al\u0131koyduklar\u0131 kad\u0131n\u0131 ac\u0131mas\u0131zca darbedip bir de selfie \u00e7ektiler\" \/><\/p>\n<p><strong>KAYNAK : DHA<\/strong><\/p>\n","protected":false},"excerpt":{"rendered":"<p>Ankara&#8217;da zorla al\u0131koyduklar\u0131 kad\u0131n\u0131 elleri ve ayaklar\u0131n\u0131 ba\u011flay\u0131p \u00e7e\u015fitli cisimlerle ac\u0131mas\u0131zca darbedip \u015fiddet g\u00f6r\u00fcnt\u00fclerini sosyal medyada payla\u015fan 2 \u015f\u00fcpheli yakaland\u0131. Darbettikleri kad\u0131nla selfie de \u00e7ekilen \u015f\u00fcpheliler \u00e7\u0131kar\u0131ld\u0131klar\u0131 mahkemede tutukland\u0131. Ankara&#8217;da 1&#8217;i kad\u0131n 2 \u015f\u00fcpheli, h\u0131rs\u0131zl\u0131kla su\u00e7lad\u0131klar\u0131 bir kad\u0131n\u0131 zorla evde al\u0131koydu. Kad\u0131n\u0131 ac\u0131mas\u0131zca darbeden \u015f\u00fcpheliler, deh\u015fet anlar\u0131n\u0131 cep telefonu kameras\u0131yla kaydedip sosyal medya hesaplar\u0131ndan payla\u015ft\u0131. [&hellip;]<\/p>\n","protected":false},"author":1,"featured_media":2359,"comment_status":"closed","ping_status":"closed","sticky":false,"template":"","format":"standard","meta":{"footnotes":""},"categories":[39,117],"tags":[261,123,47,262,72,116],"class_list":["post-2358","post","type-post","status-publish","format-standard","has-post-thumbnail","hentry","category-haber","category-olay","tag-ankara","tag-ankaraemniyetmudurlugu","tag-haber","tag-siddet","tag-supheli","tag-tutuklama"],"_links":{"self":[{"href":"https:\/\/avukatimtv.com\/index.php\/wp-json\/wp\/v2\/posts\/2358","targetHints":{"allow":["GET"]}}],"collection":[{"href":"https:\/\/avukatimtv.com\/index.php\/wp-json\/wp\/v2\/posts"}],"about":[{"href":"https:\/\/avukatimtv.com\/index.php\/wp-json\/wp\/v2\/types\/post"}],"author":[{"embeddable":true,"href":"https:\/\/avukatimtv.com\/index.php\/wp-json\/wp\/v2\/users\/1"}],"replies":[{"embeddable":true,"href":"https:\/\/avukatimtv.com\/index.php\/wp-json\/wp\/v2\/comments?post=2358"}],"version-history":[{"count":1,"href":"https:\/\/avukatimtv.com\/index.php\/wp-json\/wp\/v2\/posts\/2358\/revisions"}],"predecessor-version":[{"id":2360,"href":"https:\/\/avukatimtv.com\/index.php\/wp-json\/wp\/v2\/posts\/2358\/revisions\/2360"}],"wp:featuredmedia":[{"embeddable":true,"href":"https:\/\/avukatimtv.com\/index.php\/wp-json\/wp\/v2\/media\/2359"}],"wp:attachment":[{"href":"https:\/\/avukatimtv.com\/index.php\/wp-json\/wp\/v2\/media?parent=2358"}],"wp:term":[{"taxonomy":"category","embeddable":true,"href":"https:\/\/avukatimtv.com\/index.php\/wp-json\/wp\/v2\/categories?post=2358"},{"taxonomy":"post_tag","embeddable":true,"href":"https:\/\/avukatimtv.com\/index.php\/wp-json\/wp\/v2\/tags?post=2358"}],"curies":[{"name":"wp","href":"https:\/\/api.w.org\/{rel}","templated":true}]}}