{"id":2361,"date":"2025-02-15T11:44:41","date_gmt":"2025-02-15T08:44:41","guid":{"rendered":"https:\/\/avukatimtv.com\/?p=2361"},"modified":"2025-02-15T11:44:41","modified_gmt":"2025-02-15T08:44:41","slug":"cinayet-suphelisi-bana-etek-giydirecegini-soylemissin-dedim-kavga-cikti","status":"publish","type":"post","link":"https:\/\/avukatimtv.com\/index.php\/2025\/02\/15\/cinayet-suphelisi-bana-etek-giydirecegini-soylemissin-dedim-kavga-cikti\/","title":{"rendered":"Cinayet \u015f\u00fcphelisi: &#8216;Bana etek giydirece\u011fini s\u00f6ylemi\u015fsin&#8217; dedim, kavga \u00e7\u0131kt\u0131"},"content":{"rendered":"<h2 class=\"mt10 haber_ozet\">Karaman&#8217;da sosyal medyada tart\u0131\u015ft\u0131klar\u0131 Abdullah Umutcan Demirci&#8217;yi \u00f6ld\u00fcren ve Salih A.&#8217;y\u0131 yaralayan Murat Naci Dalk\u0131ran&#8217;\u0131n ifadesi ortaya \u00e7\u0131kt\u0131. Dalk\u0131ran, &#8216;Benim hakk\u0131mda bana etek giydirece\u011fini s\u00f6ylemi\u015fsin&#8217; dedi\u011fini ve kavga \u00e7\u0131kt\u0131\u011f\u0131n\u0131 belirtti. Olay\u0131n ard\u0131ndan Dalk\u0131ran ve E.F. tutukland\u0131, d\u00f6rt ki\u015fi serbest b\u0131rak\u0131ld\u0131. Dalk\u0131ran ifadesinde, amac\u0131n\u0131n \u00f6ld\u00fcrmek olmad\u0131\u011f\u0131n\u0131 s\u00f6yledi.<\/h2>\n<p>KARAMAN&#8217;da sosyal medyada tart\u0131\u015ft\u0131ktan sonra randevula\u015ft\u0131\u011f\u0131 Abdullah Umutcan Demirci&#8217;yi (19) \u00f6ld\u00fcr\u00fcp, Salih A.&#8217;y\u0131 yaralayan Murat Naci Dalk\u0131ran&#8217;\u0131n (24) ifadesi ortaya \u00e7\u0131kt\u0131. Dalk\u0131ran, ifadesinde, &#8220;Abdullah Umut Can Demirci&#8217;ye &#8216;Benim hakk\u0131mda bana etek giydirece\u011fini s\u00f6ylemi\u015fsin&#8217; dedim, kavga \u00e7\u0131kt\u0131. Amac\u0131m \u00f6ld\u00fcrmek de\u011fildi&#8221; dedi.<\/p>\n<div id=\"inpage_desktop\"><\/div>\n<p>Olay, 11 \u015eubat&#8217;ta saat 00.30 s\u0131ralar\u0131nda Piri Reis Mahallesi&#8217;nde meydana geldi. Murat Naci Dalk\u0131ran, sosyal medya \u00fczerinden E.F. (17), Abdullah Umutcan Demirci ve Salih A. ile tart\u0131\u015ft\u0131. Tart\u0131\u015fma sonras\u0131 sosyal medya \u00fczerinden randevula\u015fan taraflar, Piri Reis Park\u0131 yak\u0131n\u0131nda bulu\u015ftu. Bulu\u015fman\u0131n ard\u0131ndan kavga \u00e7\u0131kt\u0131. Kavgada Dalk\u0131ran, Demirci&#8217;yi boynundan, Salih A.&#8217;y\u0131 karn\u0131ndan b\u0131\u00e7aklad\u0131. E.F. de elindeki pompal\u0131 t\u00fcfekle Murat Naci Dalk\u0131ran&#8217;a ate\u015f etti.<\/p>\n<p>6 \u015e\u00dcPHEL\u0130 YAKALANDI<\/p>\n<p>Abdullah Umutcan Demirci ile Salih A. \u00f6zel ara\u00e7larla Karaman E\u011fitim ve Ara\u015ft\u0131rma Hastanesi&#8217;ne, Dalk\u0131ran \u00f6zel bir hastaneye kald\u0131r\u0131ld\u0131. Demirci, kurtar\u0131lamad\u0131.<\/p>\n<p>Cinayet B\u00fcro dedektifleri \u00f6zel hastanede tedavisi tamamlanan Murat Naci Dalk\u0131ran, E.F. (17) ve olaya kar\u0131\u015ft\u0131\u011f\u0131 tespit edilen Servet K. (28), B.A. (17), V.U. (17) ve Hasan T.&#8217;yi (21) g\u00f6zalt\u0131na ald\u0131. Yakla\u015f\u0131k 30 saat s\u00fcren sorgu s\u00fcrecinin ard\u0131ndan \u015f\u00fcpheliler adliyeye sevk edildi. Cinayet \u015f\u00fcphelisi Dalk\u0131ran ile olay an\u0131nda pompal\u0131 t\u00fcfek kullanan E.F. tutuklan\u0131rken, 4 ki\u015fi de serbest kald\u0131.<\/p>\n<div class=\"wrapper detay-v3_3 haber_metni\">\n<p>&#8216;BEN\u0130 ARAYARAK K\u00dcFRETT\u0130&#8217;<\/p>\n<p>Murat Naci Dalk\u0131ran, ifadesinde, &#8220;Olay g\u00fcn\u00fc E.F., beni sosyal medya \u00fczerinden arayarak k\u00fcfretti. Beni Piri Reis Park\u0131&#8217;n\u0131n oraya \u00e7a\u011f\u0131rd\u0131. E.F.&#8217;ye bu s\u00f6zleri s\u00f6ylemedi\u011fimi, bu s\u00f6zleri Abdullah Umutcan&#8217;\u0131n s\u00f6yledi\u011fini s\u00f6yledim. Daha sonra Abdullah Umutcan Demirci&#8217;yi arad\u0131k, o da parka geldi. Daha \u00f6nceden sosyal medya \u00fczerinden tart\u0131\u015fmalar, at\u0131\u015fmalar oldu. Abdullah Umut Can Demirci&#8217;ye &#8216;Benim hakk\u0131mda bana etek giydirece\u011fini s\u00f6ylemi\u015fsin&#8217; dedim, kavga \u00e7\u0131kt\u0131. Amac\u0131m \u00f6ld\u00fcrmek de\u011fildi&#8221; dedi\u011fi \u00f6\u011frenildi.<\/p>\n<\/div>\n<div class=\"haberkaynak\"><strong>Kaynak:\u00a0DHA<\/strong><\/div>\n","protected":false},"excerpt":{"rendered":"<p>Karaman&#8217;da sosyal medyada tart\u0131\u015ft\u0131klar\u0131 Abdullah Umutcan Demirci&#8217;yi \u00f6ld\u00fcren ve Salih A.&#8217;y\u0131 yaralayan Murat Naci Dalk\u0131ran&#8217;\u0131n ifadesi ortaya \u00e7\u0131kt\u0131. Dalk\u0131ran, &#8216;Benim hakk\u0131mda bana etek giydirece\u011fini s\u00f6ylemi\u015fsin&#8217; dedi\u011fini ve kavga \u00e7\u0131kt\u0131\u011f\u0131n\u0131 belirtti. Olay\u0131n ard\u0131ndan Dalk\u0131ran ve E.F. tutukland\u0131, d\u00f6rt ki\u015fi serbest b\u0131rak\u0131ld\u0131. Dalk\u0131ran ifadesinde, amac\u0131n\u0131n \u00f6ld\u00fcrmek olmad\u0131\u011f\u0131n\u0131 s\u00f6yledi. KARAMAN&#8217;da sosyal medyada tart\u0131\u015ft\u0131ktan sonra randevula\u015ft\u0131\u011f\u0131 Abdullah Umutcan Demirci&#8217;yi [&hellip;]<\/p>\n","protected":false},"author":1,"featured_media":2362,"comment_status":"closed","ping_status":"closed","sticky":false,"template":"","format":"standard","meta":{"footnotes":""},"categories":[7,39],"tags":[266,264,263,83,52,181,72,265,116],"class_list":["post-2361","post","type-post","status-publish","format-standard","has-post-thumbnail","hentry","category-gundem","category-haber","tag-egitimvearastirmahastanesi","tag-ifade","tag-karaman","tag-kavga","tag-olay","tag-olum","tag-supheli","tag-tufek","tag-tutuklama"],"_links":{"self":[{"href":"https:\/\/avukatimtv.com\/index.php\/wp-json\/wp\/v2\/posts\/2361","targetHints":{"allow":["GET"]}}],"collection":[{"href":"https:\/\/avukatimtv.com\/index.php\/wp-json\/wp\/v2\/posts"}],"about":[{"href":"https:\/\/avukatimtv.com\/index.php\/wp-json\/wp\/v2\/types\/post"}],"author":[{"embeddable":true,"href":"https:\/\/avukatimtv.com\/index.php\/wp-json\/wp\/v2\/users\/1"}],"replies":[{"embeddable":true,"href":"https:\/\/avukatimtv.com\/index.php\/wp-json\/wp\/v2\/comments?post=2361"}],"version-history":[{"count":1,"href":"https:\/\/avukatimtv.com\/index.php\/wp-json\/wp\/v2\/posts\/2361\/revisions"}],"predecessor-version":[{"id":2363,"href":"https:\/\/avukatimtv.com\/index.php\/wp-json\/wp\/v2\/posts\/2361\/revisions\/2363"}],"wp:featuredmedia":[{"embeddable":true,"href":"https:\/\/avukatimtv.com\/index.php\/wp-json\/wp\/v2\/media\/2362"}],"wp:attachment":[{"href":"https:\/\/avukatimtv.com\/index.php\/wp-json\/wp\/v2\/media?parent=2361"}],"wp:term":[{"taxonomy":"category","embeddable":true,"href":"https:\/\/avukatimtv.com\/index.php\/wp-json\/wp\/v2\/categories?post=2361"},{"taxonomy":"post_tag","embeddable":true,"href":"https:\/\/avukatimtv.com\/index.php\/wp-json\/wp\/v2\/tags?post=2361"}],"curies":[{"name":"wp","href":"https:\/\/api.w.org\/{rel}","templated":true}]}}