{"id":2364,"date":"2025-02-15T17:21:04","date_gmt":"2025-02-15T14:21:04","guid":{"rendered":"https:\/\/avukatimtv.com\/?p=2364"},"modified":"2025-02-15T17:21:04","modified_gmt":"2025-02-15T14:21:04","slug":"baba-kavga-ettigi-oglunu-keserle-oldurdu","status":"publish","type":"post","link":"https:\/\/avukatimtv.com\/index.php\/2025\/02\/15\/baba-kavga-ettigi-oglunu-keserle-oldurdu\/","title":{"rendered":"Baba, kavga etti\u011fi o\u011flunu keserle \u00f6ld\u00fcrd\u00fc"},"content":{"rendered":"<h2 class=\"mt10 haber_ozet\">Tokat&#8217;ta baba ile 17 ya\u015f\u0131ndaki o\u011flu aras\u0131nda hen\u00fcz bilinmeyen bir nedenle kavga \u00e7\u0131kt\u0131. Kavgada o\u011flunu keserle \u00f6ld\u00fcren baba g\u00f6zalt\u0131na al\u0131nd\u0131.<\/h2>\n<p>Tokat&#8217;ta K\u0131rkk\u0131zlar Mahallesi Narman Sokak&#8217;ta vah\u015fet ya\u015fand\u0131.\u00a0Baba\u00a0N.A. ile 17 ya\u015f\u0131ndaki o\u011flu Berat Akbulut aras\u0131nda evde hen\u00fcz bilinmeyen bir nedenle tart\u0131\u015fma \u00e7\u0131kt\u0131. Tart\u0131\u015fma k\u0131sa s\u00fcrede b\u00fcy\u00fcyerek kavgaya d\u00f6n\u00fc\u015ft\u00fc.<\/p>\n<h3>O\u011eLUNU KESERLE \u00d6LD\u00dcRD\u00dc<\/h3>\n<p>Kavga\u00a0seslerini duyan mahalle sakinleri, durumu polis ekiplerine bildirdi. Olay yerine giden polis ekipleri, Berat Akbulut&#8217;un cans\u0131z bedeni ile kar\u015f\u0131la\u015ft\u0131. Baba N.A.&#8217;n\u0131n o\u011flunu keser ile \u00f6ld\u00fcrd\u00fc\u011f\u00fc iddia edildi.<\/p>\n<h3>CAN\u0130 BABA G\u00d6ZALTINDA<\/h3>\n<p>Olay yeri inceleme ekipleri \u00e7al\u0131\u015fma ba\u015flat\u0131rken baba N.A. g\u00f6zalt\u0131na al\u0131nd\u0131.<\/p>\n<p><strong>KAYNAK : \u0130HA<\/strong><\/p>\n","protected":false},"excerpt":{"rendered":"<p>Tokat&#8217;ta baba ile 17 ya\u015f\u0131ndaki o\u011flu aras\u0131nda hen\u00fcz bilinmeyen bir nedenle kavga \u00e7\u0131kt\u0131. Kavgada o\u011flunu keserle \u00f6ld\u00fcren baba g\u00f6zalt\u0131na al\u0131nd\u0131. Tokat&#8217;ta K\u0131rkk\u0131zlar Mahallesi Narman Sokak&#8217;ta vah\u015fet ya\u015fand\u0131.\u00a0Baba\u00a0N.A. ile 17 ya\u015f\u0131ndaki o\u011flu Berat Akbulut aras\u0131nda evde hen\u00fcz bilinmeyen bir nedenle tart\u0131\u015fma \u00e7\u0131kt\u0131. Tart\u0131\u015fma k\u0131sa s\u00fcrede b\u00fcy\u00fcyerek kavgaya d\u00f6n\u00fc\u015ft\u00fc. O\u011eLUNU KESERLE \u00d6LD\u00dcRD\u00dc Kavga\u00a0seslerini duyan mahalle sakinleri, durumu [&hellip;]<\/p>\n","protected":false},"author":1,"featured_media":2365,"comment_status":"closed","ping_status":"closed","sticky":false,"template":"","format":"standard","meta":{"footnotes":""},"categories":[185,7],"tags":[267,60,51,83,109,268],"class_list":["post-2364","post","type-post","status-publish","format-standard","has-post-thumbnail","hentry","category-adalet","category-gundem","tag-baba","tag-cinayet","tag-gozalti","tag-kavga","tag-olayyeriinceleme","tag-tokat"],"_links":{"self":[{"href":"https:\/\/avukatimtv.com\/index.php\/wp-json\/wp\/v2\/posts\/2364","targetHints":{"allow":["GET"]}}],"collection":[{"href":"https:\/\/avukatimtv.com\/index.php\/wp-json\/wp\/v2\/posts"}],"about":[{"href":"https:\/\/avukatimtv.com\/index.php\/wp-json\/wp\/v2\/types\/post"}],"author":[{"embeddable":true,"href":"https:\/\/avukatimtv.com\/index.php\/wp-json\/wp\/v2\/users\/1"}],"replies":[{"embeddable":true,"href":"https:\/\/avukatimtv.com\/index.php\/wp-json\/wp\/v2\/comments?post=2364"}],"version-history":[{"count":1,"href":"https:\/\/avukatimtv.com\/index.php\/wp-json\/wp\/v2\/posts\/2364\/revisions"}],"predecessor-version":[{"id":2366,"href":"https:\/\/avukatimtv.com\/index.php\/wp-json\/wp\/v2\/posts\/2364\/revisions\/2366"}],"wp:featuredmedia":[{"embeddable":true,"href":"https:\/\/avukatimtv.com\/index.php\/wp-json\/wp\/v2\/media\/2365"}],"wp:attachment":[{"href":"https:\/\/avukatimtv.com\/index.php\/wp-json\/wp\/v2\/media?parent=2364"}],"wp:term":[{"taxonomy":"category","embeddable":true,"href":"https:\/\/avukatimtv.com\/index.php\/wp-json\/wp\/v2\/categories?post=2364"},{"taxonomy":"post_tag","embeddable":true,"href":"https:\/\/avukatimtv.com\/index.php\/wp-json\/wp\/v2\/tags?post=2364"}],"curies":[{"name":"wp","href":"https:\/\/api.w.org\/{rel}","templated":true}]}}