{"id":2368,"date":"2025-02-19T11:11:18","date_gmt":"2025-02-19T08:11:18","guid":{"rendered":"https:\/\/avukatimtv.com\/?p=2368"},"modified":"2025-02-19T11:11:18","modified_gmt":"2025-02-19T08:11:18","slug":"beyza-akdoganin-son-goruntusu-katil-adim-adim-takip-etmis","status":"publish","type":"post","link":"https:\/\/avukatimtv.com\/index.php\/2025\/02\/19\/beyza-akdoganin-son-goruntusu-katil-adim-adim-takip-etmis\/","title":{"rendered":"Beyza Akdo\u011fan&#8217;\u0131n son g\u00f6r\u00fcnt\u00fcs\u00fc: Katil ad\u0131m ad\u0131m takip etmi\u015f"},"content":{"rendered":"<h2 class=\"mt10 haber_ozet\">Tart\u0131\u015ft\u0131\u011f\u0131 eski ni\u015fanl\u0131s\u0131 Beyza Akdo\u011fan&#8217;\u0131 t\u00fcfekle vurduktan sonra intihar eden Mustafa Balta\u015f&#8217;\u0131n, gen\u00e7 kad\u0131n\u0131 ad\u0131m ad\u0131m takip etti\u011fi ortaya \u00e7\u0131kt\u0131. Beyza Akdo\u011fan&#8217;\u0131n evine girdikten 6 dakika sonra eve giren katil, g\u00fcvenlik kameralar\u0131na b\u00f6yle yans\u0131d\u0131.Korkun\u00e7 olay gece saatlerinde ya\u015fand\u0131. \u0130ddiaya g\u00f6re 26 ya\u015f\u0131ndaki Mustafa Balta\u015f ile eski ni\u015fanl\u0131s\u0131 Beyza Akdo\u011fan (21) aras\u0131nda tart\u0131\u015fma \u00e7\u0131kt\u0131. Tart\u0131\u015fman\u0131n b\u00fcy\u00fcmesi \u00fczerine Mustafa Balta\u015f, t\u00fcfekle Beyza Akdo\u011fan&#8217;a ate\u015f a\u00e7t\u0131ktan sonra kendi ya\u015fam\u0131na da son vermi\u015fti. Katil Mustafa Balta\u015f montunun i\u00e7ine saklad\u0131\u011f\u0131 t\u00fcfek ile, eski ni\u015fanl\u0131s\u0131 Beyza\u00a0Aydo\u011fan&#8217;\u0131 ad\u0131m ad\u0131m takip etti\u011fi ortaya \u00e7\u0131kt\u0131.<\/h2>\n<h3>KAT\u0130L KAMERADA&#8230;<\/h3>\n<p>Beyza Aydo\u011fan ya\u015fad\u0131\u011f\u0131 apartmana girdikten 6 dakika sonra apartmana gelen tatil zanl\u0131s\u0131 kap\u0131da bir s\u00fcre cep telefonu ile u\u011fra\u015ft\u0131ktan sonra i\u00e7eriye giriyor. O anlar da apartman\u0131n g\u00fcvenlik kamera g\u00f6r\u00fcnt\u00fclerine yans\u0131d\u0131. Burada kep\u00e7e operat\u00f6rl\u00fc\u011f\u00fc yapan Balta\u015f&#8217;\u0131n da sab\u0131ka kayd\u0131n\u0131n kabar\u0131k oldu\u011fu ortaya \u00e7\u0131kt\u0131.<\/p>\n<h3>GEN\u00c7 KIZ NEV\u015eEH\u0130R&#8217;DE TOPRA\u011eA VER\u0130LD\u0130<\/h3>\n<p>Katil Mustafa Balta\u015f&#8217;\u0131n uyu\u015fturucu kullanmak ve satmak su\u00e7lar\u0131n\u0131n yan\u0131 s\u0131ra, h\u0131rs\u0131zl\u0131k, kasten adam yaralama ve silah ta\u015f\u0131ma su\u00e7lar\u0131ndan bir\u00e7ok sab\u0131kas\u0131n\u0131n oldu\u011fu \u00f6\u011frenildi. Eski ni\u015fanl\u0131s\u0131 taraf\u0131ndan \u00f6ld\u00fcr\u00fclen Beyza Akdo\u011fan\u00a0Nev\u015fehir&#8217;de topra\u011fa verilirken katil Mustafa Balta\u015f&#8217;\u0131n cenazesinin de\u00a0Hatay\u00a0iline g\u00f6nderilece\u011fi \u00f6\u011frenildi.<\/p>\n<p><strong>KAYNAK :\u0130HA<\/strong><\/p>\n","protected":false},"excerpt":{"rendered":"<p>Tart\u0131\u015ft\u0131\u011f\u0131 eski ni\u015fanl\u0131s\u0131 Beyza Akdo\u011fan&#8217;\u0131 t\u00fcfekle vurduktan sonra intihar eden Mustafa Balta\u015f&#8217;\u0131n, gen\u00e7 kad\u0131n\u0131 ad\u0131m ad\u0131m takip etti\u011fi ortaya \u00e7\u0131kt\u0131. Beyza Akdo\u011fan&#8217;\u0131n evine girdikten 6 dakika sonra eve giren katil, g\u00fcvenlik kameralar\u0131na b\u00f6yle yans\u0131d\u0131.Korkun\u00e7 olay gece saatlerinde ya\u015fand\u0131. \u0130ddiaya g\u00f6re 26 ya\u015f\u0131ndaki Mustafa Balta\u015f ile eski ni\u015fanl\u0131s\u0131 Beyza Akdo\u011fan (21) aras\u0131nda tart\u0131\u015fma \u00e7\u0131kt\u0131. Tart\u0131\u015fman\u0131n b\u00fcy\u00fcmesi [&hellip;]<\/p>\n","protected":false},"author":1,"featured_media":2369,"comment_status":"closed","ping_status":"closed","sticky":false,"template":"","format":"standard","meta":{"footnotes":""},"categories":[39,38,117],"tags":[270,269,230,181,98,265],"class_list":["post-2368","post","type-post","status-publish","format-standard","has-post-thumbnail","hentry","category-haber","category-hukuk","category-olay","tag-aydogan","tag-hatay","tag-nevsehir","tag-olum","tag-tartisma","tag-tufek"],"_links":{"self":[{"href":"https:\/\/avukatimtv.com\/index.php\/wp-json\/wp\/v2\/posts\/2368","targetHints":{"allow":["GET"]}}],"collection":[{"href":"https:\/\/avukatimtv.com\/index.php\/wp-json\/wp\/v2\/posts"}],"about":[{"href":"https:\/\/avukatimtv.com\/index.php\/wp-json\/wp\/v2\/types\/post"}],"author":[{"embeddable":true,"href":"https:\/\/avukatimtv.com\/index.php\/wp-json\/wp\/v2\/users\/1"}],"replies":[{"embeddable":true,"href":"https:\/\/avukatimtv.com\/index.php\/wp-json\/wp\/v2\/comments?post=2368"}],"version-history":[{"count":1,"href":"https:\/\/avukatimtv.com\/index.php\/wp-json\/wp\/v2\/posts\/2368\/revisions"}],"predecessor-version":[{"id":2370,"href":"https:\/\/avukatimtv.com\/index.php\/wp-json\/wp\/v2\/posts\/2368\/revisions\/2370"}],"wp:featuredmedia":[{"embeddable":true,"href":"https:\/\/avukatimtv.com\/index.php\/wp-json\/wp\/v2\/media\/2369"}],"wp:attachment":[{"href":"https:\/\/avukatimtv.com\/index.php\/wp-json\/wp\/v2\/media?parent=2368"}],"wp:term":[{"taxonomy":"category","embeddable":true,"href":"https:\/\/avukatimtv.com\/index.php\/wp-json\/wp\/v2\/categories?post=2368"},{"taxonomy":"post_tag","embeddable":true,"href":"https:\/\/avukatimtv.com\/index.php\/wp-json\/wp\/v2\/tags?post=2368"}],"curies":[{"name":"wp","href":"https:\/\/api.w.org\/{rel}","templated":true}]}}