{"id":2371,"date":"2025-02-19T11:38:38","date_gmt":"2025-02-19T08:38:38","guid":{"rendered":"https:\/\/avukatimtv.com\/?p=2371"},"modified":"2025-02-19T11:38:38","modified_gmt":"2025-02-19T08:38:38","slug":"kanlar-icinde-olu-bulduk-diye-ihbarda-bulunan-3-arkadasi-tutuklandi","status":"publish","type":"post","link":"https:\/\/avukatimtv.com\/index.php\/2025\/02\/19\/kanlar-icinde-olu-bulduk-diye-ihbarda-bulunan-3-arkadasi-tutuklandi\/","title":{"rendered":"&#8220;Kanlar i\u00e7inde \u00f6l\u00fc bulduk&#8221; diye ihbarda bulunan 3 arkada\u015f\u0131 tutukland\u0131"},"content":{"rendered":"<h2 class=\"mt10 haber_ozet\">Konya&#8217;n\u0131n Bey\u015fehir il\u00e7esinde e\u015finden ayr\u0131 ya\u015fayan 42 ya\u015f\u0131ndaki Ahmet De\u011firmenci , evin banyosunda ba\u015f\u0131na sert bir cisimle vurularak \u00f6ld\u00fcr\u00fclm\u00fc\u015f halde bulundu. De\u011firmenci&#8217;yi &#8220;evde kanlar i\u00e7inde bulduk&#8221; diye ihbar eden ve g\u00fcvenlik kamera kay\u0131tlar\u0131ndan daha \u00f6nce eve girip \u00e7\u0131kt\u0131\u011f\u0131 belirlenen arkada\u015flar\u0131 R.D., M.E.B. ve A.P. &#8216;kasten \u00f6ld\u00fcrme&#8217; su\u00e7undan tutukland\u0131.<\/h2>\n<p>Olay, d\u00fcn\u00a0M\u00fcft\u00fc\u00a0Mahallesi 41180. Sokak&#8217;taki 4 katl\u0131 bir apartman\u0131n ikinci kat\u0131ndaki dairede meydana geldi. Edinilen bilgiye g\u00f6re, kap\u0131da kan izleri oldu\u011fu ve \u015fahs\u0131n kap\u0131y\u0131 a\u00e7mad\u0131\u011f\u0131 bilgisi \u00fczerine adrese polis ve sa\u011fl\u0131k ekipleri sevk edildi. Eve giren ekipler ikamette kan izlerine rastlarken,\u00a0Ahmet De\u011firmenci&#8217;yi (42) banyoda hareketsiz yatar vaziyette buldu. Sa\u011fl\u0131k ekiplerinin yapt\u0131\u011f\u0131 incelemede \u015fahs\u0131n hayat\u0131n\u0131 kaybetti\u011fi belirlendi.<\/p>\n<h3>KAMERA G\u00d6R\u00dcNT\u00dcLER\u0130 \u0130NCELEND\u0130<\/h3>\n<p>Ba\u015f\u0131nda darp izlerine rastlanan De\u011firmenci&#8217;nin cenazesi, cinayet \u015f\u00fcphesi \u00fczerine \u00f6nce\u00a0Bey\u015fehir Devlet Hastanesi\u00a0morguna, ard\u0131ndan\u00a0Konya\u00a0Adli T\u0131p Kurumuna sevk edildi. Olay yeri inceleme ekipleri evde inceleme yaparken, binan\u0131n g\u00fcvenlik kamera g\u00f6r\u00fcnt\u00fclerini de incelemeye ald\u0131.<\/p>\n<p><img decoding=\"async\" src=\"https:\/\/foto.sondakika.com\/haber\/2025\/02\/19\/kanlar-icinde-olu-bulduk-diye-ihbarda-bulunan-3-18389901_2975_amp.jpg\" alt=\"&quot;Kanlar i\u00e7inde \u00f6l\u00fc bulduk&quot; diye ihbarda bulunan 3 arkada\u015f\u0131 tutukland\u0131\" \/><\/p>\n<h3>BA\u015eINDAN VURULARAK \u00d6LD\u00dcR\u00dcLD\u00dc<\/h3>\n<p>Yap\u0131lan \u00f6n otopsi sonucu ba\u015f\u0131ndan darp edilerek \u00f6ld\u00fcr\u00fcld\u00fc\u011f\u00fc belirlenen 1 k\u0131z babas\u0131 Ahmet De\u011firmenci&#8217;nin e\u015finden bo\u015fanarak ayr\u0131ld\u0131\u011f\u0131 ve bir s\u00fcre \u00f6nce kiralad\u0131\u011f\u0131 yeni adresinde ikamet etmeye ba\u015flad\u0131\u011f\u0131, kahvehane i\u015fletmecili\u011fi yaparken ya\u015fad\u0131\u011f\u0131 ekonomik s\u0131k\u0131nt\u0131lar nedeniyle ortakl\u0131ktan ayr\u0131larak ba\u015fka bir i\u015fletmede garson olarak \u00e7al\u0131\u015fmaya ba\u015flad\u0131\u011f\u0131 \u00f6\u011frenildi.<\/p>\n<h3>3 ARKADA\u015eI TUTUKLANDI<\/h3>\n<p>\u00d6te yandan cinayet olay\u0131na ili\u015fkin g\u00f6zalt\u0131na al\u0131nan R.D., M.E.B. ve A.P., \u0130l\u00e7e Emniyet M\u00fcd\u00fcrl\u00fc\u011f\u00fcndeki i\u015flemlerinin ard\u0131ndan Bey\u015fehir Adliyesine sevk edildi. 3 \u015f\u00fcpheli, \u00e7\u0131kar\u0131ld\u0131klar\u0131 n\u00f6bet\u00e7i sulh ceza hakimli\u011fince tutuklanarak\u00a0Seydi\u015fehir\u00a0Cezaevine g\u00f6nderildi.<\/p>\n<div class=\"haberkaynak\"><strong>Kaynak:\u00a0\u0130HA<\/strong><\/div>\n<div class=\"lnkSeo\"><\/div>\n","protected":false},"excerpt":{"rendered":"<p>Konya&#8217;n\u0131n Bey\u015fehir il\u00e7esinde e\u015finden ayr\u0131 ya\u015fayan 42 ya\u015f\u0131ndaki Ahmet De\u011firmenci , evin banyosunda ba\u015f\u0131na sert bir cisimle vurularak \u00f6ld\u00fcr\u00fclm\u00fc\u015f halde bulundu. De\u011firmenci&#8217;yi &#8220;evde kanlar i\u00e7inde bulduk&#8221; diye ihbar eden ve g\u00fcvenlik kamera kay\u0131tlar\u0131ndan daha \u00f6nce eve girip \u00e7\u0131kt\u0131\u011f\u0131 belirlenen arkada\u015flar\u0131 R.D., M.E.B. ve A.P. &#8216;kasten \u00f6ld\u00fcrme&#8217; su\u00e7undan tutukland\u0131. Olay, d\u00fcn\u00a0M\u00fcft\u00fc\u00a0Mahallesi 41180. Sokak&#8217;taki 4 katl\u0131 bir [&hellip;]<\/p>\n","protected":false},"author":1,"featured_media":2372,"comment_status":"closed","ping_status":"closed","sticky":false,"template":"","format":"standard","meta":{"footnotes":""},"categories":[7,38,117],"tags":[61,273,272,207,260,274,271],"class_list":["post-2371","post","type-post","status-publish","format-standard","has-post-thumbnail","hentry","category-gundem","category-hukuk","category-olay","tag-adlitipkurumu","tag-ahmetdemirci","tag-beysehir","tag-kamera","tag-konya","tag-muftu","tag-seydisehir"],"_links":{"self":[{"href":"https:\/\/avukatimtv.com\/index.php\/wp-json\/wp\/v2\/posts\/2371","targetHints":{"allow":["GET"]}}],"collection":[{"href":"https:\/\/avukatimtv.com\/index.php\/wp-json\/wp\/v2\/posts"}],"about":[{"href":"https:\/\/avukatimtv.com\/index.php\/wp-json\/wp\/v2\/types\/post"}],"author":[{"embeddable":true,"href":"https:\/\/avukatimtv.com\/index.php\/wp-json\/wp\/v2\/users\/1"}],"replies":[{"embeddable":true,"href":"https:\/\/avukatimtv.com\/index.php\/wp-json\/wp\/v2\/comments?post=2371"}],"version-history":[{"count":1,"href":"https:\/\/avukatimtv.com\/index.php\/wp-json\/wp\/v2\/posts\/2371\/revisions"}],"predecessor-version":[{"id":2373,"href":"https:\/\/avukatimtv.com\/index.php\/wp-json\/wp\/v2\/posts\/2371\/revisions\/2373"}],"wp:featuredmedia":[{"embeddable":true,"href":"https:\/\/avukatimtv.com\/index.php\/wp-json\/wp\/v2\/media\/2372"}],"wp:attachment":[{"href":"https:\/\/avukatimtv.com\/index.php\/wp-json\/wp\/v2\/media?parent=2371"}],"wp:term":[{"taxonomy":"category","embeddable":true,"href":"https:\/\/avukatimtv.com\/index.php\/wp-json\/wp\/v2\/categories?post=2371"},{"taxonomy":"post_tag","embeddable":true,"href":"https:\/\/avukatimtv.com\/index.php\/wp-json\/wp\/v2\/tags?post=2371"}],"curies":[{"name":"wp","href":"https:\/\/api.w.org\/{rel}","templated":true}]}}