{"id":2374,"date":"2025-02-20T11:23:34","date_gmt":"2025-02-20T08:23:34","guid":{"rendered":"https:\/\/avukatimtv.com\/?p=2374"},"modified":"2025-02-20T11:23:34","modified_gmt":"2025-02-20T08:23:34","slug":"sanliurfada-26-kg-uyusturucu-ele-gecirildi","status":"publish","type":"post","link":"https:\/\/avukatimtv.com\/index.php\/2025\/02\/20\/sanliurfada-26-kg-uyusturucu-ele-gecirildi\/","title":{"rendered":"\u015eanl\u0131urfa&#8217;da 26 KG Uyu\u015fturucu Ele Ge\u00e7irildi"},"content":{"rendered":"<h2 id=\"spot\" class=\"mt10 haber_ozet\">Uyu\u015fturucu operasyonunda 26 kilogram sentetik uyu\u015fturucu bulundu, bir zanl\u0131 tutukland\u0131.<\/h2>\n<div class=\"wrapper detay-v3_3 haber_metni\">\n<p>\u015eanl\u0131urfa&#8217;da d\u00fczenlenen operasyonda 26 kilogram sentetik uyu\u015fturucu ele ge\u00e7irildi, olayla ilgili yakalanan zanl\u0131 tutukland\u0131.<\/p>\n<p>Vali\u00a0Hasan \u015e\u0131ldak\u00a0sosyal medya hesab\u0131ndan yapt\u0131\u011f\u0131 a\u00e7\u0131klamada, \u015eanl\u0131urfa&#8217;da uyu\u015fturucuya kar\u015f\u0131 seferberlik ruhuyla y\u00fcr\u00fct\u00fclen m\u00fccadelenin devam etti\u011fini belirtti.<\/p>\n<p>\u0130l Emniyet M\u00fcd\u00fcrl\u00fc\u011f\u00fc ekiplerince durdurulan bir ara\u00e7ta yap\u0131lan aramada, 26 kilogram sentetik uyu\u015fturucunun ele ge\u00e7irildi\u011fini belirten Vali \u015e\u0131ldak, operasyonda yakalanan zanl\u0131n\u0131n tutukland\u0131\u011f\u0131n\u0131 duyurdu.<\/p>\n<\/div>\n<div class=\"haberkaynak\"><strong>Kaynak:\u00a0AA<\/strong><\/div>\n<div class=\"hbptDate\"><\/div>\n","protected":false},"excerpt":{"rendered":"<p>Uyu\u015fturucu operasyonunda 26 kilogram sentetik uyu\u015fturucu bulundu, bir zanl\u0131 tutukland\u0131. \u015eanl\u0131urfa&#8217;da d\u00fczenlenen operasyonda 26 kilogram sentetik uyu\u015fturucu ele ge\u00e7irildi, olayla ilgili yakalanan zanl\u0131 tutukland\u0131. Vali\u00a0Hasan \u015e\u0131ldak\u00a0sosyal medya hesab\u0131ndan yapt\u0131\u011f\u0131 a\u00e7\u0131klamada, \u015eanl\u0131urfa&#8217;da uyu\u015fturucuya kar\u015f\u0131 seferberlik ruhuyla y\u00fcr\u00fct\u00fclen m\u00fccadelenin devam etti\u011fini belirtti. \u0130l Emniyet M\u00fcd\u00fcrl\u00fc\u011f\u00fc ekiplerince durdurulan bir ara\u00e7ta yap\u0131lan aramada, 26 kilogram sentetik uyu\u015fturucunun ele ge\u00e7irildi\u011fini [&hellip;]<\/p>\n","protected":false},"author":1,"featured_media":2375,"comment_status":"closed","ping_status":"closed","sticky":false,"template":"","format":"standard","meta":{"footnotes":""},"categories":[39,38],"tags":[47,79,57,275,45,121],"class_list":["post-2374","post","type-post","status-publish","format-standard","has-post-thumbnail","hentry","category-haber","category-hukuk","tag-haber","tag-operasyon","tag-sanliurfa","tag-tutuklandi","tag-uyusturucu","tag-zanli"],"_links":{"self":[{"href":"https:\/\/avukatimtv.com\/index.php\/wp-json\/wp\/v2\/posts\/2374","targetHints":{"allow":["GET"]}}],"collection":[{"href":"https:\/\/avukatimtv.com\/index.php\/wp-json\/wp\/v2\/posts"}],"about":[{"href":"https:\/\/avukatimtv.com\/index.php\/wp-json\/wp\/v2\/types\/post"}],"author":[{"embeddable":true,"href":"https:\/\/avukatimtv.com\/index.php\/wp-json\/wp\/v2\/users\/1"}],"replies":[{"embeddable":true,"href":"https:\/\/avukatimtv.com\/index.php\/wp-json\/wp\/v2\/comments?post=2374"}],"version-history":[{"count":1,"href":"https:\/\/avukatimtv.com\/index.php\/wp-json\/wp\/v2\/posts\/2374\/revisions"}],"predecessor-version":[{"id":2376,"href":"https:\/\/avukatimtv.com\/index.php\/wp-json\/wp\/v2\/posts\/2374\/revisions\/2376"}],"wp:featuredmedia":[{"embeddable":true,"href":"https:\/\/avukatimtv.com\/index.php\/wp-json\/wp\/v2\/media\/2375"}],"wp:attachment":[{"href":"https:\/\/avukatimtv.com\/index.php\/wp-json\/wp\/v2\/media?parent=2374"}],"wp:term":[{"taxonomy":"category","embeddable":true,"href":"https:\/\/avukatimtv.com\/index.php\/wp-json\/wp\/v2\/categories?post=2374"},{"taxonomy":"post_tag","embeddable":true,"href":"https:\/\/avukatimtv.com\/index.php\/wp-json\/wp\/v2\/tags?post=2374"}],"curies":[{"name":"wp","href":"https:\/\/api.w.org\/{rel}","templated":true}]}}