{"id":2381,"date":"2025-02-21T11:20:19","date_gmt":"2025-02-21T08:20:19","guid":{"rendered":"https:\/\/avukatimtv.com\/?p=2381"},"modified":"2025-02-21T11:20:19","modified_gmt":"2025-02-21T08:20:19","slug":"kayseride-evden-hirsizlik-suphelileri-yakalandi","status":"publish","type":"post","link":"https:\/\/avukatimtv.com\/index.php\/2025\/02\/21\/kayseride-evden-hirsizlik-suphelileri-yakalandi\/","title":{"rendered":"Kayseri&#8217;de Evden H\u0131rs\u0131zl\u0131k \u015e\u00fcphelileri Yakaland\u0131"},"content":{"rendered":"<h2 id=\"spot\" class=\"mt10 haber_ozet\">Kayseri&#8217;de yap\u0131lan operasyonda, evden h\u0131rs\u0131zl\u0131k yapan 3 ki\u015fi g\u00f6zalt\u0131na al\u0131nd\u0131.<\/h2>\n<div class=\"hbptDate\">\n<div class=\"wrapper detay-v3_3 haber_metni\">\n<p>Kayseri\u00a0\u0130l Emniyet M\u00fcd\u00fcrl\u00fc\u011f\u00fc\u00a0Asayi\u015f \u015eube M\u00fcd\u00fcrl\u00fc\u011f\u00fc\u00a0ekiplerince yap\u0131lan \u00e7al\u0131\u015fmalarda; evden h\u0131rs\u0131zl\u0131k olaylar\u0131n\u0131 ger\u00e7ekle\u015ftirdi\u011fi tespit edilen 3 ki\u015fi yakaland\u0131.<\/p>\n<p>Edinilen bilgiye g\u00f6re Asayi\u015f \u015eube M\u00fcd\u00fcrl\u00fc\u011f\u00fc\u00a0H\u0131rs\u0131zl\u0131k\u00a0ve Yankesicilik B\u00fcro Amirli\u011fi ekiplerince farkl\u0131 tarihlerde meydana gelen &#8216;Evden H\u0131rs\u0131zl\u0131k&#8217; olaylar\u0131n\u0131n \u015f\u00fcphelilerin yakalanmas\u0131 i\u00e7in \u00e7al\u0131\u015fma yap\u0131ld\u0131. Yap\u0131lan \u00e7al\u0131\u015fmalar neticesinde, \u015f\u00fcpheliler B.D.(25), H.D. (23) ve N.S.T. (23) yakalanarak g\u00f6zalt\u0131na al\u0131nd\u0131. Su\u00e7a konu 3 adet cep telefonu ve kredi kartlar\u0131 ise tam ve eksiksiz olarak sahiplerine teslim edildi.<\/p>\n<div id=\"inpage_desktop\"><\/div>\n<p>Kayseri \u0130l Emniyet M\u00fcd\u00fcrl\u00fc\u011f\u00fc&#8217;nce yap\u0131lan a\u00e7\u0131klamada; &#8220;Halk\u0131m\u0131z\u0131n huzurunu bozmaya \u00e7al\u0131\u015fanlar ile m\u00fccadelemiz aral\u0131ks\u0131z ve kararl\u0131 bir \u015fekilde devam edecektir&#8221; denildi. &#8211; KAYSER\u0130<\/p>\n<\/div>\n<div class=\"haberkaynak\"><strong>Kaynak:\u00a0\u0130HA<\/strong><\/div>\n<\/div>\n","protected":false},"excerpt":{"rendered":"<p>Kayseri&#8217;de yap\u0131lan operasyonda, evden h\u0131rs\u0131zl\u0131k yapan 3 ki\u015fi g\u00f6zalt\u0131na al\u0131nd\u0131. Kayseri\u00a0\u0130l Emniyet M\u00fcd\u00fcrl\u00fc\u011f\u00fc\u00a0Asayi\u015f \u015eube M\u00fcd\u00fcrl\u00fc\u011f\u00fc\u00a0ekiplerince yap\u0131lan \u00e7al\u0131\u015fmalarda; evden h\u0131rs\u0131zl\u0131k olaylar\u0131n\u0131 ger\u00e7ekle\u015ftirdi\u011fi tespit edilen 3 ki\u015fi yakaland\u0131. Edinilen bilgiye g\u00f6re Asayi\u015f \u015eube M\u00fcd\u00fcrl\u00fc\u011f\u00fc\u00a0H\u0131rs\u0131zl\u0131k\u00a0ve Yankesicilik B\u00fcro Amirli\u011fi ekiplerince farkl\u0131 tarihlerde meydana gelen &#8216;Evden H\u0131rs\u0131zl\u0131k&#8217; olaylar\u0131n\u0131n \u015f\u00fcphelilerin yakalanmas\u0131 i\u00e7in \u00e7al\u0131\u015fma yap\u0131ld\u0131. Yap\u0131lan \u00e7al\u0131\u015fmalar neticesinde, \u015f\u00fcpheliler B.D.(25), H.D. (23) [&hellip;]<\/p>\n","protected":false},"author":1,"featured_media":2382,"comment_status":"closed","ping_status":"closed","sticky":false,"template":"","format":"standard","meta":{"footnotes":""},"categories":[185,117],"tags":[201,51,47,204,96,79],"class_list":["post-2381","post","type-post","status-publish","format-standard","has-post-thumbnail","hentry","category-adalet","category-olay","tag-asayissubemudurlugu","tag-gozalti","tag-haber","tag-hirsizlik","tag-kayseri","tag-operasyon"],"_links":{"self":[{"href":"https:\/\/avukatimtv.com\/index.php\/wp-json\/wp\/v2\/posts\/2381","targetHints":{"allow":["GET"]}}],"collection":[{"href":"https:\/\/avukatimtv.com\/index.php\/wp-json\/wp\/v2\/posts"}],"about":[{"href":"https:\/\/avukatimtv.com\/index.php\/wp-json\/wp\/v2\/types\/post"}],"author":[{"embeddable":true,"href":"https:\/\/avukatimtv.com\/index.php\/wp-json\/wp\/v2\/users\/1"}],"replies":[{"embeddable":true,"href":"https:\/\/avukatimtv.com\/index.php\/wp-json\/wp\/v2\/comments?post=2381"}],"version-history":[{"count":1,"href":"https:\/\/avukatimtv.com\/index.php\/wp-json\/wp\/v2\/posts\/2381\/revisions"}],"predecessor-version":[{"id":2383,"href":"https:\/\/avukatimtv.com\/index.php\/wp-json\/wp\/v2\/posts\/2381\/revisions\/2383"}],"wp:featuredmedia":[{"embeddable":true,"href":"https:\/\/avukatimtv.com\/index.php\/wp-json\/wp\/v2\/media\/2382"}],"wp:attachment":[{"href":"https:\/\/avukatimtv.com\/index.php\/wp-json\/wp\/v2\/media?parent=2381"}],"wp:term":[{"taxonomy":"category","embeddable":true,"href":"https:\/\/avukatimtv.com\/index.php\/wp-json\/wp\/v2\/categories?post=2381"},{"taxonomy":"post_tag","embeddable":true,"href":"https:\/\/avukatimtv.com\/index.php\/wp-json\/wp\/v2\/tags?post=2381"}],"curies":[{"name":"wp","href":"https:\/\/api.w.org\/{rel}","templated":true}]}}