{"id":2384,"date":"2025-02-21T12:00:01","date_gmt":"2025-02-21T09:00:01","guid":{"rendered":"https:\/\/avukatimtv.com\/?p=2384"},"modified":"2025-02-21T12:00:01","modified_gmt":"2025-02-21T09:00:01","slug":"buyuksehirlerde-yapilan-denetimlerde-144-duzensiz-gocmen-yakalandi","status":"publish","type":"post","link":"https:\/\/avukatimtv.com\/index.php\/2025\/02\/21\/buyuksehirlerde-yapilan-denetimlerde-144-duzensiz-gocmen-yakalandi\/","title":{"rendered":"B\u00fcy\u00fck\u015fehirlerde yap\u0131lan denetimlerde 144 d\u00fczensiz g\u00f6\u00e7men yakaland\u0131"},"content":{"rendered":"<h4>\u0130\u00e7i\u015fleri Bakan\u0131 Ali Yerlikaya, 27 b\u00fcy\u00fck\u015fehirde e\u015f zamanl\u0131 d\u00fczenlenen denetimlerde, 144 d\u00fczensiz g\u00f6\u00e7menin yakaland\u0131\u011f\u0131n\u0131 bildirdi.<\/h4>\n<h6><\/h6>\n<h6><img decoding=\"async\" src=\"https:\/\/cdnuploads.aa.com.tr\/uploads\/Contents\/2025\/02\/21\/thumbs_b_c_c3e8c989c5c2bd4bbfb4173cdbb3d8d3.jpg\" alt=\"B\u00fcy\u00fck\u015fehirlerde yap\u0131lan denetimlerde 144 d\u00fczensiz g\u00f6\u00e7men yakaland\u0131\" \/><\/h6>\n<h6>Ankara<\/h6>\n<div>\n<p class=\"selectionShareable\">Yerlikaya, sosyal medya hesab\u0131ndan yapt\u0131\u011f\u0131 payla\u015f\u0131mda, b\u00fcy\u00fck\u015fehirlerde e\u015f zamanl\u0131 d\u00fczenlenen denetimlerde 96 mobil g\u00f6\u00e7 noktas\u0131 arac\u0131yla 8 bin 322 ki\u015fiye kimlik kontrol\u00fc yap\u0131ld\u0131\u011f\u0131n\u0131 kaydetti.<\/p>\n<p class=\"selectionShareable\">Tespit edilen 144 d\u00fczensiz g\u00f6\u00e7menin geri g\u00f6nderme merkezlerine sevk edildi\u011fini aktaran Yerlikaya, denetimlere kat\u0131lan ekipleri tebrik etti.<\/p>\n<p><strong>KAYNAK : AA<\/strong><\/p>\n<\/div>\n","protected":false},"excerpt":{"rendered":"<p>\u0130\u00e7i\u015fleri Bakan\u0131 Ali Yerlikaya, 27 b\u00fcy\u00fck\u015fehirde e\u015f zamanl\u0131 d\u00fczenlenen denetimlerde, 144 d\u00fczensiz g\u00f6\u00e7menin yakaland\u0131\u011f\u0131n\u0131 bildirdi. Ankara Yerlikaya, sosyal medya hesab\u0131ndan yapt\u0131\u011f\u0131 payla\u015f\u0131mda, b\u00fcy\u00fck\u015fehirlerde e\u015f zamanl\u0131 d\u00fczenlenen denetimlerde 96 mobil g\u00f6\u00e7 noktas\u0131 arac\u0131yla 8 bin 322 ki\u015fiye kimlik kontrol\u00fc yap\u0131ld\u0131\u011f\u0131n\u0131 kaydetti. Tespit edilen 144 d\u00fczensiz g\u00f6\u00e7menin geri g\u00f6nderme merkezlerine sevk edildi\u011fini aktaran Yerlikaya, denetimlere kat\u0131lan ekipleri [&hellip;]<\/p>\n","protected":false},"author":1,"featured_media":2385,"comment_status":"closed","ping_status":"closed","sticky":false,"template":"","format":"standard","meta":{"footnotes":""},"categories":[7],"tags":[248,279,278,280],"class_list":["post-2384","post","type-post","status-publish","format-standard","has-post-thumbnail","hentry","category-gundem","tag-bakanyerlikaya","tag-duzensiz","tag-gocmen","tag-kontrol"],"_links":{"self":[{"href":"https:\/\/avukatimtv.com\/index.php\/wp-json\/wp\/v2\/posts\/2384","targetHints":{"allow":["GET"]}}],"collection":[{"href":"https:\/\/avukatimtv.com\/index.php\/wp-json\/wp\/v2\/posts"}],"about":[{"href":"https:\/\/avukatimtv.com\/index.php\/wp-json\/wp\/v2\/types\/post"}],"author":[{"embeddable":true,"href":"https:\/\/avukatimtv.com\/index.php\/wp-json\/wp\/v2\/users\/1"}],"replies":[{"embeddable":true,"href":"https:\/\/avukatimtv.com\/index.php\/wp-json\/wp\/v2\/comments?post=2384"}],"version-history":[{"count":1,"href":"https:\/\/avukatimtv.com\/index.php\/wp-json\/wp\/v2\/posts\/2384\/revisions"}],"predecessor-version":[{"id":2386,"href":"https:\/\/avukatimtv.com\/index.php\/wp-json\/wp\/v2\/posts\/2384\/revisions\/2386"}],"wp:featuredmedia":[{"embeddable":true,"href":"https:\/\/avukatimtv.com\/index.php\/wp-json\/wp\/v2\/media\/2385"}],"wp:attachment":[{"href":"https:\/\/avukatimtv.com\/index.php\/wp-json\/wp\/v2\/media?parent=2384"}],"wp:term":[{"taxonomy":"category","embeddable":true,"href":"https:\/\/avukatimtv.com\/index.php\/wp-json\/wp\/v2\/categories?post=2384"},{"taxonomy":"post_tag","embeddable":true,"href":"https:\/\/avukatimtv.com\/index.php\/wp-json\/wp\/v2\/tags?post=2384"}],"curies":[{"name":"wp","href":"https:\/\/api.w.org\/{rel}","templated":true}]}}