{"id":2387,"date":"2025-02-24T11:13:20","date_gmt":"2025-02-24T08:13:20","guid":{"rendered":"https:\/\/avukatimtv.com\/?p=2387"},"modified":"2025-02-24T11:13:20","modified_gmt":"2025-02-24T08:13:20","slug":"istanbulda-deas-operasyonu-59-gozalti","status":"publish","type":"post","link":"https:\/\/avukatimtv.com\/index.php\/2025\/02\/24\/istanbulda-deas-operasyonu-59-gozalti\/","title":{"rendered":"\u0130stanbul\u2019da DEA\u015e operasyonu: 59 g\u00f6zalt\u0131"},"content":{"rendered":"<h2 id=\"content\" class=\"content font-normal text-gray-700 text-xl lg:text-2xl leading-6 mb-8 mt-8 block \">\u0130stanbul\u2019da DEA\u015e silahl\u0131 ter\u00f6r \u00f6rg\u00fct\u00fcne para toplanmas\u0131na ili\u015fkin 68 adreste yap\u0131lan operasyonda 59 \u015f\u00fcpheli g\u00f6zalt\u0131na al\u0131nd\u0131.<\/h2>\n<div id=\"content\" class=\"content news-detail__content font-normal text-gray-45 text-base font-setting\">\n<p>\u0130stanbul Cumhuriyet Ba\u015fsavc\u0131l\u0131\u011f\u0131 taraf\u0131ndan DEA\u015e silahl\u0131 ter\u00f6r \u00f6rg\u00fct\u00fcn\u00fcn faaliyetlerinin de\u015fifre edilmesine y\u00f6nelik y\u00fcr\u00fct\u00fclen soru\u015fturma kapsam\u0131nda, Zeynal P. adl\u0131 \u015f\u00fcphelinin sorumlulu\u011funda olan bir derginin yasa d\u0131\u015f\u0131 toplant\u0131lar, dersler, sohbetler d\u00fczenlendi\u011fi tespit edildi. Para topland\u0131\u011f\u0131, \u00e7at\u0131\u015fma b\u00f6lgelerindeki kamplarda bulunan \u00f6rg\u00fct \u00fcyelerinin yasa d\u0131\u015f\u0131 olarak T\u00fcrkiye\u2019ye getirme aray\u0131\u015f\u0131nda olundu\u011fu ve sosyal medya platformlar\u0131 \u00fczerinden propaganda faaliyetleri y\u00fcr\u00fct\u00fcld\u00fc\u011f\u00fc de belirlendi. Konuya ili\u015fkin y\u00fcr\u00fct\u00fclen soru\u015fturma kapsam\u0131nda toplam 68 adreste 63 \u015f\u00fcpheliye y\u00f6nelik operasyon d\u00fczenlendi. D\u00fczenlenen operasyon sonucu 59 \u015f\u00fcpheli yakalanarak g\u00f6zalt\u0131na al\u0131nd\u0131. Di\u011fer \u015f\u00fcphelilerin yakalanmas\u0131na y\u00f6nelik \u00e7al\u0131\u015fmalar\u0131n s\u00fcrd\u00fc\u011f\u00fc \u00f6\u011frenilirken, elde edilen 1 adet ruhsats\u0131z tabanca, 1 adet t\u00fcfek ile birlikte \u00e7ok say\u0131da dijital materyale, \u00f6rg\u00fctsel dok\u00fcmanlara ve yasakl\u0131 yay\u0131nlara el konuldu.<\/p>\n<p><strong>KAYNAK : \u0130HA<\/strong><\/p>\n<\/div>\n","protected":false},"excerpt":{"rendered":"<p>\u0130stanbul\u2019da DEA\u015e silahl\u0131 ter\u00f6r \u00f6rg\u00fct\u00fcne para toplanmas\u0131na ili\u015fkin 68 adreste yap\u0131lan operasyonda 59 \u015f\u00fcpheli g\u00f6zalt\u0131na al\u0131nd\u0131. \u0130stanbul Cumhuriyet Ba\u015fsavc\u0131l\u0131\u011f\u0131 taraf\u0131ndan DEA\u015e silahl\u0131 ter\u00f6r \u00f6rg\u00fct\u00fcn\u00fcn faaliyetlerinin de\u015fifre edilmesine y\u00f6nelik y\u00fcr\u00fct\u00fclen soru\u015fturma kapsam\u0131nda, Zeynal P. adl\u0131 \u015f\u00fcphelinin sorumlulu\u011funda olan bir derginin yasa d\u0131\u015f\u0131 toplant\u0131lar, dersler, sohbetler d\u00fczenlendi\u011fi tespit edildi. Para topland\u0131\u011f\u0131, \u00e7at\u0131\u015fma b\u00f6lgelerindeki kamplarda bulunan \u00f6rg\u00fct \u00fcyelerinin [&hellip;]<\/p>\n","protected":false},"author":1,"featured_media":2388,"comment_status":"closed","ping_status":"closed","sticky":false,"template":"","format":"standard","meta":{"footnotes":""},"categories":[7,39],"tags":[281,51,69,52,79,252,139,72,78],"class_list":["post-2387","post","type-post","status-publish","format-standard","has-post-thumbnail","hentry","category-gundem","category-haber","tag-deas","tag-gozalti","tag-istanbul","tag-olay","tag-operasyon","tag-para","tag-silah","tag-supheli","tag-teror"],"_links":{"self":[{"href":"https:\/\/avukatimtv.com\/index.php\/wp-json\/wp\/v2\/posts\/2387","targetHints":{"allow":["GET"]}}],"collection":[{"href":"https:\/\/avukatimtv.com\/index.php\/wp-json\/wp\/v2\/posts"}],"about":[{"href":"https:\/\/avukatimtv.com\/index.php\/wp-json\/wp\/v2\/types\/post"}],"author":[{"embeddable":true,"href":"https:\/\/avukatimtv.com\/index.php\/wp-json\/wp\/v2\/users\/1"}],"replies":[{"embeddable":true,"href":"https:\/\/avukatimtv.com\/index.php\/wp-json\/wp\/v2\/comments?post=2387"}],"version-history":[{"count":1,"href":"https:\/\/avukatimtv.com\/index.php\/wp-json\/wp\/v2\/posts\/2387\/revisions"}],"predecessor-version":[{"id":2389,"href":"https:\/\/avukatimtv.com\/index.php\/wp-json\/wp\/v2\/posts\/2387\/revisions\/2389"}],"wp:featuredmedia":[{"embeddable":true,"href":"https:\/\/avukatimtv.com\/index.php\/wp-json\/wp\/v2\/media\/2388"}],"wp:attachment":[{"href":"https:\/\/avukatimtv.com\/index.php\/wp-json\/wp\/v2\/media?parent=2387"}],"wp:term":[{"taxonomy":"category","embeddable":true,"href":"https:\/\/avukatimtv.com\/index.php\/wp-json\/wp\/v2\/categories?post=2387"},{"taxonomy":"post_tag","embeddable":true,"href":"https:\/\/avukatimtv.com\/index.php\/wp-json\/wp\/v2\/tags?post=2387"}],"curies":[{"name":"wp","href":"https:\/\/api.w.org\/{rel}","templated":true}]}}