{"id":2390,"date":"2025-02-24T11:51:09","date_gmt":"2025-02-24T08:51:09","guid":{"rendered":"https:\/\/avukatimtv.com\/?p=2390"},"modified":"2025-02-24T11:51:09","modified_gmt":"2025-02-24T08:51:09","slug":"ankarada-sahte-ickiden-can-kaybi-65e-yukseldi","status":"publish","type":"post","link":"https:\/\/avukatimtv.com\/index.php\/2025\/02\/24\/ankarada-sahte-ickiden-can-kaybi-65e-yukseldi\/","title":{"rendered":"Ankara&#8217;da sahte i\u00e7kiden can kayb\u0131 65&#8217;e y\u00fckseldi"},"content":{"rendered":"<h2 class=\"news-spot\">Ankara&#8217;da sahte i\u00e7ki sebebiyle 65 ki\u015finin hayat\u0131n\u0131 kaybetti\u011fi, olayla ilgili devam eden soru\u015fturmada ise 32 ki\u015finin tutukland\u0131\u011f\u0131 belirtildi.<\/h2>\n<p><img decoding=\"async\" src=\"https:\/\/trthaberstatic.cdn.wp.trt.com.tr\/resimler\/2234000\/sahte-icki-hatay-aa-2235902.jpg\" alt=\"Ankara'da sahte i\u00e7kiden can kayb\u0131 65'e y\u00fckseldi\" \/><\/p>\n<p>Sahte i\u00e7ki kullan\u0131m\u0131na ba\u011fl\u0131 \u00f6l\u00fcmler art\u0131yor. Ankara&#8217;da 2 ki\u015fi daha sahte i\u00e7ki nedeniyle hayat\u0131n\u0131 kaybetti. Ya\u015fam\u0131n\u0131 yitirenlerin say\u0131s\u0131 65&#8217;e y\u00fckseldi.<\/p>\n<p>Ankara\u00a0Cumhuriyet Ba\u015fsavc\u0131l\u0131\u011f\u0131&#8217;n\u0131n ba\u015flatt\u0131\u011f\u0131 soru\u015fturmalar kapsam\u0131nda sahte i\u00e7ki \u00fcretenlerin yakalanmas\u0131na ili\u015fkin \u00e7al\u0131\u015fmalar da devam ediyor.<\/p>\n<p>Bu kapsamda 32 ki\u015fi tutukland\u0131.<\/p>\n<p><strong>KAYNAK : TRT<\/strong><\/p>\n","protected":false},"excerpt":{"rendered":"<p>Ankara&#8217;da sahte i\u00e7ki sebebiyle 65 ki\u015finin hayat\u0131n\u0131 kaybetti\u011fi, olayla ilgili devam eden soru\u015fturmada ise 32 ki\u015finin tutukland\u0131\u011f\u0131 belirtildi. Sahte i\u00e7ki kullan\u0131m\u0131na ba\u011fl\u0131 \u00f6l\u00fcmler art\u0131yor. Ankara&#8217;da 2 ki\u015fi daha sahte i\u00e7ki nedeniyle hayat\u0131n\u0131 kaybetti. Ya\u015fam\u0131n\u0131 yitirenlerin say\u0131s\u0131 65&#8217;e y\u00fckseldi. Ankara\u00a0Cumhuriyet Ba\u015fsavc\u0131l\u0131\u011f\u0131&#8217;n\u0131n ba\u015flatt\u0131\u011f\u0131 soru\u015fturmalar kapsam\u0131nda sahte i\u00e7ki \u00fcretenlerin yakalanmas\u0131na ili\u015fkin \u00e7al\u0131\u015fmalar da devam ediyor. Bu kapsamda 32 [&hellip;]<\/p>\n","protected":false},"author":1,"featured_media":2391,"comment_status":"closed","ping_status":"closed","sticky":false,"template":"","format":"standard","meta":{"footnotes":""},"categories":[7,247],"tags":[261,283,282,67,116],"class_list":["post-2390","post","type-post","status-publish","format-standard","has-post-thumbnail","hentry","category-gundem","category-operasyon","tag-ankara","tag-cankaybi","tag-sahteicki","tag-sorusturma","tag-tutuklama"],"_links":{"self":[{"href":"https:\/\/avukatimtv.com\/index.php\/wp-json\/wp\/v2\/posts\/2390","targetHints":{"allow":["GET"]}}],"collection":[{"href":"https:\/\/avukatimtv.com\/index.php\/wp-json\/wp\/v2\/posts"}],"about":[{"href":"https:\/\/avukatimtv.com\/index.php\/wp-json\/wp\/v2\/types\/post"}],"author":[{"embeddable":true,"href":"https:\/\/avukatimtv.com\/index.php\/wp-json\/wp\/v2\/users\/1"}],"replies":[{"embeddable":true,"href":"https:\/\/avukatimtv.com\/index.php\/wp-json\/wp\/v2\/comments?post=2390"}],"version-history":[{"count":1,"href":"https:\/\/avukatimtv.com\/index.php\/wp-json\/wp\/v2\/posts\/2390\/revisions"}],"predecessor-version":[{"id":2392,"href":"https:\/\/avukatimtv.com\/index.php\/wp-json\/wp\/v2\/posts\/2390\/revisions\/2392"}],"wp:featuredmedia":[{"embeddable":true,"href":"https:\/\/avukatimtv.com\/index.php\/wp-json\/wp\/v2\/media\/2391"}],"wp:attachment":[{"href":"https:\/\/avukatimtv.com\/index.php\/wp-json\/wp\/v2\/media?parent=2390"}],"wp:term":[{"taxonomy":"category","embeddable":true,"href":"https:\/\/avukatimtv.com\/index.php\/wp-json\/wp\/v2\/categories?post=2390"},{"taxonomy":"post_tag","embeddable":true,"href":"https:\/\/avukatimtv.com\/index.php\/wp-json\/wp\/v2\/tags?post=2390"}],"curies":[{"name":"wp","href":"https:\/\/api.w.org\/{rel}","templated":true}]}}