{"id":2393,"date":"2025-02-25T11:39:13","date_gmt":"2025-02-25T08:39:13","guid":{"rendered":"https:\/\/avukatimtv.com\/?p=2393"},"modified":"2025-02-25T11:39:13","modified_gmt":"2025-02-25T08:39:13","slug":"saglik-kabinine-silahli-saldiri-yapip-1-milyon-tl-harac-istediler","status":"publish","type":"post","link":"https:\/\/avukatimtv.com\/index.php\/2025\/02\/25\/saglik-kabinine-silahli-saldiri-yapip-1-milyon-tl-harac-istediler\/","title":{"rendered":"Sa\u011fl\u0131k kabinine silahl\u0131 sald\u0131r\u0131 yap\u0131p 1 milyon TL hara\u00e7 istediler"},"content":{"rendered":"<h2 id=\"content\" class=\"content font-normal text-gray-700 text-xl lg:text-2xl leading-6 mb-8 mt-8 block \">Adana\u2019da sa\u011fl\u0131k kabinine silahl\u0131 sald\u0131r\u0131 yap\u0131p ard\u0131ndan telefonla aray\u0131p, &#8220;Bu daha ba\u015flang\u0131\u00e7t\u0131, 1 milyon TL ceza kestik&#8221; diyerek hara\u00e7 isteyen 3 ki\u015fi gasp polisleri taraf\u0131ndan yakaland\u0131. Yakalanan \u015f\u00fcpheliler \u00e7\u0131kar\u0131ld\u0131\u011f\u0131 mahkemece tutukland\u0131.<\/h2>\n<div id=\"content\" class=\"content news-detail__content font-normal text-gray-45 text-base font-setting\">\n<p>Olay, 18 \u015eubat g\u00fcn\u00fc Sar\u0131\u00e7am il\u00e7esine ba\u011fl\u0131 G\u00fcltepe Mahallesi\u2019ndeki sa\u011fl\u0131k kabininde meydana geldi. \u0130ddiaya g\u00f6re, Yusuf S. (20) ve Cumali K. (21), Yakup Y.\u2019ye (38) ait sa\u011fl\u0131k kabinine geldi. Motosikletten inen Cumali K., tabanca ile 13 el sa\u011fl\u0131k kabinine ate\u015f a\u00e7t\u0131. Ard\u0131ndan ise Cumali K., Yusuf S.\u2019nin kulland\u0131\u011f\u0131 motosiklete binerek ka\u00e7t\u0131. Olay anbean g\u00fcvenlik kameras\u0131na yans\u0131d\u0131. \u015e\u00fcpheliler daha sonra Yakup Y.\u2019yi aray\u0131p, &#8220;Bu daha ba\u015flang\u0131\u00e7t\u0131, 1 milyon TL ceza kestik. Paray\u0131 vermezsen daha k\u00f6t\u00fcleri olur&#8221; dedi\u011fi \u00f6ne s\u00fcr\u00fcld\u00fc. \u0130\u015fyeri sahibi Yakup Y.\u2019nin ihbar\u0131 \u00fczerine b\u00f6lgeye Asayi\u015f \u015eube M\u00fcd\u00fcrl\u00fc\u011f\u00fcne ba\u011fl\u0131 Gasp B\u00fcro Amirli\u011fi ekipleri sevk edildi. Gasp polisleri olay\u0131 derinlemesine ara\u015ft\u0131rd\u0131\u011f\u0131nda Abdulbaki A.\u2019\u0131n (29) olay\u0131 azmettiricisi oldu\u011funu belirledi.<\/p>\n<p>\u015e\u00fcphelilerin sakland\u0131klar\u0131 yeri tespit eden gasp polisleri operasyon d\u00fczenledi. Sar\u0131\u00e7am il\u00e7esine ba\u011fl\u0131 Balcal\u0131 Mahallesi\u2019nde Abdulbaki A., G\u00fcltepe Mahallesi\u2019nde ise Yusuf ., Cumali K. ve yanlar\u0131ndaki arkada\u015f\u0131 Aziz \u015e. (23) yakaland\u0131. G\u00fcltepe mahallesindeki ikamette ise olayda kullan\u0131ld\u0131\u011f\u0131 de\u011ferlendirilen tabanca ele ge\u00e7irildi. Emniyette sorguya al\u0131nan Cumali K. ve Yusuf S., &#8220;Abdulbaki A.\u2019in kendilerine sa\u011fl\u0131k kabinine s\u0131k\u0131n, para isteyece\u011fiz. Bunun \u00fczerine olay\u0131 ger\u00e7ekle\u015ftirdik&#8221; dedikleri \u00f6ne s\u00fcr\u00fcld\u00fc. Abdulbaki A. ise, &#8220;Neden s\u0131kt\u0131lar bilmiyorum. Ama s\u0131kan ki\u015fileri tan\u0131yorum. Benim olayla alakam yok&#8221; savunmas\u0131 yapt\u0131.<\/p>\n<p><strong>KAYNAK : \u0130HA<\/strong><\/p>\n<\/div>\n","protected":false},"excerpt":{"rendered":"<p>Adana\u2019da sa\u011fl\u0131k kabinine silahl\u0131 sald\u0131r\u0131 yap\u0131p ard\u0131ndan telefonla aray\u0131p, &#8220;Bu daha ba\u015flang\u0131\u00e7t\u0131, 1 milyon TL ceza kestik&#8221; diyerek hara\u00e7 isteyen 3 ki\u015fi gasp polisleri taraf\u0131ndan yakaland\u0131. Yakalanan \u015f\u00fcpheliler \u00e7\u0131kar\u0131ld\u0131\u011f\u0131 mahkemece tutukland\u0131. Olay, 18 \u015eubat g\u00fcn\u00fc Sar\u0131\u00e7am il\u00e7esine ba\u011fl\u0131 G\u00fcltepe Mahallesi\u2019ndeki sa\u011fl\u0131k kabininde meydana geldi. \u0130ddiaya g\u00f6re, Yusuf S. (20) ve Cumali K. (21), Yakup Y.\u2019ye [&hellip;]<\/p>\n","protected":false},"author":1,"featured_media":2394,"comment_status":"closed","ping_status":"closed","sticky":false,"template":"","format":"standard","meta":{"footnotes":""},"categories":[7,117],"tags":[128,188,284,285,52,49,139],"class_list":["post-2393","post","type-post","status-publish","format-standard","has-post-thumbnail","hentry","category-gundem","category-olay","tag-adana","tag-ceza","tag-gasp","tag-harac","tag-olay","tag-polis","tag-silah"],"_links":{"self":[{"href":"https:\/\/avukatimtv.com\/index.php\/wp-json\/wp\/v2\/posts\/2393","targetHints":{"allow":["GET"]}}],"collection":[{"href":"https:\/\/avukatimtv.com\/index.php\/wp-json\/wp\/v2\/posts"}],"about":[{"href":"https:\/\/avukatimtv.com\/index.php\/wp-json\/wp\/v2\/types\/post"}],"author":[{"embeddable":true,"href":"https:\/\/avukatimtv.com\/index.php\/wp-json\/wp\/v2\/users\/1"}],"replies":[{"embeddable":true,"href":"https:\/\/avukatimtv.com\/index.php\/wp-json\/wp\/v2\/comments?post=2393"}],"version-history":[{"count":1,"href":"https:\/\/avukatimtv.com\/index.php\/wp-json\/wp\/v2\/posts\/2393\/revisions"}],"predecessor-version":[{"id":2395,"href":"https:\/\/avukatimtv.com\/index.php\/wp-json\/wp\/v2\/posts\/2393\/revisions\/2395"}],"wp:featuredmedia":[{"embeddable":true,"href":"https:\/\/avukatimtv.com\/index.php\/wp-json\/wp\/v2\/media\/2394"}],"wp:attachment":[{"href":"https:\/\/avukatimtv.com\/index.php\/wp-json\/wp\/v2\/media?parent=2393"}],"wp:term":[{"taxonomy":"category","embeddable":true,"href":"https:\/\/avukatimtv.com\/index.php\/wp-json\/wp\/v2\/categories?post=2393"},{"taxonomy":"post_tag","embeddable":true,"href":"https:\/\/avukatimtv.com\/index.php\/wp-json\/wp\/v2\/tags?post=2393"}],"curies":[{"name":"wp","href":"https:\/\/api.w.org\/{rel}","templated":true}]}}