{"id":2396,"date":"2025-02-25T12:03:58","date_gmt":"2025-02-25T09:03:58","guid":{"rendered":"https:\/\/avukatimtv.com\/?p=2396"},"modified":"2025-02-25T12:03:58","modified_gmt":"2025-02-25T09:03:58","slug":"mit-reyhanli-saldirisinin-faili-teroristi-sinir-otesi-operasyonla-yakaladi","status":"publish","type":"post","link":"https:\/\/avukatimtv.com\/index.php\/2025\/02\/25\/mit-reyhanli-saldirisinin-faili-teroristi-sinir-otesi-operasyonla-yakaladi\/","title":{"rendered":"M\u0130T, Reyhanl\u0131 sald\u0131r\u0131s\u0131n\u0131n faili ter\u00f6risti s\u0131n\u0131r \u00f6tesi operasyonla yakalad\u0131"},"content":{"rendered":"<h2 class=\"news-spot\">Milli \u0130stihbarat Te\u015fkilat\u0131, Reyhanl\u0131\u2019da 2013 y\u0131l\u0131nda 53 ki\u015finin hayat\u0131n\u0131 kaybetti\u011fi ter\u00f6r sald\u0131r\u0131s\u0131n\u0131n faillerinden Temir D\u00fckanc\u0131&#8217;y\u0131 Suriye\u2019den L\u00fcbnan\u2019a ka\u00e7mak \u00fczereyken yakalad\u0131.<\/h2>\n<p>Milli \u0130stihbarat Te\u015fkilat\u0131 (M\u0130T), 2013 y\u0131l\u0131nda Reyhanl\u0131\u2019da hayat\u0131n\u0131 kaybeden 53 ki\u015finin kan\u0131n\u0131 yerde b\u0131rakmad\u0131.<\/p>\n<p>M\u0130T, Reyhanl\u0131 sald\u0131r\u0131s\u0131n\u0131n faili olan ayn\u0131 zamanda Suriye istihbarat\u0131na angaje Temir D\u00fckanc\u0131&#8217;n\u0131n Reyhanl\u0131 patlamalar\u0131nda kullan\u0131lan patlay\u0131c\u0131lar\u0131n deniz yoluyla T\u00fcrkiye\u2019ye ge\u00e7irilmesine yard\u0131m etti\u011fini ve patlay\u0131c\u0131lar\u0131 ta\u015f\u0131yacak ara\u00e7lar\u0131 temin etti\u011fini belirledi.<\/p>\n<p>Faaliyetleri M\u0130T taraf\u0131ndan ad\u0131m ad\u0131m takip edilen D\u00fckanc\u0131&#8217;n\u0131n, Suriye\u2019de son d\u00f6nemde ya\u015fanan geli\u015fmeler neticesinde L\u00fcbnan\u2019a ka\u00e7may\u0131 planlad\u0131\u011f\u0131 \u00f6\u011frenildi.<\/p>\n<h2>Yurt d\u0131\u015f\u0131ndaki temsilciliklere eylem planlad\u0131\u011f\u0131 tespit edildi<\/h2>\n<p>D\u00fckanc\u0131&#8217;n\u0131n burada toplayaca\u011f\u0131 \u00f6rg\u00fct mensuplar\u0131yla T\u00fcrkiye\u2019nin yurt d\u0131\u015f\u0131ndaki temsilciliklerine y\u00f6nelik eylem yapmay\u0131 planlad\u0131\u011f\u0131, bu nedenle sahte pasaport aray\u0131\u015f\u0131nda oldu\u011fu tespit edildi.<\/p>\n<p>Ter\u00f6rden arananlar listesinde &#8220;turuncu kategori&#8221;de yer alan D\u00fckanc\u0131&#8217;n\u0131n tam yerinin belirlenmesi \u00fczerine harekete ge\u00e7ildi.<\/p>\n<p>Ter\u00f6rist, M\u0130T\u2019in Suriye-L\u00fcbnan s\u0131n\u0131r\u0131nda d\u00fczenledi\u011fi s\u0131n\u0131r \u00f6tesi operasyon ile yakalanarak T\u00fcrkiye\u2019ye getirildi. Suriye\u2019den L\u00fcbnan\u2019a ka\u00e7mak \u00fczereyken yakalanan D\u00fckanc\u0131, Hatay \u0130l Emniyet M\u00fcd\u00fcrl\u00fc\u011f\u00fc\u2019ne teslim edildi.<\/p>\n<p>M\u0130T, sald\u0131r\u0131n\u0131n faillerinden Yusuf Nazik&#8217;i 2018\u2019de, Muhammed Dib Koral\u0131&#8217;y\u0131 da Ocak 2025\u2019te Suriye\u2019de yakalayarak T\u00fcrkiye\u2019ye getirmi\u015fti.<\/p>\n<p><strong>KAYNAK : TRT<\/strong><\/p>\n","protected":false},"excerpt":{"rendered":"<p>Milli \u0130stihbarat Te\u015fkilat\u0131, Reyhanl\u0131\u2019da 2013 y\u0131l\u0131nda 53 ki\u015finin hayat\u0131n\u0131 kaybetti\u011fi ter\u00f6r sald\u0131r\u0131s\u0131n\u0131n faillerinden Temir D\u00fckanc\u0131&#8217;y\u0131 Suriye\u2019den L\u00fcbnan\u2019a ka\u00e7mak \u00fczereyken yakalad\u0131. Milli \u0130stihbarat Te\u015fkilat\u0131 (M\u0130T), 2013 y\u0131l\u0131nda Reyhanl\u0131\u2019da hayat\u0131n\u0131 kaybeden 53 ki\u015finin kan\u0131n\u0131 yerde b\u0131rakmad\u0131. M\u0130T, Reyhanl\u0131 sald\u0131r\u0131s\u0131n\u0131n faili olan ayn\u0131 zamanda Suriye istihbarat\u0131na angaje Temir D\u00fckanc\u0131&#8217;n\u0131n Reyhanl\u0131 patlamalar\u0131nda kullan\u0131lan patlay\u0131c\u0131lar\u0131n deniz yoluyla T\u00fcrkiye\u2019ye ge\u00e7irilmesine yard\u0131m [&hellip;]<\/p>\n","protected":false},"author":1,"featured_media":2397,"comment_status":"closed","ping_status":"closed","sticky":false,"template":"","format":"standard","meta":{"footnotes":""},"categories":[7,38],"tags":[287,288,50,78,286],"class_list":["post-2396","post","type-post","status-publish","format-standard","has-post-thumbnail","hentry","category-gundem","category-hukuk","tag-hatayilemniyetmudurlugu","tag-mit","tag-saldiri","tag-teror","tag-teskilat"],"_links":{"self":[{"href":"https:\/\/avukatimtv.com\/index.php\/wp-json\/wp\/v2\/posts\/2396","targetHints":{"allow":["GET"]}}],"collection":[{"href":"https:\/\/avukatimtv.com\/index.php\/wp-json\/wp\/v2\/posts"}],"about":[{"href":"https:\/\/avukatimtv.com\/index.php\/wp-json\/wp\/v2\/types\/post"}],"author":[{"embeddable":true,"href":"https:\/\/avukatimtv.com\/index.php\/wp-json\/wp\/v2\/users\/1"}],"replies":[{"embeddable":true,"href":"https:\/\/avukatimtv.com\/index.php\/wp-json\/wp\/v2\/comments?post=2396"}],"version-history":[{"count":1,"href":"https:\/\/avukatimtv.com\/index.php\/wp-json\/wp\/v2\/posts\/2396\/revisions"}],"predecessor-version":[{"id":2398,"href":"https:\/\/avukatimtv.com\/index.php\/wp-json\/wp\/v2\/posts\/2396\/revisions\/2398"}],"wp:featuredmedia":[{"embeddable":true,"href":"https:\/\/avukatimtv.com\/index.php\/wp-json\/wp\/v2\/media\/2397"}],"wp:attachment":[{"href":"https:\/\/avukatimtv.com\/index.php\/wp-json\/wp\/v2\/media?parent=2396"}],"wp:term":[{"taxonomy":"category","embeddable":true,"href":"https:\/\/avukatimtv.com\/index.php\/wp-json\/wp\/v2\/categories?post=2396"},{"taxonomy":"post_tag","embeddable":true,"href":"https:\/\/avukatimtv.com\/index.php\/wp-json\/wp\/v2\/tags?post=2396"}],"curies":[{"name":"wp","href":"https:\/\/api.w.org\/{rel}","templated":true}]}}