{"id":2400,"date":"2025-02-26T11:59:44","date_gmt":"2025-02-26T08:59:44","guid":{"rendered":"https:\/\/avukatimtv.com\/?p=2400"},"modified":"2025-02-26T11:59:44","modified_gmt":"2025-02-26T08:59:44","slug":"evlat-vahseti-babasini-silahla-katletti","status":"publish","type":"post","link":"https:\/\/avukatimtv.com\/index.php\/2025\/02\/26\/evlat-vahseti-babasini-silahla-katletti\/","title":{"rendered":"Evlat vah\u015feti! Babas\u0131n\u0131 silahla katletti"},"content":{"rendered":"<h2 id=\"spot\" class=\"mt10 haber_ozet\">\u0130zmir&#8217;de psikolojik sorunlar\u0131 oldu\u011fu belirtilen 25 ya\u015f\u0131ndaki gen\u00e7 tart\u0131\u015ft\u0131\u011f\u0131 babas\u0131na kahvehanenin \u00f6n\u00fcnde kur\u015fun ya\u011fd\u0131rd\u0131. Kur\u015funlar\u0131n isabet etti\u011fi baba olay yerinde hayat\u0131n\u0131 kaybetti. Katil zanl\u0131s\u0131 o\u011ful g\u00f6zalt\u0131na al\u0131nd\u0131.<\/h2>\n<p>\u0130zmir&#8217;in\u00a0K\u0131n\u0131k\u00a0il\u00e7esine ba\u011fl\u0131\u00a0Yayakent\u00a0Mahallesi&#8217;nde saat 09.00 s\u0131ralar\u0131nda vah\u015fet ya\u015fand\u0131. Annesi 3 ay \u00f6nce hayat\u0131n\u0131 kaybeden ve psikolojik sorunlar ya\u015fad\u0131\u011f\u0131 belirtilen Abdullah Malgaz (25) ile babas\u0131\u00a0Metin Malgaz\u00a0(47) aras\u0131nda mahalle meydan\u0131ndaki kahvehane \u00f6n\u00fcnde hen\u00fcz bilinmeyen bir nedenle tart\u0131\u015fma \u00e7\u0131kt\u0131.<\/p>\n<div id=\"inpage_desktop\"><\/div>\n<h3>BABASINA KUR\u015eUN YA\u011eDIRDI<\/h3>\n<p>Baba\u00a0ve o\u011flu aras\u0131nda ba\u015flayan tart\u0131\u015fma k\u0131sa s\u00fcrede kavgaya d\u00f6n\u00fc\u015ft\u00fc. Abdullah Malgaz, yan\u0131ndaki tabancas\u0131n\u0131 babas\u0131na do\u011frultup pe\u015f pe\u015fe ate\u015fledi. V\u00fccudunun \u00e7e\u015fitli yerlerinden yaralanan Metin Malgaz, yere y\u0131\u011f\u0131ld\u0131.<\/p>\n<h3>OLAY YER\u0130NDE HAYATINI KAYBETT\u0130<\/h3>\n<p>\u00c7evredekilerin ihbar\u0131yla b\u00f6lgeye jandarma ve sa\u011fl\u0131k ekipleri sevk edildi. Ekiplerin kontrol\u00fcnde Metin Malgaz&#8217;\u0131n ya\u015fam\u0131n\u0131 yitirdi\u011fi belirlendi.<\/p>\n<h3>KAT\u0130L ZANLISI EVLAT G\u00d6ZALTINDA<\/h3>\n<p>Malgaz&#8217;\u0131n cans\u0131z bedeni, savc\u0131n\u0131n olay yerindeki incelemesinin ard\u0131ndan otopsi i\u00e7in \u0130zmir Adli T\u0131p Kurumu&#8217;nun morguna g\u00f6nderildi. Olayla ilgili inceleme ba\u015flatan jandarma ekipleri, o\u011ful Malgaz&#8217;\u0131 g\u00f6zalt\u0131na ald\u0131.<\/p>\n<p><strong>KAYNAK : DHA<\/strong><\/p>\n","protected":false},"excerpt":{"rendered":"<p>\u0130zmir&#8217;de psikolojik sorunlar\u0131 oldu\u011fu belirtilen 25 ya\u015f\u0131ndaki gen\u00e7 tart\u0131\u015ft\u0131\u011f\u0131 babas\u0131na kahvehanenin \u00f6n\u00fcnde kur\u015fun ya\u011fd\u0131rd\u0131. Kur\u015funlar\u0131n isabet etti\u011fi baba olay yerinde hayat\u0131n\u0131 kaybetti. Katil zanl\u0131s\u0131 o\u011ful g\u00f6zalt\u0131na al\u0131nd\u0131. \u0130zmir&#8217;in\u00a0K\u0131n\u0131k\u00a0il\u00e7esine ba\u011fl\u0131\u00a0Yayakent\u00a0Mahallesi&#8217;nde saat 09.00 s\u0131ralar\u0131nda vah\u015fet ya\u015fand\u0131. Annesi 3 ay \u00f6nce hayat\u0131n\u0131 kaybeden ve psikolojik sorunlar ya\u015fad\u0131\u011f\u0131 belirtilen Abdullah Malgaz (25) ile babas\u0131\u00a0Metin Malgaz\u00a0(47) aras\u0131nda mahalle meydan\u0131ndaki kahvehane [&hellip;]<\/p>\n","protected":false},"author":1,"featured_media":2401,"comment_status":"closed","ping_status":"closed","sticky":false,"template":"","format":"standard","meta":{"footnotes":""},"categories":[185,7,117],"tags":[267,51,47,224,289,292,291,290],"class_list":["post-2400","post","type-post","status-publish","format-standard","has-post-thumbnail","hentry","category-adalet","category-gundem","category-olay","tag-baba","tag-gozalti","tag-haber","tag-izmir","tag-kinik","tag-kursun","tag-metinmalgaz","tag-yayakent"],"_links":{"self":[{"href":"https:\/\/avukatimtv.com\/index.php\/wp-json\/wp\/v2\/posts\/2400","targetHints":{"allow":["GET"]}}],"collection":[{"href":"https:\/\/avukatimtv.com\/index.php\/wp-json\/wp\/v2\/posts"}],"about":[{"href":"https:\/\/avukatimtv.com\/index.php\/wp-json\/wp\/v2\/types\/post"}],"author":[{"embeddable":true,"href":"https:\/\/avukatimtv.com\/index.php\/wp-json\/wp\/v2\/users\/1"}],"replies":[{"embeddable":true,"href":"https:\/\/avukatimtv.com\/index.php\/wp-json\/wp\/v2\/comments?post=2400"}],"version-history":[{"count":1,"href":"https:\/\/avukatimtv.com\/index.php\/wp-json\/wp\/v2\/posts\/2400\/revisions"}],"predecessor-version":[{"id":2402,"href":"https:\/\/avukatimtv.com\/index.php\/wp-json\/wp\/v2\/posts\/2400\/revisions\/2402"}],"wp:featuredmedia":[{"embeddable":true,"href":"https:\/\/avukatimtv.com\/index.php\/wp-json\/wp\/v2\/media\/2401"}],"wp:attachment":[{"href":"https:\/\/avukatimtv.com\/index.php\/wp-json\/wp\/v2\/media?parent=2400"}],"wp:term":[{"taxonomy":"category","embeddable":true,"href":"https:\/\/avukatimtv.com\/index.php\/wp-json\/wp\/v2\/categories?post=2400"},{"taxonomy":"post_tag","embeddable":true,"href":"https:\/\/avukatimtv.com\/index.php\/wp-json\/wp\/v2\/tags?post=2400"}],"curies":[{"name":"wp","href":"https:\/\/api.w.org\/{rel}","templated":true}]}}