{"id":2403,"date":"2025-02-26T12:25:48","date_gmt":"2025-02-26T09:25:48","guid":{"rendered":"https:\/\/avukatimtv.com\/?p=2403"},"modified":"2025-02-26T12:25:48","modified_gmt":"2025-02-26T09:25:48","slug":"yasak-askla-suclanan-dis-hekiminin-annesi-konustu-kafalar-daha-da-karisti","status":"publish","type":"post","link":"https:\/\/avukatimtv.com\/index.php\/2025\/02\/26\/yasak-askla-suclanan-dis-hekiminin-annesi-konustu-kafalar-daha-da-karisti\/","title":{"rendered":"Yasak a\u015fkla su\u00e7lanan di\u015f hekiminin annesi konu\u015ftu, kafalar daha da kar\u0131\u015ft\u0131"},"content":{"rendered":"<h2 id=\"spot\" class=\"mt10 haber_ozet\">\u0130zmir&#8217;de Mustafa Ercan&#8217;\u0131n tabancayla ba\u015f\u0131ndan vurarak \u00f6ld\u00fcrd\u00fc\u011f\u00fc di\u015f hekimi Mehmet Emrah D\u00fc\u015fmez&#8217;in annesi Aysel D\u00fc\u015fmez, yasak a\u015fk iddias\u0131n\u0131 yalanlad\u0131. Anne D\u00fc\u015fmez, &#8220;DNA olay\u0131 tamamen bir uydurma. Konunun belgeleri ise gerekli tetkikler sonras\u0131nda kamuoyu ile payla\u015f\u0131lacak. Ne \u00e7ocuklar\u0131n\u0131n babas\u0131 rahmetli o\u011flumdur ne de kar\u015f\u0131 tarafa borcu olan o\u011flumdur&#8221; dedi.<\/h2>\n<p>\u0130zmir&#8217;in\u00a0Konak\u00a0il\u00e7esinde eski orta\u011f\u0131n\u0131n yasak a\u015fkla su\u00e7lay\u0131p ba\u015f\u0131ndan tabancayla vurdu\u011fu di\u015f hekimi Mustafa\u00a0Emrah\u00a0D\u00fc\u015fmez&#8217;in annesi Aysel D\u00fc\u015fmez konu\u015ftu.<\/p>\n<p>Alsancak\u00a0K\u00fclt\u00fcr Mahallesi\u00a0Ali \u00c7etinkaya\u00a0Bulvar\u0131&#8217;ndaki bir apartman\u0131n 2&#8217;nci kat\u0131ndaki dairede 21 \u015eubat g\u00fcn\u00fc meydana gelen olayda a\u011f\u0131z ve di\u015f sa\u011fl\u0131\u011f\u0131 merkezinde di\u015f hekimi olarak g\u00f6rev yapan Mehmet Emrah D\u00fc\u015fmez&#8217;in oturdu\u011fu daireye, husumetli oldu\u011fu\u00a0Mustafa Ercan\u00a0geldi.<\/p>\n<div id=\"inpage_desktop\"><\/div>\n<h3>KANLAR \u0130\u00c7\u0130NDEK\u0130 G\u00d6R\u00dcNT\u00dcS\u00dcN\u00dc ANNES\u0130NE G\u00d6NDERD\u0130<\/h3>\n<p>Taraflar aras\u0131nda \u00e7\u0131kan tart\u0131\u015fma, kavgaya d\u00f6n\u00fc\u015ft\u00fc. Mustafa Ercan, tabancayla D\u00fc\u015fmez&#8217;in ba\u015f\u0131na ate\u015f etti. Mustafa Ercan, daha sonra D\u00fc\u015fmez&#8217;in telefonunu al\u0131p, kanlar i\u00e7indeki g\u00f6r\u00fcnt\u00fcs\u00fcn\u00fc \u00e7ekerek annesine g\u00f6nderip, ka\u00e7t\u0131. O\u011flunun vuruldu\u011funu g\u00f6ren anne, durumu polise bildirdi. \u0130hbarla adrese sa\u011fl\u0131k ve polis ekipleri sevk edildi.\u00a0Tepecik\u00a0E\u011fitim ve Ara\u015ft\u0131rma Hastanesi&#8217;nde hayat\u0131n\u0131 kaybeden Mehmet Emrah D\u00fc\u015fmez&#8217;in cenazesi,\u00a0Elaz\u0131\u011f&#8217;a g\u00f6t\u00fcr\u00fcld\u00fc. D\u00fc\u015fmez&#8217;in cenazesi, d\u00fcn\u00a0Harput\u00a0Aile Mezarl\u0131\u011f\u0131&#8217;nda topra\u011fa verildi.<\/p>\n<h3>B\u0130YOLOJ\u0130K BABA \u0130DD\u0130ASI<\/h3>\n<p>Asayi\u015f \u015eube M\u00fcd\u00fcrl\u00fc\u011f\u00fc\u00a0Cinayet B\u00fcro Amirli\u011fi, SAM B\u00fcro Amirli\u011fi, Motosikletli\u00a0Polis\u00a0Timler Amirli\u011fi, \u0130stihbarat \u015eube M\u00fcd\u00fcrl\u00fc\u011f\u00fc ve Konak \u0130l\u00e7e Emniyet M\u00fcd\u00fcrl\u00fc\u011f\u00fc ekipleri de olay g\u00fcn\u00fc Mustafa Ercan&#8217;\u0131 yakalad\u0131. \u015e\u00fcphelinin olaydan sonra bir s\u00fcre caddede y\u00fcr\u00fcy\u00fcp, ard\u0131ndan taksiye bindi\u011fi anlar g\u00fcvenlik kameras\u0131na yans\u0131rken; Mustafa Ercan, polisteki sorgusunda, 10 y\u0131l \u00f6nce ortak di\u015f malzemeleri ve ara\u00e7 kiralama i\u015fi yapt\u0131\u011f\u0131 D\u00fc\u015fmez&#8217;in kendisini doland\u0131rd\u0131\u011f\u0131n\u0131 belirterek, bu nedenle aralar\u0131nda alacak meselesinden husumet bulundu\u011funu s\u00f6yledi. Mustafa Ercan, di\u015f hekimini, 2 y\u0131l \u00f6nce bo\u015fand\u0131\u011f\u0131 e\u015finden olan 7 ve 9 ya\u015flar\u0131ndaki 2 \u00e7ocu\u011funun biyolojik babalar\u0131 oldu\u011funu DNA testi sonucunda \u00f6\u011frendi\u011fi i\u00e7in vurdu\u011funu \u00f6ne s\u00fcrd\u00fc. Ercan, &#8220;Bunun \u00fczerine D\u00fc\u015fmez&#8217;i vurdum. H\u0131rs\u0131m\u0131 alamay\u0131p, videosunu \u00e7ekip annesine att\u0131m&#8221; dedi. Adliyeye sevk edilen \u015f\u00fcpheli tutukland\u0131.<\/p>\n<div class=\"drimg\">\n<figure><img loading=\"lazy\" decoding=\"async\" title=\"Yasak a\u015fkla su\u00e7lanan di\u015f hekiminin annesi konu\u015ftu\" src=\"https:\/\/foto.sondakika.com\/haber\/2025\/02\/26\/yasak-askla-suclanan-dis-hekiminin-annesi-konustu-18410264_1253_m.jpg\" alt=\"Yasak a\u015fkla su\u00e7lanan di\u015f hekiminin annesi konu\u015ftu\" width=\"640\" height=\"498\" \/><\/figure>\n<h3>&#8220;KONU, DNA YALANIYLA Y\u00d6N DE\u011e\u0130\u015eT\u0130RD&#8221;<\/h3>\n<p>D\u00fc\u015fmez&#8217;in annesi Aysel D\u00fc\u015fmez, olayla ilgili konu\u015ftu. Mustafa Ercan&#8217;\u0131n verdi\u011fi ifadenin yalan oldu\u011funu savunan D\u00fc\u015fmez, &#8220;Vah\u015fice i\u015flenen cinayetin alt\u0131nda farkl\u0131 bir neden aranmamal\u0131. K\u00f6t\u00fc ruhlu bir insan\u0131n i\u015fledi\u011fi ve bir ki\u015finin hayat\u0131na, itibar\u0131na ve gen\u00e7li\u011fine mal olan bir eylem olarak de\u011ferlendirmek gerek. Mustafa Ercan ifadesinde, \u00f6nce &#8216;alacak meselesi&#8217; dedi. Sonra konu, DNA yalan\u0131yla y\u00f6n de\u011fi\u015ftirdi. Her \u015feyden \u00f6nce cinayeti i\u015fleyen katilin normal bir davran\u0131\u015f i\u00e7erisinde olmad\u0131\u011f\u0131, eylemi ger\u00e7ekle\u015ftirdikten sonra videoyu bana g\u00f6ndermesiyle de net olarak anla\u015f\u0131lmal\u0131. Tam bir ruh hastas\u0131 tavr\u0131yla ger\u00e7ekle\u015fen bu cinayetin, bir madde ba\u011f\u0131ml\u0131s\u0131n\u0131n ya da \u015fizofren yap\u0131da olan birinin d\u00fc\u015f\u00fcnce haliyle yap\u0131ld\u0131\u011f\u0131n\u0131 kamuoyunun malumudur. \u015eunu rahatl\u0131kla ve i\u00e7tenlikle s\u00f6yleyebiliriz ki DNA olay\u0131 tamamen bir uydurma. Konunun belgeleri ise gerekli tetkikler sonras\u0131nda kamuoyu ile payla\u015f\u0131lacak. Ne \u00e7ocuklar\u0131n\u0131n babas\u0131 rahmetli o\u011flumdur ne de kar\u015f\u0131 tarafa borcu olan o\u011flumdur. Her y\u00f6n\u00fcyle ma\u011fdur olan taraf ailemizken, i\u015flenen su\u00e7 farkl\u0131 bir noktaya kayd\u0131r\u0131ld\u0131. K\u0131sa s\u00fcre sonra sizlere konunun tam nedenini ve hangi saiklerle cinayetin i\u015flendi\u011fini aktaraca\u011f\u0131z&#8221; dedi.<\/p>\n<p><strong>KAYNAK : SONDAK\u0130KA<\/strong><\/p>\n<p>&nbsp;<\/p>\n<\/div>\n","protected":false},"excerpt":{"rendered":"<p>\u0130zmir&#8217;de Mustafa Ercan&#8217;\u0131n tabancayla ba\u015f\u0131ndan vurarak \u00f6ld\u00fcrd\u00fc\u011f\u00fc di\u015f hekimi Mehmet Emrah D\u00fc\u015fmez&#8217;in annesi Aysel D\u00fc\u015fmez, yasak a\u015fk iddias\u0131n\u0131 yalanlad\u0131. Anne D\u00fc\u015fmez, &#8220;DNA olay\u0131 tamamen bir uydurma. Konunun belgeleri ise gerekli tetkikler sonras\u0131nda kamuoyu ile payla\u015f\u0131lacak. Ne \u00e7ocuklar\u0131n\u0131n babas\u0131 rahmetli o\u011flumdur ne de kar\u015f\u0131 tarafa borcu olan o\u011flumdur&#8221; dedi. \u0130zmir&#8217;in\u00a0Konak\u00a0il\u00e7esinde eski orta\u011f\u0131n\u0131n yasak a\u015fkla su\u00e7lay\u0131p ba\u015f\u0131ndan [&hellip;]<\/p>\n","protected":false},"author":1,"featured_media":2404,"comment_status":"closed","ping_status":"closed","sticky":false,"template":"","format":"standard","meta":{"footnotes":""},"categories":[7,39,38],"tags":[201,293,224,225,49,294],"class_list":["post-2403","post","type-post","status-publish","format-standard","has-post-thumbnail","hentry","category-gundem","category-haber","category-hukuk","tag-asayissubemudurlugu","tag-harput","tag-izmir","tag-konak","tag-polis","tag-tepecikegitimvearastirmahastanesi"],"_links":{"self":[{"href":"https:\/\/avukatimtv.com\/index.php\/wp-json\/wp\/v2\/posts\/2403","targetHints":{"allow":["GET"]}}],"collection":[{"href":"https:\/\/avukatimtv.com\/index.php\/wp-json\/wp\/v2\/posts"}],"about":[{"href":"https:\/\/avukatimtv.com\/index.php\/wp-json\/wp\/v2\/types\/post"}],"author":[{"embeddable":true,"href":"https:\/\/avukatimtv.com\/index.php\/wp-json\/wp\/v2\/users\/1"}],"replies":[{"embeddable":true,"href":"https:\/\/avukatimtv.com\/index.php\/wp-json\/wp\/v2\/comments?post=2403"}],"version-history":[{"count":1,"href":"https:\/\/avukatimtv.com\/index.php\/wp-json\/wp\/v2\/posts\/2403\/revisions"}],"predecessor-version":[{"id":2405,"href":"https:\/\/avukatimtv.com\/index.php\/wp-json\/wp\/v2\/posts\/2403\/revisions\/2405"}],"wp:featuredmedia":[{"embeddable":true,"href":"https:\/\/avukatimtv.com\/index.php\/wp-json\/wp\/v2\/media\/2404"}],"wp:attachment":[{"href":"https:\/\/avukatimtv.com\/index.php\/wp-json\/wp\/v2\/media?parent=2403"}],"wp:term":[{"taxonomy":"category","embeddable":true,"href":"https:\/\/avukatimtv.com\/index.php\/wp-json\/wp\/v2\/categories?post=2403"},{"taxonomy":"post_tag","embeddable":true,"href":"https:\/\/avukatimtv.com\/index.php\/wp-json\/wp\/v2\/tags?post=2403"}],"curies":[{"name":"wp","href":"https:\/\/api.w.org\/{rel}","templated":true}]}}