{"id":2412,"date":"2025-02-26T14:42:16","date_gmt":"2025-02-26T11:42:16","guid":{"rendered":"https:\/\/avukatimtv.com\/?p=2412"},"modified":"2025-02-26T14:42:16","modified_gmt":"2025-02-26T11:42:16","slug":"suc-makinesi-yakalandi-12-yil-boyunca-bakin-nasil-kacmis","status":"publish","type":"post","link":"https:\/\/avukatimtv.com\/index.php\/2025\/02\/26\/suc-makinesi-yakalandi-12-yil-boyunca-bakin-nasil-kacmis\/","title":{"rendered":"Su\u00e7 makinesi yakaland\u0131! 12 y\u0131l boyunca bak\u0131n nas\u0131l ka\u00e7m\u0131\u015f"},"content":{"rendered":"<h2 id=\"spot\" class=\"mt10 haber_ozet\">Eski\u015fehir&#8217;de 4 ayr\u0131 su\u00e7tan 7 y\u0131l 1 ay kesinle\u015fmi\u015f hapis cezas\u0131 bulunan ve yakalanmamak i\u00e7in 12 y\u0131l boyunca karde\u015finin kimli\u011fini kullanarak firari ya\u015fayan \u015fah\u0131s yakaland\u0131. \u015e\u00fcpheli polis sorgusu ard\u0131ndan adliyeye sevk edildi.<\/h2>\n<p>Film sahnelerini aratmayan olay,\u00a0Eski\u015fehir&#8217;de ya\u015fand\u0131. Edinilen bilgilere g\u00f6re, Ali R\u0131za \u0130. isimli \u015fahs\u0131n farkl\u0131 kimlikle i\u015flem yapt\u0131\u011f\u0131 tespit edildi.<\/p>\n<h3>SU\u00c7 MAK\u0130NES\u0130 OLDU\u011eU ORTAYA \u00c7IKTI<\/h3>\n<p>\u015eah\u0131sla ilgili ekiplerce \u00e7al\u0131\u015fma ba\u015flat\u0131ld\u0131. Yap\u0131lan \u00e7al\u0131\u015fmalar sonucunda bahse konu ki\u015finin 23\u00a0Aral\u0131k\u00a02013 tarihinden beri; iftira, kamu mal\u0131na zarar verme, ba\u015fkalar\u0131na ait kimlik bilgilerini kullanma ve ibadete ayr\u0131lm\u0131\u015f e\u015fya hakk\u0131nda h\u0131rs\u0131zl\u0131k su\u00e7lar\u0131ndan toplamda 7 y\u0131l 1 ay hapis cezas\u0131n\u0131n bulundu\u011fu belirlendi.<\/p>\n<div id=\"inpage_desktop\"><\/div>\n<h3>YILLARDIR KARDE\u015e\u0130N\u0130N K\u0130ML\u0130\u011e\u0130N\u0130 KULLANIYORDU<\/h3>\n<p>Yakla\u015f\u0131k 12 y\u0131ld\u0131r firari ya\u015fayan \u015fahs\u0131n karde\u015finin kimli\u011fini kullanarak hayat\u0131na devam etti\u011fi \u00f6\u011frenildi.\u00a0Polis\u00a0ekiplerince karde\u015finin ikametinde yakalanan Ali R\u0131za \u0130. adliyeye sevk edildi.<\/p>\n<p>&nbsp;<\/p>\n<p><strong>KAYNAK:SONDAK\u0130KA<\/strong><\/p>\n<p>&nbsp;<\/p>\n","protected":false},"excerpt":{"rendered":"<p>Eski\u015fehir&#8217;de 4 ayr\u0131 su\u00e7tan 7 y\u0131l 1 ay kesinle\u015fmi\u015f hapis cezas\u0131 bulunan ve yakalanmamak i\u00e7in 12 y\u0131l boyunca karde\u015finin kimli\u011fini kullanarak firari ya\u015fayan \u015fah\u0131s yakaland\u0131. \u015e\u00fcpheli polis sorgusu ard\u0131ndan adliyeye sevk edildi. Film sahnelerini aratmayan olay,\u00a0Eski\u015fehir&#8217;de ya\u015fand\u0131. Edinilen bilgilere g\u00f6re, Ali R\u0131za \u0130. isimli \u015fahs\u0131n farkl\u0131 kimlikle i\u015flem yapt\u0131\u011f\u0131 tespit edildi. SU\u00c7 MAK\u0130NES\u0130 OLDU\u011eU ORTAYA [&hellip;]<\/p>\n","protected":false},"author":1,"featured_media":2413,"comment_status":"closed","ping_status":"closed","sticky":false,"template":"","format":"standard","meta":{"footnotes":""},"categories":[7,39],"tags":[188,304,47,251,71,303],"class_list":["post-2412","post","type-post","status-publish","format-standard","has-post-thumbnail","hentry","category-gundem","category-haber","tag-ceza","tag-firar","tag-haber","tag-hapis","tag-suc","tag-yakalanma"],"_links":{"self":[{"href":"https:\/\/avukatimtv.com\/index.php\/wp-json\/wp\/v2\/posts\/2412","targetHints":{"allow":["GET"]}}],"collection":[{"href":"https:\/\/avukatimtv.com\/index.php\/wp-json\/wp\/v2\/posts"}],"about":[{"href":"https:\/\/avukatimtv.com\/index.php\/wp-json\/wp\/v2\/types\/post"}],"author":[{"embeddable":true,"href":"https:\/\/avukatimtv.com\/index.php\/wp-json\/wp\/v2\/users\/1"}],"replies":[{"embeddable":true,"href":"https:\/\/avukatimtv.com\/index.php\/wp-json\/wp\/v2\/comments?post=2412"}],"version-history":[{"count":1,"href":"https:\/\/avukatimtv.com\/index.php\/wp-json\/wp\/v2\/posts\/2412\/revisions"}],"predecessor-version":[{"id":2414,"href":"https:\/\/avukatimtv.com\/index.php\/wp-json\/wp\/v2\/posts\/2412\/revisions\/2414"}],"wp:featuredmedia":[{"embeddable":true,"href":"https:\/\/avukatimtv.com\/index.php\/wp-json\/wp\/v2\/media\/2413"}],"wp:attachment":[{"href":"https:\/\/avukatimtv.com\/index.php\/wp-json\/wp\/v2\/media?parent=2412"}],"wp:term":[{"taxonomy":"category","embeddable":true,"href":"https:\/\/avukatimtv.com\/index.php\/wp-json\/wp\/v2\/categories?post=2412"},{"taxonomy":"post_tag","embeddable":true,"href":"https:\/\/avukatimtv.com\/index.php\/wp-json\/wp\/v2\/tags?post=2412"}],"curies":[{"name":"wp","href":"https:\/\/api.w.org\/{rel}","templated":true}]}}