{"id":2419,"date":"2025-02-27T13:59:55","date_gmt":"2025-02-27T10:59:55","guid":{"rendered":"https:\/\/avukatimtv.com\/?p=2419"},"modified":"2025-02-27T13:59:55","modified_gmt":"2025-02-27T10:59:55","slug":"yozgatta-uyusturucu-suclusu-yakalandi","status":"publish","type":"post","link":"https:\/\/avukatimtv.com\/index.php\/2025\/02\/27\/yozgatta-uyusturucu-suclusu-yakalandi\/","title":{"rendered":"Yozgat&#8217;ta Uyu\u015fturucu Su\u00e7lusu Yakaland\u0131"},"content":{"rendered":"<h2 id=\"spot\" class=\"mt10 haber_ozet\">Kesinle\u015fmi\u015f hapis cezas\u0131 bulunan A.S., jandarma taraf\u0131ndan g\u00f6zalt\u0131na al\u0131nd\u0131 ve tutukland\u0131.<\/h2>\n<div class=\"hbptDate\">\n<div class=\"wrapper detay-v3_3 haber_metni\">\n<p>Yozgat&#8217;ta uyu\u015fturucu madde su\u00e7undan kesinle\u015fmi\u015f hapis cezas\u0131 bulunan \u015fah\u0131s,\u00a0Jandarma\u00a0taraf\u0131ndan yakaland\u0131.<\/p>\n<p>Edinilen bilgiye g\u00f6re Yozgat\u00a0\u00c7and\u0131r\u00a0\u0130l\u00e7e Jandarma Komutanl\u0131\u011f\u0131 ve\u00a0JASAT\u00a0ekiplerince arama kayd\u0131 bulunan \u015fah\u0131slar\u0131n yakalanmas\u0131na y\u00f6nelik \u00e7al\u0131\u015fma ba\u015flat\u0131ld\u0131. \u00c7al\u0131\u015fmalar sonucunda hakk\u0131nda kesinle\u015fmi\u015f 3 y\u0131l 15 g\u00fcn cezas\u0131 bulunan A.S. isimli \u015fah\u0131s g\u00f6zalt\u0131na al\u0131nd\u0131. G\u00f6zalt\u0131na al\u0131nan A.S., tutuklanarak\u00a0Bo\u011fazl\u0131yan\u00a0T Tipi Kapal\u0131\u00a0Ceza\u00a0\u0130nfaz Kurumuna teslim edildi. &#8211; YOZGAT<\/p>\n<p><img decoding=\"async\" src=\"https:\/\/foto.sondakika.com\/haber\/2025\/02\/27\/yozgat-ta-kesinlesmis-cezasi-bulunan-sahis-18413116_amp.jpg\" alt=\"Yozgat\\'ta Uyu\u015fturucu Su\u00e7lusu Yakaland\u0131\" \/><\/p>\n<\/div>\n<div class=\"haberkaynak\"><strong>Kaynak:\u00a0\u0130HA<\/strong><\/div>\n<div><\/div>\n<div><\/div>\n<\/div>\n","protected":false},"excerpt":{"rendered":"<p>Kesinle\u015fmi\u015f hapis cezas\u0131 bulunan A.S., jandarma taraf\u0131ndan g\u00f6zalt\u0131na al\u0131nd\u0131 ve tutukland\u0131. Yozgat&#8217;ta uyu\u015fturucu madde su\u00e7undan kesinle\u015fmi\u015f hapis cezas\u0131 bulunan \u015fah\u0131s,\u00a0Jandarma\u00a0taraf\u0131ndan yakaland\u0131. Edinilen bilgiye g\u00f6re Yozgat\u00a0\u00c7and\u0131r\u00a0\u0130l\u00e7e Jandarma Komutanl\u0131\u011f\u0131 ve\u00a0JASAT\u00a0ekiplerince arama kayd\u0131 bulunan \u015fah\u0131slar\u0131n yakalanmas\u0131na y\u00f6nelik \u00e7al\u0131\u015fma ba\u015flat\u0131ld\u0131. \u00c7al\u0131\u015fmalar sonucunda hakk\u0131nda kesinle\u015fmi\u015f 3 y\u0131l 15 g\u00fcn cezas\u0131 bulunan A.S. isimli \u015fah\u0131s g\u00f6zalt\u0131na al\u0131nd\u0131. G\u00f6zalt\u0131na al\u0131nan A.S., tutuklanarak\u00a0Bo\u011fazl\u0131yan\u00a0T [&hellip;]<\/p>\n","protected":false},"author":1,"featured_media":2420,"comment_status":"closed","ping_status":"closed","sticky":false,"template":"","format":"standard","meta":{"footnotes":""},"categories":[7],"tags":[310,308,188,135,309,307],"class_list":["post-2419","post","type-post","status-publish","format-standard","has-post-thumbnail","hentry","category-gundem","tag-bogazliyan","tag-candir","tag-ceza","tag-jandarma","tag-jasat","tag-yozgat"],"_links":{"self":[{"href":"https:\/\/avukatimtv.com\/index.php\/wp-json\/wp\/v2\/posts\/2419","targetHints":{"allow":["GET"]}}],"collection":[{"href":"https:\/\/avukatimtv.com\/index.php\/wp-json\/wp\/v2\/posts"}],"about":[{"href":"https:\/\/avukatimtv.com\/index.php\/wp-json\/wp\/v2\/types\/post"}],"author":[{"embeddable":true,"href":"https:\/\/avukatimtv.com\/index.php\/wp-json\/wp\/v2\/users\/1"}],"replies":[{"embeddable":true,"href":"https:\/\/avukatimtv.com\/index.php\/wp-json\/wp\/v2\/comments?post=2419"}],"version-history":[{"count":1,"href":"https:\/\/avukatimtv.com\/index.php\/wp-json\/wp\/v2\/posts\/2419\/revisions"}],"predecessor-version":[{"id":2421,"href":"https:\/\/avukatimtv.com\/index.php\/wp-json\/wp\/v2\/posts\/2419\/revisions\/2421"}],"wp:featuredmedia":[{"embeddable":true,"href":"https:\/\/avukatimtv.com\/index.php\/wp-json\/wp\/v2\/media\/2420"}],"wp:attachment":[{"href":"https:\/\/avukatimtv.com\/index.php\/wp-json\/wp\/v2\/media?parent=2419"}],"wp:term":[{"taxonomy":"category","embeddable":true,"href":"https:\/\/avukatimtv.com\/index.php\/wp-json\/wp\/v2\/categories?post=2419"},{"taxonomy":"post_tag","embeddable":true,"href":"https:\/\/avukatimtv.com\/index.php\/wp-json\/wp\/v2\/tags?post=2419"}],"curies":[{"name":"wp","href":"https:\/\/api.w.org\/{rel}","templated":true}]}}