{"id":2422,"date":"2025-02-27T14:34:22","date_gmt":"2025-02-27T11:34:22","guid":{"rendered":"https:\/\/avukatimtv.com\/?p=2422"},"modified":"2025-02-27T14:34:22","modified_gmt":"2025-02-27T11:34:22","slug":"servis-minibusu-top-oynayan-5-yasindaki-cocugu-ezdi","status":"publish","type":"post","link":"https:\/\/avukatimtv.com\/index.php\/2025\/02\/27\/servis-minibusu-top-oynayan-5-yasindaki-cocugu-ezdi\/","title":{"rendered":"Servis minib\u00fcs\u00fc top oynayan 5 ya\u015f\u0131ndaki \u00e7ocu\u011fu ezdi"},"content":{"rendered":"<h2 id=\"spot\" class=\"mt10 haber_ozet\">Esenyurt&#8217;ta bir servis minib\u00fcs\u00fc, sokakta arkada\u015flar\u0131yla top oynayan 5 ya\u015f\u0131ndaki \u00e7ocu\u011fu ezdi. K\u00fc\u00e7\u00fck \u00e7ocuk olay yerinde hayat\u0131n\u0131 kaybederken ac\u0131 haberi alan yak\u0131nlar\u0131 fenal\u0131k ge\u00e7irdi. Kan donduran kaza g\u00fcvenlik kameras\u0131na yans\u0131d\u0131.<\/h2>\n<p>\u0130stanbul&#8217;un\u00a0Esenyurt\u00a0il\u00e7esine ba\u011fl\u0131 \u0130ncirtepe Mahallesi&#8217;nde \u0130hsan V&#8217;nin (56) kulland\u0131\u011f\u0131 ve bir rehabilitasyon merkezine ait olan 34 BOG 517 plakal\u0131 minib\u00fcs, \u00f6zel gereksinimli \u00f6\u011frenciyi almak i\u00e7in 256. soka\u011fa geldi.<\/p>\n<h3>SERV\u0130S M\u0130N\u0130B\u00dcS\u00dc 5 YA\u015eINDAK\u0130 \u00c7OCU\u011eU EZD\u0130<\/h3>\n<p>\u00d6\u011frenciyi ald\u0131ktan sonra hareket eden servis minib\u00fcs\u00fc, bu esnada sokakta arkada\u015flar\u0131yla top oynayan 5 ya\u015f\u0131ndaki\u00a0Suriye\u00a0uyruklu \u0130brahim Aldaher&#8217;e \u00e7arparak \u00fczerinden ge\u00e7ti. \u00c7evredekilerin ihbar\u0131yla olay yerine sa\u011fl\u0131k, polis ve itfaiye ekipleri sevk edildi. Sa\u011fl\u0131k ekipleri yapt\u0131\u011f\u0131 ilk incelemelerde \u00e7ocu\u011fun hayat\u0131n\u0131 kaybetti\u011fini tespit etti. \u00c7ocu\u011fun cesedi ekiplerin olay yerindeki incelemelerin ard\u0131ndan\u00a0Adli T\u0131p Kurumu\u00a0morguna kald\u0131r\u0131ld\u0131.<\/p>\n<h3>YAKINLARI S\u0130N\u0130R KR\u0130Z\u0130 GE\u00c7\u0130RD\u0130<\/h3>\n<p>Servis \u015fof\u00f6r\u00fc \u0130hsan Vural ise g\u00f6zalt\u0131na al\u0131narak emniyet m\u00fcd\u00fcrl\u00fc\u011f\u00fcne g\u00f6t\u00fcr\u00fcld\u00fc.\u00a0Kaza\u00a0yerinde gelen \u00e7ocu\u011fun yak\u0131nlar\u0131 fenal\u0131k ge\u00e7irdi.<\/p>\n<h3>DEH\u015eET ANI KAMERADA<\/h3>\n<p>Olay an\u0131, g\u00fcvenlik kameras\u0131nca kaydedildi. G\u00f6r\u00fcnt\u00fclerde, soka\u011fa girerek bir binan\u0131n \u00f6n\u00fcnde bekleyen servis arac\u0131n\u0131n sonras\u0131nda hareket etmesi, s\u00fcr\u00fcc\u00fcn\u00fcn sokakta oynayan \u00e7ocu\u011fu fark etmeyerek \u00e7arpmas\u0131 yer al\u0131yor. G\u00f6r\u00fcnt\u00fclerde, \u00e7ocuk arac\u0131n alt\u0131nda kal\u0131rken sokaktaki bir ki\u015finin minib\u00fcs\u00fcn cam\u0131na vurarak \u015fof\u00f6r\u00fc uyarmas\u0131 da bulunuyor.<\/p>\n<p><strong>KAYNAK : AA<\/strong><\/p>\n","protected":false},"excerpt":{"rendered":"<p>Esenyurt&#8217;ta bir servis minib\u00fcs\u00fc, sokakta arkada\u015flar\u0131yla top oynayan 5 ya\u015f\u0131ndaki \u00e7ocu\u011fu ezdi. K\u00fc\u00e7\u00fck \u00e7ocuk olay yerinde hayat\u0131n\u0131 kaybederken ac\u0131 haberi alan yak\u0131nlar\u0131 fenal\u0131k ge\u00e7irdi. Kan donduran kaza g\u00fcvenlik kameras\u0131na yans\u0131d\u0131. \u0130stanbul&#8217;un\u00a0Esenyurt\u00a0il\u00e7esine ba\u011fl\u0131 \u0130ncirtepe Mahallesi&#8217;nde \u0130hsan V&#8217;nin (56) kulland\u0131\u011f\u0131 ve bir rehabilitasyon merkezine ait olan 34 BOG 517 plakal\u0131 minib\u00fcs, \u00f6zel gereksinimli \u00f6\u011frenciyi almak i\u00e7in 256. [&hellip;]<\/p>\n","protected":false},"author":1,"featured_media":2423,"comment_status":"closed","ping_status":"closed","sticky":false,"template":"","format":"standard","meta":{"footnotes":""},"categories":[7,38],"tags":[313,61,152,175,69,311,182,312],"class_list":["post-2422","post","type-post","status-publish","format-standard","has-post-thumbnail","hentry","category-gundem","category-hukuk","tag-acihaber","tag-adlitipkurumu","tag-esenyurt","tag-guvenlik","tag-istanbul","tag-kaza","tag-minibus","tag-suriye"],"_links":{"self":[{"href":"https:\/\/avukatimtv.com\/index.php\/wp-json\/wp\/v2\/posts\/2422","targetHints":{"allow":["GET"]}}],"collection":[{"href":"https:\/\/avukatimtv.com\/index.php\/wp-json\/wp\/v2\/posts"}],"about":[{"href":"https:\/\/avukatimtv.com\/index.php\/wp-json\/wp\/v2\/types\/post"}],"author":[{"embeddable":true,"href":"https:\/\/avukatimtv.com\/index.php\/wp-json\/wp\/v2\/users\/1"}],"replies":[{"embeddable":true,"href":"https:\/\/avukatimtv.com\/index.php\/wp-json\/wp\/v2\/comments?post=2422"}],"version-history":[{"count":1,"href":"https:\/\/avukatimtv.com\/index.php\/wp-json\/wp\/v2\/posts\/2422\/revisions"}],"predecessor-version":[{"id":2424,"href":"https:\/\/avukatimtv.com\/index.php\/wp-json\/wp\/v2\/posts\/2422\/revisions\/2424"}],"wp:featuredmedia":[{"embeddable":true,"href":"https:\/\/avukatimtv.com\/index.php\/wp-json\/wp\/v2\/media\/2423"}],"wp:attachment":[{"href":"https:\/\/avukatimtv.com\/index.php\/wp-json\/wp\/v2\/media?parent=2422"}],"wp:term":[{"taxonomy":"category","embeddable":true,"href":"https:\/\/avukatimtv.com\/index.php\/wp-json\/wp\/v2\/categories?post=2422"},{"taxonomy":"post_tag","embeddable":true,"href":"https:\/\/avukatimtv.com\/index.php\/wp-json\/wp\/v2\/tags?post=2422"}],"curies":[{"name":"wp","href":"https:\/\/api.w.org\/{rel}","templated":true}]}}