{"id":2425,"date":"2025-02-27T16:14:25","date_gmt":"2025-02-27T13:14:25","guid":{"rendered":"https:\/\/avukatimtv.com\/?p=2425"},"modified":"2025-02-27T16:14:25","modified_gmt":"2025-02-27T13:14:25","slug":"esini-silahla-vurarak-olduren-sahis-ayni-silahla-intihar-etti","status":"publish","type":"post","link":"https:\/\/avukatimtv.com\/index.php\/2025\/02\/27\/esini-silahla-vurarak-olduren-sahis-ayni-silahla-intihar-etti\/","title":{"rendered":"E\u015fini silahla vurarak \u00f6ld\u00fcren \u015fah\u0131s ayn\u0131 silahla intihar etti"},"content":{"rendered":"<h2 id=\"spot\" class=\"mt10 haber_ozet\">Kayseri Melikgazi&#8217;deki \u015eehit Burhan S\u00f6nmez \u0130lkokulu&#8217;nda kan donduran bir olay ya\u015fand\u0131. Bo\u015fand\u0131\u011f\u0131 e\u015fini okul bah\u00e7esinde tabancayla vurarak \u00f6ld\u00fcren \u015fah\u0131s ayn\u0131 silahla intihar etti.<\/h2>\n<p>Kayseri&#8217;nin\u00a0Melikgazi\u00a0il\u00e7esinde bir okulun bah\u00e7esinde bir ki\u015fi, bo\u015fand\u0131\u011f\u0131 e\u015fini tabancayla vurarak \u00f6ld\u00fcrd\u00fckten sonra intihar etti.<\/p>\n<p>Edinilen bilgiye g\u00f6re, il\u00e7eye ba\u011fl\u0131 \u015eirintepe Mahallesinde bulunan \u015eehit\u00a0Burhan S\u00f6nmez\u00a0\u0130lkokulu bah\u00e7esinde meydana gelen olayda, bo\u015fand\u0131\u011f\u0131 e\u015fi B.K. ile tart\u0131\u015fan R.\u00c7.; yan\u0131nda bulundurdu\u011fu tabanca ile B.K.&#8217;ye ate\u015f ettikten sonra kendisini de vurdu.<\/p>\n<h3>EK\u0130PLER OLAY YER\u0130NE SEVK ED\u0130LD\u0130<\/h3>\n<p>\u00c7evredekilerin durumu bildirmesi \u00fczerine olay yerine \u00e7ok say\u0131da polis ve sa\u011fl\u0131k ekibi sevk edildi.\u00a0Polis\u00a0\u00e7evrede g\u00fcvenlik \u00f6nlemi al\u0131rken, sa\u011fl\u0131k ekipleri taraf\u0131ndan yap\u0131lan kontrollerde B.K. ile R.\u00c7.&#8217;nin hayat\u0131n\u0131 kaybetti\u011fi belirlendi.<\/p>\n<h3>SORU\u015eTURMA BA\u015eLATILDI<\/h3>\n<p>Yap\u0131lan incelemelerin ard\u0131ndan B.K. ve R.\u00c7.&#8217;nin cenazeleri, otopsi yap\u0131lmak \u00fczere hastane morguna kald\u0131r\u0131ld\u0131. Olayla ilgili soru\u015fturma ba\u015flat\u0131ld\u0131.<\/p>\n<p><img decoding=\"async\" src=\"http:\/\/foto.sondakika.com\/haber\/2025\/02\/27\/esini-silahla-vurarak-olduren-sahis-ayni-silahla-18413753_4587_m.jpg\" alt=\"E\u015fini silahla vurarak \u00f6ld\u00fcren \u015fah\u0131s ayn\u0131 silahla intihar etti\" \/><\/p>\n<p><strong>KAYNAK : SONDAK\u0130KA<\/strong><\/p>\n","protected":false},"excerpt":{"rendered":"<p>Kayseri Melikgazi&#8217;deki \u015eehit Burhan S\u00f6nmez \u0130lkokulu&#8217;nda kan donduran bir olay ya\u015fand\u0131. Bo\u015fand\u0131\u011f\u0131 e\u015fini okul bah\u00e7esinde tabancayla vurarak \u00f6ld\u00fcren \u015fah\u0131s ayn\u0131 silahla intihar etti. Kayseri&#8217;nin\u00a0Melikgazi\u00a0il\u00e7esinde bir okulun bah\u00e7esinde bir ki\u015fi, bo\u015fand\u0131\u011f\u0131 e\u015fini tabancayla vurarak \u00f6ld\u00fcrd\u00fckten sonra intihar etti. Edinilen bilgiye g\u00f6re, il\u00e7eye ba\u011fl\u0131 \u015eirintepe Mahallesinde bulunan \u015eehit\u00a0Burhan S\u00f6nmez\u00a0\u0130lkokulu bah\u00e7esinde meydana gelen olayda, bo\u015fand\u0131\u011f\u0131 e\u015fi B.K. ile [&hellip;]<\/p>\n","protected":false},"author":1,"featured_media":2426,"comment_status":"closed","ping_status":"closed","sticky":false,"template":"","format":"standard","meta":{"footnotes":""},"categories":[185,7],"tags":[315,47,96,314,49],"class_list":["post-2425","post","type-post","status-publish","format-standard","has-post-thumbnail","hentry","category-adalet","category-gundem","tag-burhansonmez","tag-haber","tag-kayseri","tag-melikgazi","tag-polis"],"_links":{"self":[{"href":"https:\/\/avukatimtv.com\/index.php\/wp-json\/wp\/v2\/posts\/2425","targetHints":{"allow":["GET"]}}],"collection":[{"href":"https:\/\/avukatimtv.com\/index.php\/wp-json\/wp\/v2\/posts"}],"about":[{"href":"https:\/\/avukatimtv.com\/index.php\/wp-json\/wp\/v2\/types\/post"}],"author":[{"embeddable":true,"href":"https:\/\/avukatimtv.com\/index.php\/wp-json\/wp\/v2\/users\/1"}],"replies":[{"embeddable":true,"href":"https:\/\/avukatimtv.com\/index.php\/wp-json\/wp\/v2\/comments?post=2425"}],"version-history":[{"count":1,"href":"https:\/\/avukatimtv.com\/index.php\/wp-json\/wp\/v2\/posts\/2425\/revisions"}],"predecessor-version":[{"id":2427,"href":"https:\/\/avukatimtv.com\/index.php\/wp-json\/wp\/v2\/posts\/2425\/revisions\/2427"}],"wp:featuredmedia":[{"embeddable":true,"href":"https:\/\/avukatimtv.com\/index.php\/wp-json\/wp\/v2\/media\/2426"}],"wp:attachment":[{"href":"https:\/\/avukatimtv.com\/index.php\/wp-json\/wp\/v2\/media?parent=2425"}],"wp:term":[{"taxonomy":"category","embeddable":true,"href":"https:\/\/avukatimtv.com\/index.php\/wp-json\/wp\/v2\/categories?post=2425"},{"taxonomy":"post_tag","embeddable":true,"href":"https:\/\/avukatimtv.com\/index.php\/wp-json\/wp\/v2\/tags?post=2425"}],"curies":[{"name":"wp","href":"https:\/\/api.w.org\/{rel}","templated":true}]}}