{"id":2428,"date":"2025-02-27T17:47:02","date_gmt":"2025-02-27T14:47:02","guid":{"rendered":"https:\/\/avukatimtv.com\/?p=2428"},"modified":"2025-02-27T17:47:02","modified_gmt":"2025-02-27T14:47:02","slug":"calistigi-fabrikanin-tuvaletinde-cansiz-bedeni-bulundu","status":"publish","type":"post","link":"https:\/\/avukatimtv.com\/index.php\/2025\/02\/27\/calistigi-fabrikanin-tuvaletinde-cansiz-bedeni-bulundu\/","title":{"rendered":"\u00c7al\u0131\u015ft\u0131\u011f\u0131 fabrikan\u0131n tuvaletinde cans\u0131z bedeni bulundu"},"content":{"rendered":"<h2 id=\"spot\" class=\"mt10 haber_ozet\">Zonguldak&#8217;ta \u00c7aycuma Organize Sanayi B\u00f6lgesi&#8217;nde 38 ya\u015f\u0131ndaki i\u015f\u00e7i \u00e7al\u0131\u015ft\u0131\u011f\u0131 fabrikan\u0131n tuvaletinde \u00f6l\u00fc bulundu. \u0130\u015f\u00e7inin cans\u0131z bedeni otopsi yap\u0131lmak \u00fczere Adli T\u0131p Kurumu&#8217;na g\u00f6nderildi.<\/h2>\n<div class=\"wrapper detay-v3_3 haber_metni\">\n<p>Zonguldak&#8217;\u0131n\u00a0\u00c7aycuma\u00a0il\u00e7esinde \u015f\u00fcpheli \u00f6l\u00fcm olay\u0131 ya\u015fand\u0131. \u00c7aycuma\u00a0Organize Sanayi B\u00f6lgesi&#8217;nde (OSB) bir fabrikada \u00e7al\u0131\u015fan Erman Kara (38) bir s\u00fcre i\u015finin ba\u015f\u0131na d\u00f6nmedi.<\/p>\n<h3>FABR\u0130KA TUVALET\u0130NDE \u00d6L\u00dc BULUNDU<\/h3>\n<p>Kara&#8217;n\u0131n \u00e7al\u0131\u015fma arkada\u015flar\u0131 fabrikan\u0131n tuvaletinde i\u015f\u00e7iyi hareketsiz halde buldu. \u0130hbar \u00fczerine olay yerine daha sonra 112 Acil\u00a0Sa\u011fl\u0131k\u00a0ve polis ekipleri sevk edildi. Sa\u011fl\u0131k ekiplerinin yapt\u0131\u011f\u0131 kontrollerde Kara&#8217;n\u0131n hayat\u0131n\u0131 kaybetti\u011fi tespit edildi.<\/p>\n<div id=\"inpage_desktop\"><\/div>\n<h3>\u00d6L\u00dcM NEDEN\u0130 OTOPS\u0130DEN SONRA BELL\u0130 OLACAK<\/h3>\n<p>Adanal\u0131 oldu\u011fu \u00f6\u011frenilen i\u015f\u00e7inin cenazesi yap\u0131lan inceleme sonras\u0131 otopsi i\u00e7in adli t\u0131p kurumuna g\u00f6nderildi. Olayla ilgili inceleme devam ediyor.<\/p>\n<\/div>\n<div class=\"haberkaynak\"><strong>Kaynak:\u00a0\u0130HA<\/strong><\/div>\n","protected":false},"excerpt":{"rendered":"<p>Zonguldak&#8217;ta \u00c7aycuma Organize Sanayi B\u00f6lgesi&#8217;nde 38 ya\u015f\u0131ndaki i\u015f\u00e7i \u00e7al\u0131\u015ft\u0131\u011f\u0131 fabrikan\u0131n tuvaletinde \u00f6l\u00fc bulundu. \u0130\u015f\u00e7inin cans\u0131z bedeni otopsi yap\u0131lmak \u00fczere Adli T\u0131p Kurumu&#8217;na g\u00f6nderildi. Zonguldak&#8217;\u0131n\u00a0\u00c7aycuma\u00a0il\u00e7esinde \u015f\u00fcpheli \u00f6l\u00fcm olay\u0131 ya\u015fand\u0131. \u00c7aycuma\u00a0Organize Sanayi B\u00f6lgesi&#8217;nde (OSB) bir fabrikada \u00e7al\u0131\u015fan Erman Kara (38) bir s\u00fcre i\u015finin ba\u015f\u0131na d\u00f6nmedi. FABR\u0130KA TUVALET\u0130NDE \u00d6L\u00dc BULUNDU Kara&#8217;n\u0131n \u00e7al\u0131\u015fma arkada\u015flar\u0131 fabrikan\u0131n tuvaletinde i\u015f\u00e7iyi hareketsiz halde [&hellip;]<\/p>\n","protected":false},"author":1,"featured_media":2429,"comment_status":"closed","ping_status":"closed","sticky":false,"template":"","format":"standard","meta":{"footnotes":""},"categories":[316,117],"tags":[317,318,73,28],"class_list":["post-2428","post","type-post","status-publish","format-standard","has-post-thumbnail","hentry","category-adlitip","category-olay","tag-caycuma","tag-organizesanayi","tag-zonguldak","tag-saglik"],"_links":{"self":[{"href":"https:\/\/avukatimtv.com\/index.php\/wp-json\/wp\/v2\/posts\/2428","targetHints":{"allow":["GET"]}}],"collection":[{"href":"https:\/\/avukatimtv.com\/index.php\/wp-json\/wp\/v2\/posts"}],"about":[{"href":"https:\/\/avukatimtv.com\/index.php\/wp-json\/wp\/v2\/types\/post"}],"author":[{"embeddable":true,"href":"https:\/\/avukatimtv.com\/index.php\/wp-json\/wp\/v2\/users\/1"}],"replies":[{"embeddable":true,"href":"https:\/\/avukatimtv.com\/index.php\/wp-json\/wp\/v2\/comments?post=2428"}],"version-history":[{"count":1,"href":"https:\/\/avukatimtv.com\/index.php\/wp-json\/wp\/v2\/posts\/2428\/revisions"}],"predecessor-version":[{"id":2430,"href":"https:\/\/avukatimtv.com\/index.php\/wp-json\/wp\/v2\/posts\/2428\/revisions\/2430"}],"wp:featuredmedia":[{"embeddable":true,"href":"https:\/\/avukatimtv.com\/index.php\/wp-json\/wp\/v2\/media\/2429"}],"wp:attachment":[{"href":"https:\/\/avukatimtv.com\/index.php\/wp-json\/wp\/v2\/media?parent=2428"}],"wp:term":[{"taxonomy":"category","embeddable":true,"href":"https:\/\/avukatimtv.com\/index.php\/wp-json\/wp\/v2\/categories?post=2428"},{"taxonomy":"post_tag","embeddable":true,"href":"https:\/\/avukatimtv.com\/index.php\/wp-json\/wp\/v2\/tags?post=2428"}],"curies":[{"name":"wp","href":"https:\/\/api.w.org\/{rel}","templated":true}]}}