{"id":2431,"date":"2025-02-28T12:39:29","date_gmt":"2025-02-28T09:39:29","guid":{"rendered":"https:\/\/avukatimtv.com\/?p=2431"},"modified":"2025-02-28T12:39:29","modified_gmt":"2025-02-28T09:39:29","slug":"anneannesini-olduren-abdullatif-senerin-oglu-bedirhan-senere-muebbet-hapis-cezasi","status":"publish","type":"post","link":"https:\/\/avukatimtv.com\/index.php\/2025\/02\/28\/anneannesini-olduren-abdullatif-senerin-oglu-bedirhan-senere-muebbet-hapis-cezasi\/","title":{"rendered":"Anneannesini \u00f6ld\u00fcren Abd\u00fcllatif \u015eener\u2019in o\u011flu Bedirhan \u015eener\u2019e m\u00fcebbet hapis cezas\u0131"},"content":{"rendered":"<h2 id=\"content\" class=\"content font-normal text-gray-700 text-xl lg:text-2xl leading-6 mb-8 mt-8 block \">Anneannesi Leyla \u00c7etiner\u2019i (80) silahla \u00f6ld\u00fcren eski bakan Abd\u00fcllatif \u015eener\u2019in o\u011flu Bedirhan \u015eener (42) hakk\u0131nda, \u2019nitelikli kasten \u00f6ld\u00fcrme\u2019 ve ruhsats\u0131z silah bulundurma\u2019 su\u00e7lar\u0131ndan m\u00fcebbet hapis ile 1 y\u0131l 8 ay hapis cezas\u0131 verildi.<\/h2>\n<div id=\"content\" class=\"content news-detail__content font-normal text-gray-45 text-base font-setting\">\n<p>Ankara 1. A\u011f\u0131r Ceza Mahkemesi\u2019ndeki duru\u015fmaya tutuklu san\u0131k Bedirhan \u015eener, annesi Berrin \u015eener ve avukatlar\u0131 kat\u0131ld\u0131. Cumhuriyet savc\u0131s\u0131 esas hakk\u0131ndaki m\u00fctalaay\u0131 tekrarlad\u0131.<\/p>\n<p>San\u0131k avukat\u0131 Hacettepe \u00dcniversitesi Ruhsat Sa\u011fl\u0131\u011f\u0131 ve Ana Bilim dal\u0131ndan detayl\u0131 \u015fekilde adli t\u0131p rapor al\u0131nmas\u0131 gerekti\u011fini savunarak, olay g\u00fcn\u00fc m\u00fcvekkilinin bilin\u00e7siz \u015fekilde hareket etti\u011fini ifade etti. Mahkeme bu talebi oy birli\u011fiyle reddetti.<\/p>\n<p>S\u00f6z verilen san\u0131k \u015eener ise m\u00fctalaaya kar\u015f\u0131, &#8220;Anneannem d\u00fcnyada en sevdi\u011fim ki\u015filerden birisidir. Anneannemi kasten \u00f6ld\u00fcrmedim, anneme de te\u015febb\u00fcste bulunmad\u0131m. Beraatimi ve tahliyemi isterim&#8221; beyan\u0131nda bulundu.<\/p>\n<p>San\u0131k ve avukat beyanlar\u0131n ard\u0131ndan karar\u0131n\u0131 a\u00e7\u0131klayan mahkeme, san\u0131k \u015eener hakk\u0131nda \u2019nitelikli kasten \u00f6ld\u00fcrme\u2019 su\u00e7undan a\u011f\u0131rla\u015ft\u0131r\u0131lm\u0131\u015f m\u00fcebbet verirken takdir indirimi uygulayarak m\u00fcebbet hapis cezas\u0131na d\u00fc\u015f\u00fcrd\u00fc. \u015eener\u2019in annesine kar\u015f\u0131 \u2019kasten \u00f6ld\u00fcrmeye te\u015febb\u00fcs\u2019 su\u00e7undan beraatine karar veren mahkeme \u015eener\u2019e \u2019ruhsats\u0131z silah bulundurma\u2019 su\u00e7undan 1 y\u0131l 8 ay hapis cezas\u0131 verdi.<\/p>\n<p><strong>KAYNAK : \u0130HA<\/strong><\/p>\n<\/div>\n","protected":false},"excerpt":{"rendered":"<p>Anneannesi Leyla \u00c7etiner\u2019i (80) silahla \u00f6ld\u00fcren eski bakan Abd\u00fcllatif \u015eener\u2019in o\u011flu Bedirhan \u015eener (42) hakk\u0131nda, \u2019nitelikli kasten \u00f6ld\u00fcrme\u2019 ve ruhsats\u0131z silah bulundurma\u2019 su\u00e7lar\u0131ndan m\u00fcebbet hapis ile 1 y\u0131l 8 ay hapis cezas\u0131 verildi. Ankara 1. A\u011f\u0131r Ceza Mahkemesi\u2019ndeki duru\u015fmaya tutuklu san\u0131k Bedirhan \u015eener, annesi Berrin \u015eener ve avukatlar\u0131 kat\u0131ld\u0131. Cumhuriyet savc\u0131s\u0131 esas hakk\u0131ndaki m\u00fctalaay\u0131 tekrarlad\u0131. [&hellip;]<\/p>\n","protected":false},"author":1,"featured_media":2432,"comment_status":"closed","ping_status":"closed","sticky":false,"template":"","format":"standard","meta":{"footnotes":""},"categories":[7,38],"tags":[261,188,148,320,319,91,139,71],"class_list":["post-2431","post","type-post","status-publish","format-standard","has-post-thumbnail","hentry","category-gundem","category-hukuk","tag-ankara","tag-ceza","tag-hukuk","tag-kasten","tag-muebbet-hapis","tag-ruhsatsiz","tag-silah","tag-suc"],"_links":{"self":[{"href":"https:\/\/avukatimtv.com\/index.php\/wp-json\/wp\/v2\/posts\/2431","targetHints":{"allow":["GET"]}}],"collection":[{"href":"https:\/\/avukatimtv.com\/index.php\/wp-json\/wp\/v2\/posts"}],"about":[{"href":"https:\/\/avukatimtv.com\/index.php\/wp-json\/wp\/v2\/types\/post"}],"author":[{"embeddable":true,"href":"https:\/\/avukatimtv.com\/index.php\/wp-json\/wp\/v2\/users\/1"}],"replies":[{"embeddable":true,"href":"https:\/\/avukatimtv.com\/index.php\/wp-json\/wp\/v2\/comments?post=2431"}],"version-history":[{"count":1,"href":"https:\/\/avukatimtv.com\/index.php\/wp-json\/wp\/v2\/posts\/2431\/revisions"}],"predecessor-version":[{"id":2433,"href":"https:\/\/avukatimtv.com\/index.php\/wp-json\/wp\/v2\/posts\/2431\/revisions\/2433"}],"wp:featuredmedia":[{"embeddable":true,"href":"https:\/\/avukatimtv.com\/index.php\/wp-json\/wp\/v2\/media\/2432"}],"wp:attachment":[{"href":"https:\/\/avukatimtv.com\/index.php\/wp-json\/wp\/v2\/media?parent=2431"}],"wp:term":[{"taxonomy":"category","embeddable":true,"href":"https:\/\/avukatimtv.com\/index.php\/wp-json\/wp\/v2\/categories?post=2431"},{"taxonomy":"post_tag","embeddable":true,"href":"https:\/\/avukatimtv.com\/index.php\/wp-json\/wp\/v2\/tags?post=2431"}],"curies":[{"name":"wp","href":"https:\/\/api.w.org\/{rel}","templated":true}]}}