{"id":2434,"date":"2025-02-28T13:49:17","date_gmt":"2025-02-28T10:49:17","guid":{"rendered":"https:\/\/avukatimtv.com\/?p=2434"},"modified":"2025-02-28T13:49:17","modified_gmt":"2025-02-28T10:49:17","slug":"aydinda-yasli-adam-evinde-olu-bulundu","status":"publish","type":"post","link":"https:\/\/avukatimtv.com\/index.php\/2025\/02\/28\/aydinda-yasli-adam-evinde-olu-bulundu\/","title":{"rendered":"Ayd\u0131n&#8217;da ya\u015fl\u0131 adam evinde \u00f6l\u00fc bulundu"},"content":{"rendered":"<h2 id=\"spot\" class=\"mt10 haber_ozet\">Ayd\u0131n&#8217;\u0131n Efeler il\u00e7esinde 5 g\u00fcnd\u00fcr kay\u0131p olan 77 ya\u015f\u0131ndaki Mehmet Akif Barut\u00e7u, evinde \u00f6l\u00fc bulundu.<\/h2>\n<div class=\"wrapper detay-v3_3 haber_metni\">\n<p>Ayd\u0131n&#8217;\u0131n\u00a0Efeler\u00a0il\u00e7esinde kendisinden 5 g\u00fcnd\u00fcr haber al\u0131namayan 77 ya\u015f\u0131ndaki \u015fah\u0131s yaln\u0131z ya\u015fad\u0131\u011f\u0131 evinde \u00f6l\u00fc olarak bulundu. Olay, Cuma Mahallesi 209 sokak \u00fczerinde bulunan bir apartmanda sabah saatlerinde meydana geldi. Edinilen bilgiye g\u00f6re, apartman\u0131n birinci kat\u0131nda ya\u015fayan ve kendisinden 5 g\u00fcnd\u00fcr haber al\u0131namayan 77 ya\u015f\u0131ndaki Mehmet Akif Barut\u00e7u&#8217;nun hayat\u0131ndan endi\u015fe duyan yak\u0131nlar\u0131 durumu 112 Acil \u00c7a\u011fr\u0131 Merkezi&#8217;ne bildirdi. \u0130hbar \u00fczerine b\u00f6lgeye sa\u011fl\u0131k ve polis ekipleri sevk edildi.<\/p>\n<div id=\"inpage_desktop\"><\/div>\n<h3>\u00d6L\u00dcM NEDEN\u0130 OTOPS\u0130 SONUCUNDA BELL\u0130 OLACAK<\/h3>\n<p>K\u0131sa s\u00fcrede olay yerine gelen ekipler girdikleri evde \u015fahs\u0131 hareketsiz halde buldu. Sa\u011fl\u0131k ekipleri taraf\u0131ndan yap\u0131lan kontrollerde Barut\u00e7u&#8217;nun hayat\u0131n\u0131 kaybetti\u011fi tespit edildi. Barut\u00e7u&#8217;nun \u00f6l\u00fcm haberini alan yak\u0131nlar\u0131 yasa bo\u011fulurken, ya\u015fl\u0131 adam\u0131n cans\u0131z bedeni gerekli incelemelerin ard\u0131ndan hastane morguna kald\u0131r\u0131ld\u0131.<\/p>\n<p>Olayla ilgili soru\u015fturma s\u00fcr\u00fcyor.<\/p>\n<\/div>\n<div class=\"haberkaynak\"><strong>Kaynak:\u00a0\u0130HA<\/strong><\/div>\n","protected":false},"excerpt":{"rendered":"<p>Ayd\u0131n&#8217;\u0131n Efeler il\u00e7esinde 5 g\u00fcnd\u00fcr kay\u0131p olan 77 ya\u015f\u0131ndaki Mehmet Akif Barut\u00e7u, evinde \u00f6l\u00fc bulundu. Ayd\u0131n&#8217;\u0131n\u00a0Efeler\u00a0il\u00e7esinde kendisinden 5 g\u00fcnd\u00fcr haber al\u0131namayan 77 ya\u015f\u0131ndaki \u015fah\u0131s yaln\u0131z ya\u015fad\u0131\u011f\u0131 evinde \u00f6l\u00fc olarak bulundu. Olay, Cuma Mahallesi 209 sokak \u00fczerinde bulunan bir apartmanda sabah saatlerinde meydana geldi. Edinilen bilgiye g\u00f6re, apartman\u0131n birinci kat\u0131nda ya\u015fayan ve kendisinden 5 g\u00fcnd\u00fcr haber [&hellip;]<\/p>\n","protected":false},"author":1,"featured_media":2435,"comment_status":"closed","ping_status":"closed","sticky":false,"template":"","format":"standard","meta":{"footnotes":""},"categories":[39,117],"tags":[321,322,47,323,52,74,324,325],"class_list":["post-2434","post","type-post","status-publish","format-standard","has-post-thumbnail","hentry","category-haber","category-olay","tag-aydin","tag-efeler","tag-haber","tag-kayip","tag-olay","tag-olu","tag-otopsi","tag-yasliadam"],"_links":{"self":[{"href":"https:\/\/avukatimtv.com\/index.php\/wp-json\/wp\/v2\/posts\/2434","targetHints":{"allow":["GET"]}}],"collection":[{"href":"https:\/\/avukatimtv.com\/index.php\/wp-json\/wp\/v2\/posts"}],"about":[{"href":"https:\/\/avukatimtv.com\/index.php\/wp-json\/wp\/v2\/types\/post"}],"author":[{"embeddable":true,"href":"https:\/\/avukatimtv.com\/index.php\/wp-json\/wp\/v2\/users\/1"}],"replies":[{"embeddable":true,"href":"https:\/\/avukatimtv.com\/index.php\/wp-json\/wp\/v2\/comments?post=2434"}],"version-history":[{"count":1,"href":"https:\/\/avukatimtv.com\/index.php\/wp-json\/wp\/v2\/posts\/2434\/revisions"}],"predecessor-version":[{"id":2436,"href":"https:\/\/avukatimtv.com\/index.php\/wp-json\/wp\/v2\/posts\/2434\/revisions\/2436"}],"wp:featuredmedia":[{"embeddable":true,"href":"https:\/\/avukatimtv.com\/index.php\/wp-json\/wp\/v2\/media\/2435"}],"wp:attachment":[{"href":"https:\/\/avukatimtv.com\/index.php\/wp-json\/wp\/v2\/media?parent=2434"}],"wp:term":[{"taxonomy":"category","embeddable":true,"href":"https:\/\/avukatimtv.com\/index.php\/wp-json\/wp\/v2\/categories?post=2434"},{"taxonomy":"post_tag","embeddable":true,"href":"https:\/\/avukatimtv.com\/index.php\/wp-json\/wp\/v2\/tags?post=2434"}],"curies":[{"name":"wp","href":"https:\/\/api.w.org\/{rel}","templated":true}]}}