{"id":2437,"date":"2025-02-28T15:36:29","date_gmt":"2025-02-28T12:36:29","guid":{"rendered":"https:\/\/avukatimtv.com\/?p=2437"},"modified":"2025-02-28T15:36:29","modified_gmt":"2025-02-28T12:36:29","slug":"ogluyla-kavga-eden-cocugu-ezen-kadina-2-yil-11-ay-hapis-cezasi","status":"publish","type":"post","link":"https:\/\/avukatimtv.com\/index.php\/2025\/02\/28\/ogluyla-kavga-eden-cocugu-ezen-kadina-2-yil-11-ay-hapis-cezasi\/","title":{"rendered":"O\u011fluyla kavga eden \u00e7ocu\u011fu ezen kad\u0131na 2 y\u0131l 11 ay hapis cezas\u0131"},"content":{"rendered":"<h2 id=\"content\" class=\"content font-normal text-gray-700 text-xl lg:text-2xl leading-6 mb-8 mt-8 block \">Bolu\u2019nun Gerede il\u00e7esinde o\u011fluyla tart\u0131\u015fan 12 ya\u015f\u0131ndaki \u00e7ocu\u011fu otomobiliyle ezdi\u011fi gerek\u00e7esiyle yarg\u0131lanan kad\u0131na, 2 y\u0131l 11 ay hapis cezas\u0131 verildi.<\/h2>\n<div id=\"content\" class=\"content news-detail__content font-normal text-gray-45 text-base font-setting\">\n<p>Kitirler Mahallesi\u2019nde 11 A\u011fustos\u2019ta meydana gelen olayda, G.M.U. isimli kad\u0131n, Belk\u0131s Sabanc\u0131 Sokak \u00fczerinde arkada\u015f\u0131yla birlikte bisiklete binen 12 ya\u015f\u0131ndaki S.E.Y\u2019i otomobiliyle ezdi. S.E.Y. otomobilin alt\u0131nda kald\u0131, arkada\u015f\u0131 ise kazadan k\u0131l pay\u0131 kurtuldu. \u0130hbar \u00fczerine adrese sa\u011fl\u0131k ve polis ekipleri sevk edildi. Otomobilin alt\u0131ndan \u00e7\u0131kar\u0131lan S.E.Y., sa\u011fl\u0131k ekiplerinin ilk m\u00fcdahalesinin ard\u0131ndan hastaneye kald\u0131r\u0131ld\u0131.<\/p>\n<p>S.E.Y\u2019nin, olay\u0131 ger\u00e7ekle\u015ftiren G.M.U\u2019nun o\u011flu ile arkada\u015f oldu\u011fu, \u00e7ocuklar aras\u0131nda kavga ya\u015fand\u0131\u011f\u0131 ve kad\u0131n\u0131n bu sebeple olay\u0131 ger\u00e7ekle\u015ftirdi\u011fi \u00f6\u011frenildi. Olaydan k\u0131sa bir sonra g\u00f6zalt\u0131na al\u0131nan ve ifadesi sonras\u0131nda adliyeye sevk edilen G.M.U\u2019ya, \u00e7\u0131kar\u0131ld\u0131\u011f\u0131 mahkemece ev hapsi cezas\u0131 verildi. G.M.U\u2019nun \u00e7ocu\u011fu ezdi\u011fi anlara ait g\u00f6r\u00fcnt\u00fclerin sosyal medyada g\u00fcndem olmas\u0131n\u0131n ard\u0131ndan kad\u0131n\u0131n ev hapsi cezas\u0131 tutuklulu\u011fa \u00e7evrildi, evinden al\u0131nan G.M.U. cezaevine g\u00f6nderildi. Bir s\u00fcre sonra bu karar yeniden ev hapsine \u00e7evrildi.<\/p>\n<p>Olaya ili\u015fkin Gerede Cumhuriyet Savc\u0131l\u0131\u011f\u0131\u2019nca haz\u0131rlanan iddianamede, G.M.U\u2019nun &#8220;Kendini savunamayacak durumdaki \u00e7ocu\u011fu kasten \u00f6ld\u00fcrmeye te\u015febb\u00fcs etmek&#8221; su\u00e7undan 20 y\u0131la kadar hapsi istendi. Bolu 1. A\u011f\u0131r Ceza Mahkemesinde g\u00f6r\u00fclen davan\u0131n duru\u015fmas\u0131nda san\u0131k G.M.U., ma\u011fdur \u00e7ocuk S.E.Y., ailesi ve taraf avukatlar\u0131 haz\u0131r bulundu. Adli T\u0131p Kurumu taraf\u0131ndan haz\u0131rlanan ma\u011fdur \u00e7ocu\u011fun sa\u011fl\u0131k durumuyla alakal\u0131 rapor tamamland\u0131. Mahkeme raporun sunulmas\u0131n\u0131n ard\u0131ndan san\u0131k G.M.U. i\u00e7in karar verildi. Karar duru\u015fmas\u0131nda taraflar\u0131n son s\u00f6z\u00fc soruldu.<\/p>\n<p><strong>&#8220;Benim \u00e7ocu\u011fumun hayat\u0131yla kumar oynad\u0131&#8221;<\/strong><\/p>\n<p>Duru\u015fmada konu\u015fan S.E.Y.\u2019nin babas\u0131 S.Y., &#8220;Benim \u00e7ocu\u011fumun hayat\u0131yla kumar oynad\u0131. Gerekli cezay\u0131 almas\u0131n\u0131 istiyorum&#8221; dedi.<\/p>\n<p><img decoding=\"async\" src=\"https:\/\/cdn.iha.com.tr\/Contents\/25-02\/28\/yeni-proje-34.jpg\" alt=\"O\u011fluyla kavga eden \u00e7ocu\u011fu ezen kad\u0131na 2 y\u0131l 11 ay hapis cezas\u0131\" \/><\/p>\n<p><strong>&#8220;Beraatimi talep ediyorum&#8221;<\/strong><\/p>\n<p>Ma\u011fdur \u00e7ocu\u011fun ailesiyle kom\u015fulu\u011funun bitti\u011fine ve ya\u015fananlara \u00fczg\u00fcn oldu\u011funu ifade eden san\u0131k G.M.U., &#8220;Ya\u015fananlar i\u00e7in \u00e7ok \u00fczg\u00fcn\u00fcm. Beraatimi talep ediyorum&#8221; diye konu\u015ftu.<\/p>\n<p>Karar\u0131n\u0131 a\u00e7\u0131klayan mahkeme heyeti, san\u0131k G.M.U\u2019ya &#8220;kasten yaralama&#8221; su\u00e7undan 2 y\u0131l hapis cezas\u0131 verdi ancak eylemin ara\u00e7la ger\u00e7ekle\u015ftirilmesi nedeniyle ceza yar\u0131 oran\u0131nda art\u0131r\u0131larak 3 y\u0131la \u00e7\u0131kar\u0131ld\u0131. San\u0131k, indirim de uygulanarak toplamda 2 y\u0131l 11 ay hapis cezas\u0131na h\u00fckmedildi. Son olarak mahkeme heyeti, ev hapsinin kald\u0131r\u0131lmas\u0131na ve san\u0131\u011f\u0131n adli kontrol \u015fart\u0131yla serbest b\u0131rak\u0131lmas\u0131na karar verdi.<\/p>\n<p><strong>KAYNAK : \u0130HA<\/strong><\/p>\n<\/div>\n","protected":false},"excerpt":{"rendered":"<p>Bolu\u2019nun Gerede il\u00e7esinde o\u011fluyla tart\u0131\u015fan 12 ya\u015f\u0131ndaki \u00e7ocu\u011fu otomobiliyle ezdi\u011fi gerek\u00e7esiyle yarg\u0131lanan kad\u0131na, 2 y\u0131l 11 ay hapis cezas\u0131 verildi. Kitirler Mahallesi\u2019nde 11 A\u011fustos\u2019ta meydana gelen olayda, G.M.U. isimli kad\u0131n, Belk\u0131s Sabanc\u0131 Sokak \u00fczerinde arkada\u015f\u0131yla birlikte bisiklete binen 12 ya\u015f\u0131ndaki S.E.Y\u2019i otomobiliyle ezdi. S.E.Y. otomobilin alt\u0131nda kald\u0131, arkada\u015f\u0131 ise kazadan k\u0131l pay\u0131 kurtuldu. \u0130hbar \u00fczerine [&hellip;]<\/p>\n","protected":false},"author":1,"featured_media":2438,"comment_status":"closed","ping_status":"closed","sticky":false,"template":"","format":"standard","meta":{"footnotes":""},"categories":[185,316],"tags":[61,326,164,327,148,277,328],"class_list":["post-2437","post","type-post","status-publish","format-standard","has-post-thumbnail","hentry","category-adalet","category-adlitip","tag-adlitipkurumu","tag-bolu","tag-cocuk","tag-hapiscezasi","tag-hukuk","tag-otomobil","tag-yargilama"],"_links":{"self":[{"href":"https:\/\/avukatimtv.com\/index.php\/wp-json\/wp\/v2\/posts\/2437","targetHints":{"allow":["GET"]}}],"collection":[{"href":"https:\/\/avukatimtv.com\/index.php\/wp-json\/wp\/v2\/posts"}],"about":[{"href":"https:\/\/avukatimtv.com\/index.php\/wp-json\/wp\/v2\/types\/post"}],"author":[{"embeddable":true,"href":"https:\/\/avukatimtv.com\/index.php\/wp-json\/wp\/v2\/users\/1"}],"replies":[{"embeddable":true,"href":"https:\/\/avukatimtv.com\/index.php\/wp-json\/wp\/v2\/comments?post=2437"}],"version-history":[{"count":1,"href":"https:\/\/avukatimtv.com\/index.php\/wp-json\/wp\/v2\/posts\/2437\/revisions"}],"predecessor-version":[{"id":2439,"href":"https:\/\/avukatimtv.com\/index.php\/wp-json\/wp\/v2\/posts\/2437\/revisions\/2439"}],"wp:featuredmedia":[{"embeddable":true,"href":"https:\/\/avukatimtv.com\/index.php\/wp-json\/wp\/v2\/media\/2438"}],"wp:attachment":[{"href":"https:\/\/avukatimtv.com\/index.php\/wp-json\/wp\/v2\/media?parent=2437"}],"wp:term":[{"taxonomy":"category","embeddable":true,"href":"https:\/\/avukatimtv.com\/index.php\/wp-json\/wp\/v2\/categories?post=2437"},{"taxonomy":"post_tag","embeddable":true,"href":"https:\/\/avukatimtv.com\/index.php\/wp-json\/wp\/v2\/tags?post=2437"}],"curies":[{"name":"wp","href":"https:\/\/api.w.org\/{rel}","templated":true}]}}