{"id":2441,"date":"2025-03-08T14:04:44","date_gmt":"2025-03-08T11:04:44","guid":{"rendered":"https:\/\/avukatimtv.com\/?p=2441"},"modified":"2025-03-08T14:04:44","modified_gmt":"2025-03-08T11:04:44","slug":"balkondan-dusen-hamile-kadinin-olumunde-kan-donduran-detaylar-supheli-dolaba-saklanmis","status":"publish","type":"post","link":"https:\/\/avukatimtv.com\/index.php\/2025\/03\/08\/balkondan-dusen-hamile-kadinin-olumunde-kan-donduran-detaylar-supheli-dolaba-saklanmis\/","title":{"rendered":"Balkondan d\u00fc\u015fen hamile kad\u0131n\u0131n \u00f6l\u00fcm\u00fcnde kan donduran detaylar: \u015e\u00fcpheli dolaba saklanm\u0131\u015f"},"content":{"rendered":"<h2 id=\"spot\" class=\"mt10 haber_ozet\">Sakarya&#8217;n\u0131n Adapazar\u0131 il\u00e7esinde 28 haftal\u0131k hamile kad\u0131n\u0131n 3&#8217;\u00fcnc\u00fc kattan d\u00fc\u015ferek hayat\u0131n\u0131 kaybetmesine ili\u015fkin kan donduran detaylar ortaya \u00e7\u0131kt\u0131. Kom\u015fusu balkondan binan\u0131n arka taraf\u0131na d\u00fc\u015fen kad\u0131n\u0131n metrelerce s\u00fcr\u00fcklenerek kocas\u0131n\u0131n kuca\u011f\u0131nda apartman giri\u015fine ta\u015f\u0131nd\u0131\u011f\u0131n\u0131 s\u00f6yledi. Kom\u015fu ayr\u0131ca, &#8220;Polis ekipleri olay\u0131n ya\u015fand\u0131\u011f\u0131 evin i\u00e7erisinde dolapta \u015fahs\u0131 saklan\u0131rken bulmu\u015f&#8221; dedi.<\/h2>\n<p>Sakarya&#8217;n\u0131n\u00a0Adapazar\u0131\u00a0il\u00e7esine ba\u011fl\u0131\u00a0Ankara\u00a0Caddesi&#8217;nde iddiaya g\u00f6re; gece saatlerinde 28 hafta hamile olan yabanc\u0131 uyruklu Aedah Habeeb Abed Abed (20) isimli kad\u0131n, \u00e7ama\u015f\u0131r ast\u0131\u011f\u0131 esnada dengesini kaybederek 3&#8217;\u00fcnc\u00fc kattan d\u00fc\u015ft\u00fc. \u0130hbar \u00fczerine b\u00f6lgeye sa\u011fl\u0131k ve polis ekipleri sevk edildi. Olay yerinde yap\u0131lan ilk m\u00fcdahale sonras\u0131nda hamile kad\u0131n, a\u011f\u0131r yaral\u0131 olarak hastaneye sevk edildi. Abed ve karn\u0131ndaki 28 haftal\u0131k bebek burada yap\u0131lan t\u00fcm m\u00fcdahalelere ra\u011fmen kurtar\u0131lamayarak hayat\u0131n\u0131 kaybetti.<\/p>\n<h3>3 \u015e\u00dcPHEL\u0130 G\u00d6ZALTINA<\/h3>\n<p>\u00d6te yandan, ya\u015fanan olay\u0131n ard\u0131ndan geni\u015f \u00e7apl\u0131 inceleme ba\u015flatan Sakarya \u0130l Emniyet M\u00fcd\u00fcrl\u00fc\u011f\u00fc&#8217;ne ba\u011fl\u0131\u00a0Asayi\u015f \u015eube M\u00fcd\u00fcrl\u00fc\u011f\u00fc\u00a0ekipleri hayat\u0131n\u0131 kaybeden kad\u0131n\u0131n\u00a0Irak\u00a0uyruklu kocas\u0131 A.K.A.K. (30) ile o esnada evde bulunan S.N.H. (23) isimli kad\u0131n ve A.H.A.&#8217;y\u0131 g\u00f6zalt\u0131na ald\u0131.<\/p>\n<p><img decoding=\"async\" src=\"https:\/\/foto.sondakika.com\/haber\/2025\/03\/06\/hamile-kadinin-olumunde-soke-eden-detay-bir-8-18430313_o.jpg\" alt=\"Balkondan d\u00fc\u015fen hamile kad\u0131n\u0131n \u00f6l\u00fcm\u00fcnde kan donduran detaylar: \u015e\u00fcpheli dolaba saklanm\u0131\u015f\" \/><\/p>\n<p>&nbsp;<\/p>\n<h3>KAN DONDURAN DETAYLARI KOM\u015eUSU ANLATTI<\/h3>\n<p>Binan\u0131n alt\u0131nda d\u00fckkan\u0131 bulunan\u00a0\u00d6mer Sa\u011f\u0131r, olaya ili\u015fkin kan donduran detaylar\u0131 anlatt\u0131. Sa\u011f\u0131r, olay\u0131n ya\u015fand\u0131\u011f\u0131 evde daha \u00f6nceki g\u00fcnlerde de tart\u0131\u015fma ve kavgalar\u0131n oldu\u011funu belirtti.<\/p>\n<h3>&#8220;KADIN B\u0130NANIN G\u0130R\u0130\u015e KAPISINA TA\u015eINMI\u015e&#8221;<\/h3>\n<p>Sa\u011f\u0131r, &#8220;Balkondan binan\u0131n arka k\u0131sm\u0131na d\u00fc\u015fm\u00fc\u015f, d\u00fc\u015ft\u00fc\u011f\u00fc yerden binan\u0131n giri\u015f kap\u0131s\u0131na ta\u015f\u0131nm\u0131\u015f kad\u0131n. \u00c7\u0131\u011fl\u0131klar\u0131 duyup i\u015f yerimden \u00e7\u0131k\u0131p buraya geldi\u011fimde, kad\u0131n\u0131 adam\u0131n kuca\u011f\u0131nda g\u00f6rd\u00fcm ve \u00f6ld\u00fc diye d\u00fc\u015f\u00fcnd\u00fcm. Daha sonras\u0131nda ambulansa bindirilerek hastaneye kald\u0131r\u0131ld\u0131. 3&#8217;\u00fcnc\u00fc kattan d\u00fc\u015ft\u00fc, yerdeki battaniyenin onunla beraber d\u00fc\u015ft\u00fc\u011f\u00fc veya sonras\u0131nda at\u0131ld\u0131\u011f\u0131 s\u00f6yleniliyor.&#8221; dedi.<\/p>\n<h3>&#8220;OLAYDAN 1 SAAT \u00d6NCE EVDE B\u00dcY\u00dcK B\u0130R KAVGA YA\u015eANMI\u015e&#8221;<\/h3>\n<p>Olaydan \u00f6nce evden kavga seslerinin geldi\u011fini belirten Sa\u011f\u0131r, &#8220;Olaydan 1 saat \u00f6nce evin i\u00e7erisinde b\u00fcy\u00fck bir kavga ya\u015fanm\u0131\u015f. Bardaklar, tabaklar k\u0131r\u0131l\u0131yor ve ba\u011f\u0131r\u0131\u015f sesleri geliyordu. \u00c7ocu\u011fum beni arayarak, &#8216;\u00dcst kattaki evde \u00e7ok b\u00fcy\u00fck bir kavga oluyor&#8217; dedi. Ben de ona &#8216;Siz kar\u0131\u015fmay\u0131n&#8217; dedim. Yakla\u015f\u0131k 15 dakika sonra \u00e7ocu\u011fum tekrar arad\u0131 ve binadan birinin d\u00fc\u015ft\u00fc\u011f\u00fcn\u00fc s\u00f6yledi. Olay yeri inceleme ekipleri geni\u015f \u00e7apl\u0131 inceleme yapt\u0131 evde ve \u00e7evrede.&#8221; diye konu\u015ftu.<\/p>\n<p><img decoding=\"async\" src=\"https:\/\/foto.sondakika.com\/haber\/2025\/03\/06\/hamile-kadinin-olumunde-soke-eden-detay-bir-18430313_o.jpg\" alt=\"Balkondan d\u00fc\u015fen hamile kad\u0131n\u0131n \u00f6l\u00fcm\u00fcnde kan donduran detaylar: \u015e\u00fcpheli dolaba saklanm\u0131\u015f\" \/><\/p>\n<p>&nbsp;<\/p>\n<h3>&#8220;B\u0130R \u015eAHIS DOLAPTA SAKLANIRKEN BULUNDU&#8221;<\/h3>\n<p>\u00c7ama\u015f\u0131r asarken kaza ile d\u00fc\u015ft\u00fc denilen kad\u0131n\u0131n cinayete kurban gitti\u011fi ihtimalinin de\u011ferlendirildi\u011fini aktaran Sa\u011f\u0131r, &#8220;Y\u00fcz\u00fcnde, g\u00f6z\u00fcn\u00fcn etraf\u0131nda morluk vard\u0131 bunun ben d\u00fc\u015fme ile alakal\u0131 olmad\u0131\u011f\u0131n\u0131 d\u00fc\u015f\u00fcn\u00fcyorum. Kad\u0131n ya\u015f\u0131yordu biz ambulansa bindirirken. Hamile oldu\u011funu ve olayda cinayet \u015f\u00fcphesi bulundu\u011funu biz sonradan \u00f6\u011frendik. Daha \u00f6ncesinde &#8216;\u00c7ama\u015f\u0131r asarken d\u00fc\u015ft\u00fc&#8217; denildi. Daha sonras\u0131nda cinayet \u015f\u00fcphesine daha da fazla inand\u0131k \u00e7\u00fcnk\u00fc; bir \u015fah\u0131s evin i\u00e7erisinde dolapta saklan\u0131rken bulundu. G\u00f6rg\u00fc tan\u0131klar\u0131 bir ki\u015finin ka\u00e7t\u0131\u011f\u0131n\u0131 ifade ettiler ancak polis ekipleri olay\u0131n ya\u015fand\u0131\u011f\u0131 evin i\u00e7erisinde dolapta \u015fahs\u0131 saklan\u0131rken bulmu\u015f. Ben bir bu\u00e7uk senedir burada oturuyorum. Muhtemelen benden \u00f6nce ta\u015f\u0131nd\u0131lar ve daha \u00f6ncesinde de o evden kavga sesleri geliyordu. Ama aile i\u00e7inde kavga olabilir diye d\u00fc\u015f\u00fcn\u00fcyorduk. Ara s\u0131ra kavga sesleri oluyordu&#8221; diye konu\u015ftu. \u00d6te yandan, cinayet \u015f\u00fcphesi \u00fczerinde durulan olaya ili\u015fkin \u015fah\u0131slar\u0131n sorgular\u0131 emniyette devam ediyor.<\/p>\n<p>&nbsp;<\/p>\n<p>&nbsp;<\/p>\n<p><strong>KAYNAK:SONDAK\u0130KA<\/strong><\/p>\n","protected":false},"excerpt":{"rendered":"<p>Sakarya&#8217;n\u0131n Adapazar\u0131 il\u00e7esinde 28 haftal\u0131k hamile kad\u0131n\u0131n 3&#8217;\u00fcnc\u00fc kattan d\u00fc\u015ferek hayat\u0131n\u0131 kaybetmesine ili\u015fkin kan donduran detaylar ortaya \u00e7\u0131kt\u0131. Kom\u015fusu balkondan binan\u0131n arka taraf\u0131na d\u00fc\u015fen kad\u0131n\u0131n metrelerce s\u00fcr\u00fcklenerek kocas\u0131n\u0131n kuca\u011f\u0131nda apartman giri\u015fine ta\u015f\u0131nd\u0131\u011f\u0131n\u0131 s\u00f6yledi. Kom\u015fu ayr\u0131ca, &#8220;Polis ekipleri olay\u0131n ya\u015fand\u0131\u011f\u0131 evin i\u00e7erisinde dolapta \u015fahs\u0131 saklan\u0131rken bulmu\u015f&#8221; dedi. Sakarya&#8217;n\u0131n\u00a0Adapazar\u0131\u00a0il\u00e7esine ba\u011fl\u0131\u00a0Ankara\u00a0Caddesi&#8217;nde iddiaya g\u00f6re; gece saatlerinde 28 hafta hamile [&hellip;]<\/p>\n","protected":false},"author":1,"featured_media":2442,"comment_status":"closed","ping_status":"closed","sticky":false,"template":"","format":"standard","meta":{"footnotes":""},"categories":[7,39],"tags":[47,329,49,72,303],"class_list":["post-2441","post","type-post","status-publish","format-standard","has-post-thumbnail","hentry","category-gundem","category-haber","tag-haber","tag-hamilekadin","tag-polis","tag-supheli","tag-yakalanma"],"_links":{"self":[{"href":"https:\/\/avukatimtv.com\/index.php\/wp-json\/wp\/v2\/posts\/2441","targetHints":{"allow":["GET"]}}],"collection":[{"href":"https:\/\/avukatimtv.com\/index.php\/wp-json\/wp\/v2\/posts"}],"about":[{"href":"https:\/\/avukatimtv.com\/index.php\/wp-json\/wp\/v2\/types\/post"}],"author":[{"embeddable":true,"href":"https:\/\/avukatimtv.com\/index.php\/wp-json\/wp\/v2\/users\/1"}],"replies":[{"embeddable":true,"href":"https:\/\/avukatimtv.com\/index.php\/wp-json\/wp\/v2\/comments?post=2441"}],"version-history":[{"count":1,"href":"https:\/\/avukatimtv.com\/index.php\/wp-json\/wp\/v2\/posts\/2441\/revisions"}],"predecessor-version":[{"id":2443,"href":"https:\/\/avukatimtv.com\/index.php\/wp-json\/wp\/v2\/posts\/2441\/revisions\/2443"}],"wp:featuredmedia":[{"embeddable":true,"href":"https:\/\/avukatimtv.com\/index.php\/wp-json\/wp\/v2\/media\/2442"}],"wp:attachment":[{"href":"https:\/\/avukatimtv.com\/index.php\/wp-json\/wp\/v2\/media?parent=2441"}],"wp:term":[{"taxonomy":"category","embeddable":true,"href":"https:\/\/avukatimtv.com\/index.php\/wp-json\/wp\/v2\/categories?post=2441"},{"taxonomy":"post_tag","embeddable":true,"href":"https:\/\/avukatimtv.com\/index.php\/wp-json\/wp\/v2\/tags?post=2441"}],"curies":[{"name":"wp","href":"https:\/\/api.w.org\/{rel}","templated":true}]}}