{"id":2447,"date":"2025-03-11T13:48:58","date_gmt":"2025-03-11T10:48:58","guid":{"rendered":"https:\/\/avukatimtv.com\/?p=2447"},"modified":"2025-03-11T13:48:58","modified_gmt":"2025-03-11T10:48:58","slug":"89-yasindaki-dededen-katliam-2-olu-1-yarali","status":"publish","type":"post","link":"https:\/\/avukatimtv.com\/index.php\/2025\/03\/11\/89-yasindaki-dededen-katliam-2-olu-1-yarali\/","title":{"rendered":"89 ya\u015f\u0131ndaki dededen katliam: 2 \u00f6l\u00fc, 1 yaral\u0131"},"content":{"rendered":"<h2 id=\"spot\" class=\"mt10 haber_ozet\">U\u015fak&#8217;\u0131n Banaz il\u00e7esinde 89 ya\u015f\u0131ndaki bir ki\u015fi, evinin \u00f6n\u00fcnde iki kom\u015fusunu av t\u00fcfe\u011fiyle vurarak \u00f6ld\u00fcrd\u00fc. Bir ki\u015finin de yaraland\u0131\u011f\u0131 olayla ilgili konu\u015fan g\u00f6rg\u00fc tan\u0131klar\u0131 Mehmet I&#8217;n\u0131n neden silahla sald\u0131rd\u0131\u011f\u0131na bir anlam veremediklerini ifade ettiler.<\/h2>\n<div class=\"hbptDate\">Yaz\u0131tepe\u00a0k\u00f6y\u00fcnde ya\u015fayan Mehmet I. evinin \u00f6n\u00fcndeki park halindeki otomobile e\u015fya koyan kom\u015fular\u0131 Mustafa Y. (56) ve yan\u0131ndaki Sait G&#8217;ye (71) av t\u00fcfe\u011fiyle ate\u015f etti. Mehmet I. daha sonra t\u00fcfek sesini duyup evden \u00e7\u0131kan Mustafa Y&#8217;nin e\u015fi Fatma Y&#8217;yi (61) silahla vurdu.<\/div>\n<div><\/div>\n<div>\n<h3>2 K\u0130\u015e\u0130 HASTANEDE HAYATINI KAYBETT\u0130<\/h3>\n<p>\u0130hbar \u00fczerine k\u00f6ye 112 Acil Sa\u011fl\u0131k ve jandarma ekipleri sevk edildi. Yaral\u0131lardan Fatma Y. ve Sait G&#8217;nin hayat\u0131n\u0131 kaybetti\u011fi belirlendi.<\/p>\n<h3>89&#8217;LUK CAN\u0130 G\u00d6ZALTINDA<\/h3>\n<p>Ambulansla\u00a0Banaz\u00a0Devlet Hastanesi&#8217;ne kald\u0131r\u0131lan Mustafa Y, buradaki ilk m\u00fcdahalenin ard\u0131ndan\u00a0U\u015fak\u00a0E\u011fitim ve Ara\u015ft\u0131rma Hastanesi&#8217;ne sevk edildi. Mehmet I. ise jandarma ekiplerince g\u00f6zalt\u0131na al\u0131nd\u0131.<\/p>\n<h3>K\u0130MSE ANLAM VEREMED\u0130<\/h3>\n<p>G\u00f6rg\u00fc tan\u0131klar\u0131, kom\u015fular aras\u0131nda herhangi bir husumet ya da kavgan\u0131n olmad\u0131\u011f\u0131n\u0131, Mehmet I&#8217;n\u0131n neden silahla sald\u0131rd\u0131\u011f\u0131na bir anlam veremediklerini ifade etti.<\/p>\n<p>\u00d6te yandan olay yerine gelen Banaz Kaymakam\u0131 Cuma Eme\u00e7, \u0130l\u00a0Jandarma\u00a0Komutan Yard\u0131mc\u0131s\u0131\u00a0Albay\u00a0Deniz \u00c7ezik&#8217;ten bilgi ald\u0131.<\/p>\n<\/div>\n<p>&nbsp;<\/p>\n<p><strong>KAYNAK:SONDAK\u0130KA<\/strong><\/p>\n<div>\n<p>&nbsp;<\/p>\n<\/div>\n","protected":false},"excerpt":{"rendered":"<p>U\u015fak&#8217;\u0131n Banaz il\u00e7esinde 89 ya\u015f\u0131ndaki bir ki\u015fi, evinin \u00f6n\u00fcnde iki kom\u015fusunu av t\u00fcfe\u011fiyle vurarak \u00f6ld\u00fcrd\u00fc. Bir ki\u015finin de yaraland\u0131\u011f\u0131 olayla ilgili konu\u015fan g\u00f6rg\u00fc tan\u0131klar\u0131 Mehmet I&#8217;n\u0131n neden silahla sald\u0131rd\u0131\u011f\u0131na bir anlam veremediklerini ifade ettiler. Yaz\u0131tepe\u00a0k\u00f6y\u00fcnde ya\u015fayan Mehmet I. evinin \u00f6n\u00fcndeki park halindeki otomobile e\u015fya koyan kom\u015fular\u0131 Mustafa Y. (56) ve yan\u0131ndaki Sait G&#8217;ye (71) av [&hellip;]<\/p>\n","protected":false},"author":1,"featured_media":2448,"comment_status":"closed","ping_status":"closed","sticky":false,"template":"","format":"standard","meta":{"footnotes":""},"categories":[7,39],"tags":[60,71,335,334,333,332,331],"class_list":["post-2447","post","type-post","status-publish","format-standard","has-post-thumbnail","hentry","category-gundem","category-haber","tag-cinayet","tag-suc","tag-banaz","tag-guncel","tag-olaylar","tag-politika","tag-yerel-haberler"],"_links":{"self":[{"href":"https:\/\/avukatimtv.com\/index.php\/wp-json\/wp\/v2\/posts\/2447","targetHints":{"allow":["GET"]}}],"collection":[{"href":"https:\/\/avukatimtv.com\/index.php\/wp-json\/wp\/v2\/posts"}],"about":[{"href":"https:\/\/avukatimtv.com\/index.php\/wp-json\/wp\/v2\/types\/post"}],"author":[{"embeddable":true,"href":"https:\/\/avukatimtv.com\/index.php\/wp-json\/wp\/v2\/users\/1"}],"replies":[{"embeddable":true,"href":"https:\/\/avukatimtv.com\/index.php\/wp-json\/wp\/v2\/comments?post=2447"}],"version-history":[{"count":1,"href":"https:\/\/avukatimtv.com\/index.php\/wp-json\/wp\/v2\/posts\/2447\/revisions"}],"predecessor-version":[{"id":2449,"href":"https:\/\/avukatimtv.com\/index.php\/wp-json\/wp\/v2\/posts\/2447\/revisions\/2449"}],"wp:featuredmedia":[{"embeddable":true,"href":"https:\/\/avukatimtv.com\/index.php\/wp-json\/wp\/v2\/media\/2448"}],"wp:attachment":[{"href":"https:\/\/avukatimtv.com\/index.php\/wp-json\/wp\/v2\/media?parent=2447"}],"wp:term":[{"taxonomy":"category","embeddable":true,"href":"https:\/\/avukatimtv.com\/index.php\/wp-json\/wp\/v2\/categories?post=2447"},{"taxonomy":"post_tag","embeddable":true,"href":"https:\/\/avukatimtv.com\/index.php\/wp-json\/wp\/v2\/tags?post=2447"}],"curies":[{"name":"wp","href":"https:\/\/api.w.org\/{rel}","templated":true}]}}