{"id":2450,"date":"2025-03-11T14:10:21","date_gmt":"2025-03-11T11:10:21","guid":{"rendered":"https:\/\/avukatimtv.com\/?p=2450"},"modified":"2025-03-11T14:10:21","modified_gmt":"2025-03-11T11:10:21","slug":"eski-sevgilisini-sokak-ortasinda-vahsice-katletti-basini-defalarca-yere-vurdu","status":"publish","type":"post","link":"https:\/\/avukatimtv.com\/index.php\/2025\/03\/11\/eski-sevgilisini-sokak-ortasinda-vahsice-katletti-basini-defalarca-yere-vurdu\/","title":{"rendered":"Eski sevgilisini sokak ortas\u0131nda vah\u015fice katletti! Ba\u015f\u0131n\u0131 defalarca yere vurdu"},"content":{"rendered":"<h2 id=\"spot\" class=\"mt10 haber_ozet\">\u0130zmir&#8217;in \u00d6demi\u015f il\u00e7esinde Fatma Kara, eski sevgilisi O.G. taraf\u0131ndan sokak ortas\u0131nda d\u00f6v\u00fclerek \u00f6ld\u00fcr\u00fcld\u00fc. O.G.&#8217;nin Fatma Kara&#8217;y\u0131 daha \u00f6nce de darbetti\u011fi, bu nedenle verilen uzakla\u015ft\u0131rma karar\u0131n\u0131n bitti\u011fi, ancak a\u00e7\u0131lan davan\u0131n ise s\u00fcrd\u00fc\u011f\u00fc \u00f6\u011frenildi.<\/h2>\n<p>&nbsp;<\/p>\n<p>\u00d6demi\u015f\u00a0T\u00fcrkmen Mahallesi\u00a02.\u00a0Bay\u0131nd\u0131r\u00a0Sokak konu\u015fmak i\u00e7in bulu\u015fan\u00a0Fatma Kara\u00a0ile eski sevgilisi O.G. aras\u0131nda sokak ortas\u0131nda tart\u0131\u015fma \u00e7\u0131kt\u0131. Tart\u0131\u015fman\u0131n b\u00fcy\u00fcmesi \u00fczerine O.G., Fatma Kara&#8217;n\u0131n ba\u015f\u0131n\u0131 defalarca yere vurdu. \u00c7evredekilerin ihbar\u0131 \u00fczerine olay yerine sa\u011fl\u0131k ve polis ekipleri sevk edildi.<\/p>\n<p>&nbsp;<\/p>\n<h3>OLAY YER\u0130NDE HAYATINI KAYBETT\u0130<\/h3>\n<p>Sa\u011fl\u0131k ekiplerini yapt\u0131\u011f\u0131 kontrolde Kara&#8217;n\u0131n hayat\u0131n\u0131 kaybetti\u011fi belirlendi. Fatma Kara&#8217;n\u0131n cans\u0131z bedeni, otopsi i\u00e7in\u00a0\u0130zmir\u00a0Adli T\u0131p Kurumu&#8217;na g\u00f6t\u00fcr\u00fcld\u00fc.\u00a0Polis, O.G.&#8217;yi g\u00f6zalt\u0131na ald\u0131.<\/p>\n<p>&nbsp;<\/p>\n<p><img decoding=\"async\" src=\"https:\/\/foto.sondakika.com\/haber\/2025\/03\/11\/eski-sevgilisini-sokak-ortasinda-vahsice-katletti-18441377_7475_m.jpg\" alt=\"Eski sevgilisini sokak ortas\u0131nda vah\u015fice katletti! Ba\u015f\u0131n\u0131 defalarca yere vurdu\" \/><\/p>\n<h3>DAHA \u00d6NCE DE DARBETM\u0130\u015e<\/h3>\n<p>O.G.&#8217;nin Fatma Kara&#8217;y\u0131 daha \u00f6nce de darbetti\u011fi, bu neden verilen uzakla\u015ft\u0131rma karar\u0131n\u0131n bitti\u011fi ancak hakk\u0131nda a\u00e7\u0131lan davan\u0131n s\u00fcrd\u00fc\u011f\u00fc \u00f6\u011frenildi. Polisin, olayla ilgili soru\u015fturmas\u0131 s\u00fcr\u00fcyor.<\/p>\n<p><img decoding=\"async\" src=\"https:\/\/foto.sondakika.com\/haber\/2025\/03\/11\/eski-sevgilisini-sokak-ortasinda-vahsice-katletti-18441377_5354_m.jpg\" alt=\"Eski sevgilisini sokak ortas\u0131nda vah\u015fice katletti! Ba\u015f\u0131n\u0131 defalarca yere vurdu\" \/><\/p>\n<p>&nbsp;<\/p>\n<p><img decoding=\"async\" src=\"https:\/\/foto.sondakika.com\/haber\/2025\/03\/11\/eski-sevgilisini-sokak-ortasinda-vahsice-katletti-18441377_5637_m.jpg\" alt=\"Eski sevgilisini sokak ortas\u0131nda vah\u015fice katletti! Ba\u015f\u0131n\u0131 defalarca yere vurdu\" \/><\/p>\n<p>&nbsp;<\/p>\n<p><strong>KAYNAK:SONDAK\u0130KA<\/strong><\/p>\n<div class=\"hbptDate\"><\/div>\n","protected":false},"excerpt":{"rendered":"<p>\u0130zmir&#8217;in \u00d6demi\u015f il\u00e7esinde Fatma Kara, eski sevgilisi O.G. taraf\u0131ndan sokak ortas\u0131nda d\u00f6v\u00fclerek \u00f6ld\u00fcr\u00fcld\u00fc. O.G.&#8217;nin Fatma Kara&#8217;y\u0131 daha \u00f6nce de darbetti\u011fi, bu nedenle verilen uzakla\u015ft\u0131rma karar\u0131n\u0131n bitti\u011fi, ancak a\u00e7\u0131lan davan\u0131n ise s\u00fcrd\u00fc\u011f\u00fc \u00f6\u011frenildi. &nbsp; \u00d6demi\u015f\u00a0T\u00fcrkmen Mahallesi\u00a02.\u00a0Bay\u0131nd\u0131r\u00a0Sokak konu\u015fmak i\u00e7in bulu\u015fan\u00a0Fatma Kara\u00a0ile eski sevgilisi O.G. aras\u0131nda sokak ortas\u0131nda tart\u0131\u015fma \u00e7\u0131kt\u0131. Tart\u0131\u015fman\u0131n b\u00fcy\u00fcmesi \u00fczerine O.G., Fatma Kara&#8217;n\u0131n ba\u015f\u0131n\u0131 defalarca [&hellip;]<\/p>\n","protected":false},"author":1,"featured_media":2451,"comment_status":"closed","ping_status":"closed","sticky":false,"template":"","format":"standard","meta":{"footnotes":""},"categories":[7,39],"tags":[175,148,224,336,337,33],"class_list":["post-2450","post","type-post","status-publish","format-standard","has-post-thumbnail","hentry","category-gundem","category-haber","tag-guvenlik","tag-hukuk","tag-izmir","tag-fatma-kara","tag-odemis","tag-yasam"],"_links":{"self":[{"href":"https:\/\/avukatimtv.com\/index.php\/wp-json\/wp\/v2\/posts\/2450","targetHints":{"allow":["GET"]}}],"collection":[{"href":"https:\/\/avukatimtv.com\/index.php\/wp-json\/wp\/v2\/posts"}],"about":[{"href":"https:\/\/avukatimtv.com\/index.php\/wp-json\/wp\/v2\/types\/post"}],"author":[{"embeddable":true,"href":"https:\/\/avukatimtv.com\/index.php\/wp-json\/wp\/v2\/users\/1"}],"replies":[{"embeddable":true,"href":"https:\/\/avukatimtv.com\/index.php\/wp-json\/wp\/v2\/comments?post=2450"}],"version-history":[{"count":1,"href":"https:\/\/avukatimtv.com\/index.php\/wp-json\/wp\/v2\/posts\/2450\/revisions"}],"predecessor-version":[{"id":2452,"href":"https:\/\/avukatimtv.com\/index.php\/wp-json\/wp\/v2\/posts\/2450\/revisions\/2452"}],"wp:featuredmedia":[{"embeddable":true,"href":"https:\/\/avukatimtv.com\/index.php\/wp-json\/wp\/v2\/media\/2451"}],"wp:attachment":[{"href":"https:\/\/avukatimtv.com\/index.php\/wp-json\/wp\/v2\/media?parent=2450"}],"wp:term":[{"taxonomy":"category","embeddable":true,"href":"https:\/\/avukatimtv.com\/index.php\/wp-json\/wp\/v2\/categories?post=2450"},{"taxonomy":"post_tag","embeddable":true,"href":"https:\/\/avukatimtv.com\/index.php\/wp-json\/wp\/v2\/tags?post=2450"}],"curies":[{"name":"wp","href":"https:\/\/api.w.org\/{rel}","templated":true}]}}