{"id":2455,"date":"2025-03-12T15:50:47","date_gmt":"2025-03-12T12:50:47","guid":{"rendered":"https:\/\/avukatimtv.com\/?p=2455"},"modified":"2025-03-12T15:50:47","modified_gmt":"2025-03-12T12:50:47","slug":"gaziantepte-is-arkadasina-silahli-saldiri","status":"publish","type":"post","link":"https:\/\/avukatimtv.com\/index.php\/2025\/03\/12\/gaziantepte-is-arkadasina-silahli-saldiri\/","title":{"rendered":"Gaziantep&#8217;te \u0130\u015f Arkada\u015f\u0131na Silahl\u0131 Sald\u0131r\u0131"},"content":{"rendered":"<p>Gaziantep&#8217;in\u00a0\u0130slahiye\u00a0il\u00e7esinde tart\u0131\u015ft\u0131\u011f\u0131 i\u015f arkada\u015f\u0131n\u0131 silahla 14 el ate\u015f ederek a\u011f\u0131r yaralayan \u015fah\u0131s, jandarma ekiplerince yakaland\u0131ktan sonra tutukland\u0131.<\/p>\n<p>Olay, 5 Mart 2025 g\u00fcn\u00fc \u0130slahiye il\u00e7esi De\u011firmencik Mahallesi&#8217;nde bulunan bir in\u015faat firmas\u0131na ait \u015fantiyede meydana gelmi\u015fti. \u0130ddiaya g\u00f6re, E.A.(42) isimli \u015fah\u0131s ile i\u015f arkada\u015f\u0131 A.G. (43) aras\u0131nda alacak verecek anla\u015fmazl\u0131\u011f\u0131 nedeniyle tart\u0131\u015fma \u00e7\u0131km\u0131\u015f ve tart\u0131\u015fman\u0131n b\u00fcy\u00fcmesi ile A.G. yan\u0131nda bulundurdu\u011fu tabanca ile E.A.&#8217;ya 14 el ate\u015f etmi\u015fti. A\u011f\u0131r yaralanan E.A. sa\u011fl\u0131k ekipleri taraf\u0131ndan ambulansla \u0130slahiye\u00a0Devlet Hastanesi&#8217;ne kald\u0131r\u0131lm\u0131\u015ft\u0131. Yaral\u0131 \u015fahs\u0131n tedavisinin s\u00fcrd\u00fc\u011f\u00fc \u00f6\u011frenildi.<\/p>\n<p>Olay sonras\u0131 ka\u00e7an sald\u0131rgan, yakaland\u0131ktan sonra tutukland\u0131<\/p>\n<p>Olay\u0131 ger\u00e7ekle\u015ftirdikten sonra ka\u00e7an A.G. isimli \u015fah\u0131s ise jandarma ekiplerinin \u0131srarl\u0131 takibi sonucu su\u00e7 aleti tabanca ile birlikte\u00a0Kahramanmara\u015f&#8217;ta yakalanarak g\u00f6zalt\u0131na al\u0131nd\u0131. G\u00f6zalt\u0131na al\u0131nan E.A. isimli \u015fah\u0131s adli i\u015flemlerin ard\u0131ndan sevk edildi\u011fi mahkemece tutuklanarak cezaevine g\u00f6nderildi.<\/p>\n<p>&nbsp;<\/p>\n<p>&nbsp;<\/p>\n<p><strong>KAYNAK:SONDAK\u0130KA<\/strong><\/p>\n","protected":false},"excerpt":{"rendered":"<p>Gaziantep&#8217;in\u00a0\u0130slahiye\u00a0il\u00e7esinde tart\u0131\u015ft\u0131\u011f\u0131 i\u015f arkada\u015f\u0131n\u0131 silahla 14 el ate\u015f ederek a\u011f\u0131r yaralayan \u015fah\u0131s, jandarma ekiplerince yakaland\u0131ktan sonra tutukland\u0131. Olay, 5 Mart 2025 g\u00fcn\u00fc \u0130slahiye il\u00e7esi De\u011firmencik Mahallesi&#8217;nde bulunan bir in\u015faat firmas\u0131na ait \u015fantiyede meydana gelmi\u015fti. \u0130ddiaya g\u00f6re, E.A.(42) isimli \u015fah\u0131s ile i\u015f arkada\u015f\u0131 A.G. (43) aras\u0131nda alacak verecek anla\u015fmazl\u0131\u011f\u0131 nedeniyle tart\u0131\u015fma \u00e7\u0131km\u0131\u015f ve tart\u0131\u015fman\u0131n b\u00fcy\u00fcmesi ile [&hellip;]<\/p>\n","protected":false},"author":1,"featured_media":2456,"comment_status":"closed","ping_status":"closed","sticky":false,"template":"","format":"standard","meta":{"footnotes":""},"categories":[7,39],"tags":[243,175,148,135,71,344,332,331],"class_list":["post-2455","post","type-post","status-publish","format-standard","has-post-thumbnail","hentry","category-gundem","category-haber","tag-gaziantep","tag-guvenlik","tag-hukuk","tag-jandarma","tag-suc","tag-islahiye","tag-politika","tag-yerel-haberler"],"_links":{"self":[{"href":"https:\/\/avukatimtv.com\/index.php\/wp-json\/wp\/v2\/posts\/2455","targetHints":{"allow":["GET"]}}],"collection":[{"href":"https:\/\/avukatimtv.com\/index.php\/wp-json\/wp\/v2\/posts"}],"about":[{"href":"https:\/\/avukatimtv.com\/index.php\/wp-json\/wp\/v2\/types\/post"}],"author":[{"embeddable":true,"href":"https:\/\/avukatimtv.com\/index.php\/wp-json\/wp\/v2\/users\/1"}],"replies":[{"embeddable":true,"href":"https:\/\/avukatimtv.com\/index.php\/wp-json\/wp\/v2\/comments?post=2455"}],"version-history":[{"count":1,"href":"https:\/\/avukatimtv.com\/index.php\/wp-json\/wp\/v2\/posts\/2455\/revisions"}],"predecessor-version":[{"id":2457,"href":"https:\/\/avukatimtv.com\/index.php\/wp-json\/wp\/v2\/posts\/2455\/revisions\/2457"}],"wp:featuredmedia":[{"embeddable":true,"href":"https:\/\/avukatimtv.com\/index.php\/wp-json\/wp\/v2\/media\/2456"}],"wp:attachment":[{"href":"https:\/\/avukatimtv.com\/index.php\/wp-json\/wp\/v2\/media?parent=2455"}],"wp:term":[{"taxonomy":"category","embeddable":true,"href":"https:\/\/avukatimtv.com\/index.php\/wp-json\/wp\/v2\/categories?post=2455"},{"taxonomy":"post_tag","embeddable":true,"href":"https:\/\/avukatimtv.com\/index.php\/wp-json\/wp\/v2\/tags?post=2455"}],"curies":[{"name":"wp","href":"https:\/\/api.w.org\/{rel}","templated":true}]}}