{"id":2458,"date":"2025-03-12T16:00:21","date_gmt":"2025-03-12T13:00:21","guid":{"rendered":"https:\/\/avukatimtv.com\/?p=2458"},"modified":"2025-03-12T16:00:29","modified_gmt":"2025-03-12T13:00:29","slug":"hemsire-sevcanin-olumunde-kahreden-detay","status":"publish","type":"post","link":"https:\/\/avukatimtv.com\/index.php\/2025\/03\/12\/hemsire-sevcanin-olumunde-kahreden-detay\/","title":{"rendered":"Hem\u015fire Sevcan&#8217;\u0131n \u00f6l\u00fcm\u00fcnde kahreden detay"},"content":{"rendered":"<p>Antalya&#8217;da 2 ay \u00f6nce evlenen ancak hen\u00fcz d\u00fc\u011f\u00fcn yapmayan Halit Can ve Sevcan Demir Sakman \u00e7ifti, ge\u00e7ti\u011fimi g\u00fcn \u00f6\u011fle saatlerinde maddi problemler y\u00fcz\u00fcnden tart\u0131\u015ft\u0131. Halit Can Sakman ak\u015fam saatlerinde eve geldi\u011finde taraflar aras\u0131nda yine tart\u0131\u015fma \u00e7\u0131kt\u0131. Halit Can Sakman, kendisine b\u0131\u00e7akla sald\u0131rd\u0131\u011f\u0131n\u0131 \u00f6ne s\u00fcrd\u00fc\u011f\u00fc Sevcan Demir Sakman&#8217;a sat\u0131rla vurarak \u00f6ld\u00fcrd\u00fc.\u00a0Polis\u00a0ekiplerine teslim olan Halit Can Sakman, i\u015flemlerinin ard\u0131ndan sevk edildi\u011fi adliyede tutukland\u0131. Sevcan Demir Sakman&#8217;\u0131n cenazesi, d\u00fcn memleketi\u00a0Hatay&#8217;\u0131n\u00a0\u0130skenderun\u00a0il\u00e7esinde topra\u011fa verildi<\/p>\n<p><img decoding=\"async\" src=\"https:\/\/foto.sondakika.com\/haber\/2025\/03\/12\/hemsire-sevcan-demir-in-olumunde-kahreden-detay-18444344_3693_m.jpg\" alt=\"Hem\u015fire Sevcan Demir'in \u00f6l\u00fcm\u00fcnde kahreden detay\" \/><\/p>\n<p>&nbsp;<\/p>\n<h3>&#8220;ELLER\u0130 T\u0130TR\u0130YORDU, G\u00d6Z ALTLARI MORDU&#8221;<\/h3>\n<p>Ac\u0131l\u0131 baba G\u00fcnay Demir, k\u0131z\u0131n\u0131 topra\u011fa verdikten sonra taziyeleri kabul etmeye ba\u015flad\u0131.\u00a0DHA&#8217;ya a\u00e7\u0131klamalarda bulunan G\u00fcnay Demir, k\u0131z\u0131n\u0131n evlili\u011fine raz\u0131 olmad\u0131\u011f\u0131n\u0131 ancak \u00e7ok sevdi\u011fi i\u00e7in kabul etti\u011fini belirtti. K\u0131z\u0131yla damad\u0131n\u0131n bir bak\u0131mevinde \u00e7al\u0131\u015f\u0131rken tan\u0131\u015ft\u0131klar\u0131n\u0131 aktaran Demir, &#8220;Bana gelip, &#8216;Baba\u00a0ben bir \u00e7ocu\u011fu seviyorum, tan\u0131\u015ft\u0131rmak istiyorum&#8217; dedi. Ben de kabul ettim. \u00c7ocu\u011fu getirdi, tan\u0131\u015ft\u0131rd\u0131. \u00c7ocu\u011fun elleri titriyor, g\u00f6z altlar\u0131 mor. Hap veya ba\u015fka bir \u015fey i\u00e7iyor. Bunlar gittikten sonra k\u0131z\u0131m\u0131 \u00e7a\u011f\u0131r\u0131p &#8216;Bu sana yaramaz, yapma&#8217; dedim&#8221; diye konu\u015ftu.<\/p>\n<p>&nbsp;<\/p>\n<p><img decoding=\"async\" src=\"https:\/\/foto.sondakika.com\/haber\/2025\/03\/12\/hemsire-sevcan-demir-in-olumunde-kahreden-detay-18444344_467_m.jpg\" alt=\"Hem\u015fire Sevcan Demir'in \u00f6l\u00fcm\u00fcnde kahreden detay\" \/><\/p>\n<p>&nbsp;<\/p>\n<h3>&#8220;DAYANAMADIM, OTOGARA G\u00d6T\u00dcR\u00dcM, G\u00d6NDERD\u0130M&#8221;<\/h3>\n<p>K\u0131z\u0131n\u0131n kendisini dinlemedi\u011fini belirten Demir, &#8220;K\u0131z\u0131m\u0131 \u00e7ok sevdi\u011fim i\u00e7in benim de elimden bir \u015fey gelmedi. Daha sonra i\u015ften ayr\u0131ld\u0131\u011f\u0131n\u0131 ve Antalya&#8217;da i\u015f buldu\u011funu, gidece\u011fini s\u00f6yledi. K\u0131z\u0131m\u0131 g\u00f6ndermeyece\u011fimi s\u00f6yledim. O \u00e7ocuk da istifa etmi\u015f beraber Antalya&#8217;dan i\u015f ayarlam\u0131\u015flar. Orada farkl\u0131 hastanelerde farkl\u0131 lojmanlarda \u00e7al\u0131\u015f\u0131p birbirlerini g\u00f6rmeyeceklerini s\u00f6yledi. Baba y\u00fcre\u011fi dayanamad\u0131m otogara g\u00f6t\u00fcr\u00fcp k\u0131z\u0131m\u0131 g\u00f6nderdim ama k\u0131rg\u0131nl\u0131\u011f\u0131mdan ve k\u0131zg\u0131nl\u0131\u011f\u0131mdan 3 ay konu\u015fmad\u0131m. Daha sonra arad\u0131m, iyi oldu\u011funu s\u00f6yledi. Sonras\u0131nda her g\u00fcn telefonla g\u00f6r\u00fc\u015ft\u00fck. Olaydan 1 g\u00fcn \u00f6nce de g\u00f6r\u00fc\u015ft\u00fck, ne\u015fesi yerindeydi, \u00e7ok mutlu oldu\u011funu s\u00f6yl\u00fcyordu. \u00c7ar\u015famba g\u00fcn\u00fc Antalya&#8217;ya gidece\u011fimi, eksikleri olup olmad\u0131\u011f\u0131n\u0131 sordum. D\u00fc\u011f\u00fcn ve ni\u015fan yapmad\u0131klar\u0131 i\u00e7in beraber bir organizasyon yapacakt\u0131k&#8221; dedi.<\/p>\n<p><img decoding=\"async\" src=\"https:\/\/foto.sondakika.com\/haber\/2025\/03\/12\/hemsire-sevcan-demir-in-olumunde-kahreden-detay-18444344_8440_m.jpg\" alt=\"Hem\u015fire Sevcan Demir'in \u00f6l\u00fcm\u00fcnde kahreden detay\" \/><\/p>\n<h3>&#8220;BEN NASIL DAYANACA\u011eIM&#8221;<\/h3>\n<p>K\u0131z\u0131n\u0131n \u00f6ld\u00fcr\u00fclmesine tepki g\u00f6steren G\u00fcnay Demir, &#8220;Benim bir k\u0131z\u0131m daha var. Benim k\u0131z\u0131m \u00e7ar\u015f\u0131ya gidecek, gezecek, kahvesini i\u00e7ecek, arkada\u015f\u0131 olacak. Benim k\u0131z\u0131m nas\u0131l evlenecek? Yani insanlar bu kadar m\u0131 ac\u0131mas\u0131z olmu\u015f? Sen nas\u0131l bir insan\u0131 b\u00f6yle katledebilirsin? Sen nas\u0131l \u00f6ld\u00fcr\u00fcrs\u00fcn? Bu kad\u0131n cinayetlerine dur demek istiyoruz. Kad\u0131na vuran, kad\u0131na nas\u0131l vurursun? Aciz bir insand\u0131r o ya. Ya nas\u0131l keser? Bu insanl\u0131k d\u0131\u015f\u0131 bir \u015fey. Kanunlar\u0131m\u0131z en a\u011f\u0131r \u015fekilde cezaland\u0131rs\u0131n. Yoksa yeni kanunlar \u00e7\u0131kart\u0131ls\u0131n. Benim k\u0131z\u0131m\u0131 \u00f6ld\u00fcrmedi. Benim k\u0131z\u0131m\u0131 kesti, bi\u00e7ti. O \u00e7ocu\u011fun kayd\u0131 varm\u0131\u015f. O \u00e7ocuk zaten ruh hastas\u0131ym\u0131\u015f. Ben nas\u0131l dayanaca\u011f\u0131m?&#8221; diye konu\u015ftu.<\/p>\n<p>&nbsp;<\/p>\n<p><img decoding=\"async\" src=\"https:\/\/foto.sondakika.com\/haber\/2025\/03\/12\/oldurulen-sevcan-in-babasi-evliligine-izin-18444345_1025_amp.jpg\" alt=\"Hem\u015fire Sevcan\\'\u0131n \u00f6l\u00fcm\u00fcnde kahreden detay\" \/><\/p>\n<p>&nbsp;<\/p>\n<p>&nbsp;<\/p>\n<p><strong>KAYNAK:SONDAK\u0130KA<\/strong><\/p>\n<p>&nbsp;<\/p>\n","protected":false},"excerpt":{"rendered":"<p>Antalya&#8217;da 2 ay \u00f6nce evlenen ancak hen\u00fcz d\u00fc\u011f\u00fcn yapmayan Halit Can ve Sevcan Demir Sakman \u00e7ifti, ge\u00e7ti\u011fimi g\u00fcn \u00f6\u011fle saatlerinde maddi problemler y\u00fcz\u00fcnden tart\u0131\u015ft\u0131. Halit Can Sakman ak\u015fam saatlerinde eve geldi\u011finde taraflar aras\u0131nda yine tart\u0131\u015fma \u00e7\u0131kt\u0131. Halit Can Sakman, kendisine b\u0131\u00e7akla sald\u0131rd\u0131\u011f\u0131n\u0131 \u00f6ne s\u00fcrd\u00fc\u011f\u00fc Sevcan Demir Sakman&#8217;a sat\u0131rla vurarak \u00f6ld\u00fcrd\u00fc.\u00a0Polis\u00a0ekiplerine teslim olan Halit Can Sakman, [&hellip;]<\/p>\n","protected":false},"author":1,"featured_media":2459,"comment_status":"closed","ping_status":"closed","sticky":false,"template":"","format":"standard","meta":{"footnotes":""},"categories":[7,39],"tags":[104,267,345,60,51,175,148,33],"class_list":["post-2458","post","type-post","status-publish","format-standard","has-post-thumbnail","hentry","category-gundem","category-haber","tag-antalya","tag-baba","tag-cenaze","tag-cinayet","tag-gozalti","tag-guvenlik","tag-hukuk","tag-yasam"],"_links":{"self":[{"href":"https:\/\/avukatimtv.com\/index.php\/wp-json\/wp\/v2\/posts\/2458","targetHints":{"allow":["GET"]}}],"collection":[{"href":"https:\/\/avukatimtv.com\/index.php\/wp-json\/wp\/v2\/posts"}],"about":[{"href":"https:\/\/avukatimtv.com\/index.php\/wp-json\/wp\/v2\/types\/post"}],"author":[{"embeddable":true,"href":"https:\/\/avukatimtv.com\/index.php\/wp-json\/wp\/v2\/users\/1"}],"replies":[{"embeddable":true,"href":"https:\/\/avukatimtv.com\/index.php\/wp-json\/wp\/v2\/comments?post=2458"}],"version-history":[{"count":1,"href":"https:\/\/avukatimtv.com\/index.php\/wp-json\/wp\/v2\/posts\/2458\/revisions"}],"predecessor-version":[{"id":2460,"href":"https:\/\/avukatimtv.com\/index.php\/wp-json\/wp\/v2\/posts\/2458\/revisions\/2460"}],"wp:featuredmedia":[{"embeddable":true,"href":"https:\/\/avukatimtv.com\/index.php\/wp-json\/wp\/v2\/media\/2459"}],"wp:attachment":[{"href":"https:\/\/avukatimtv.com\/index.php\/wp-json\/wp\/v2\/media?parent=2458"}],"wp:term":[{"taxonomy":"category","embeddable":true,"href":"https:\/\/avukatimtv.com\/index.php\/wp-json\/wp\/v2\/categories?post=2458"},{"taxonomy":"post_tag","embeddable":true,"href":"https:\/\/avukatimtv.com\/index.php\/wp-json\/wp\/v2\/tags?post=2458"}],"curies":[{"name":"wp","href":"https:\/\/api.w.org\/{rel}","templated":true}]}}