{"id":2469,"date":"2025-03-13T16:02:41","date_gmt":"2025-03-13T13:02:41","guid":{"rendered":"https:\/\/avukatimtv.com\/?p=2469"},"modified":"2025-03-13T16:02:41","modified_gmt":"2025-03-13T13:02:41","slug":"kastamonuda-cinayet-davasinda-cezai-ehliyet-degerlendirmesi","status":"publish","type":"post","link":"https:\/\/avukatimtv.com\/index.php\/2025\/03\/13\/kastamonuda-cinayet-davasinda-cezai-ehliyet-degerlendirmesi\/","title":{"rendered":"Kastamonu&#8217;da cinayet davas\u0131nda cezai ehliyet de\u011ferlendirmesi"},"content":{"rendered":"<p>Kastamonu&#8217;da samanl\u0131kta balta ile \u00f6ld\u00fcr\u00fcld\u00fckten sonra \u00e7uvala koyup dereye at\u0131lan \u015fahs\u0131n \u00f6ld\u00fcr\u00fclmesi olay\u0131yla ilgili mahkeme heyeti, san\u0131\u011f\u0131n cezai ehliyetinin olup olmad\u0131\u011f\u0131na dair rapor al\u0131nmas\u0131na karar verdi.<\/p>\n<p>Olay, 17 Temmuz 2023 tarihinde Kastamonu&#8217;nun merkez il\u00e7esine ba\u011fl\u0131\u00a0Ahlat\u00a0k\u00f6y\u00fcnde meydana geldi. Edinilen bilgiye g\u00f6re, evden ayr\u0131ld\u0131ktan sonra bir daha kendisinden haber al\u0131namayan 57 ya\u015f\u0131ndaki Sat\u0131 Do\u011fruo\u011flu&#8217;nun cenazesi, Kastamonu \u0130l\u00a0Jandarma\u00a0Komutanl\u0131\u011f\u0131 ekipleri taraf\u0131ndan dere yata\u011f\u0131ndaki \u00e7uval i\u00e7erisinde bulundu. \u00c7uval\u0131n izlerini takip eden ekipler, izlerin k\u00f6y\u00fcn yakla\u015f\u0131k 300 metre yak\u0131n\u0131ndaki Behice \u00c7.&#8217;ye ait evin samanl\u0131\u011f\u0131na kadar devam etti\u011fini tespit etti. Jandarma ekipleri, samanl\u0131kta yapt\u0131klar\u0131 incelemede, 57 ya\u015f\u0131ndaki Sat\u0131 Do\u011fruo\u011flu&#8217;nun balta ile \u00f6ld\u00fcr\u00fcld\u00fckten sonra cesedinin \u00e7uvala koyuldu\u011fu ve s\u00fcr\u00fcklenerek dereye at\u0131ld\u0131\u011f\u0131n\u0131 belirledi. Olay\u0131n ard\u0131ndan g\u00f6zalt\u0131na al\u0131nan samanl\u0131\u011f\u0131n sahipleri Behice \u00c7., e\u015fi Bayram \u00c7. ve o\u011flu \u00dcmit \u00c7. adli makamlarca tutukland\u0131.<\/p>\n<p>Olay\u0131n ard\u0131ndan \u015f\u00fcpheliler hakk\u0131nda &#8220;kasten \u00f6ld\u00fcrme&#8221; su\u00e7undan, Kastamonu A\u011f\u0131r Ceza Mahkemesinde dava g\u00f6r\u00fclmeye devam etti. Duru\u015fmaya tutuklu san\u0131klar Behice \u00c7. ile yarg\u0131lama s\u00fcrecinde tahliye edilen e\u015fi Bayram \u00c7. ve o\u011flu \u00dcmit \u00c7. ile avukatlar\u0131 kat\u0131ld\u0131.<\/p>\n<p>&#8220;Babam\u0131n sinyal kesilinceye kadar olan raporu gelmemi\u015ftir, yeniden rapor al\u0131nmas\u0131n\u0131 talep ediyorum&#8221;<\/p>\n<p>Duru\u015fmada, bir \u00f6nceki celsede istenilen daralt\u0131lm\u0131\u015f HTS kay\u0131tlar\u0131n\u0131n raporu g\u00f6r\u00fc\u015f\u00fcld\u00fc.<\/p>\n<p>Maktul Sat\u0131 Do\u011fruo\u011flu&#8217;nun o\u011flu O. Do\u011fruo\u011flu, &#8220;Daralt\u0131lm\u0131\u015f HTS kay\u0131tlar\u0131 raporuna g\u00f6re, \u00dcmit ve Bayram&#8217;\u0131n bilirki\u015fi raporuna g\u00f6re i\u00e7inde saat 11.00&#8217;a kadar, ard\u0131ndan k\u00f6y d\u0131\u015f\u0131nda oldu\u011fu belirtilmi\u015f. Bunun tespitinin nas\u0131l yap\u0131ld\u0131\u011f\u0131n\u0131 ben anlamad\u0131m. HTS kay\u0131tlar\u0131na bakt\u0131\u011f\u0131m\u0131zda babam\u0131n da gece ayn\u0131 k\u00f6yde oldu\u011fu g\u00f6r\u00fcl\u00fcyor. Oysa ki babam evde yat\u0131yordu ama HTS kay\u0131tlar\u0131na g\u00f6re babam\u0131n gece da\u011fda oldu\u011fu g\u00f6r\u00fcl\u00fcyor. Benim babam o zaman da\u011fda m\u0131 yatt\u0131? Hay\u0131r, babam evde yat\u0131yordu. Babam\u0131n da sinyal kesilinceye kadar olan raporu kay\u0131tlara bakt\u0131\u011f\u0131m\u0131zda gelmemi\u015ftir. Bilirki\u015fi raporunda \u00dcmit ve \u0130brahim&#8217;in saat 11.00&#8217;a kadar k\u00f6yde sinyal veriyor g\u00f6r\u00fcl\u00fcyor. Bu s\u00fcre\u00e7te samanl\u0131\u011fa gittiler mi ya da babamla kar\u015f\u0131la\u015ft\u0131lar m\u0131? San\u0131klar\u0131n sinyali ile babam\u0131n telefon sinyali ayn\u0131 yerde birlikte sinyal verdi mi? Bu hususlar, bu eksiklikler raporda belirtilmemi\u015f, bu nedenle biz raporu kabul etmiyoruz. Yeni bir rapor al\u0131narak babam\u0131n da tam olarak nerede sinyal verdi\u011finin tespit edilmesini talep ediyoruz&#8221; dedi.<\/p>\n<p>M\u00fc\u015fteki Avukat\u0131\u00a0Osman Yi\u011fit\u00a0\u00c7\u0131naro\u011flu ise, &#8220;Sadece san\u0131klar\u0131n HTS kay\u0131tlar\u0131 yap\u0131lm\u0131\u015f, maktul\u00fcn daralt\u0131lm\u0131\u015f HTS kay\u0131tlar\u0131 dosyada mevcut de\u011fildir. Maktul\u00fcn HTS kay\u0131tlar\u0131 yap\u0131lmam\u0131\u015ft\u0131r. Maktul\u00fcnde daralt\u0131lm\u0131\u015f HTS kay\u0131tlar\u0131n\u0131n \u00e7\u0131kart\u0131lmas\u0131n\u0131 talep ediyoruz. Bir \u00f6nceki mahkemenizde bu talebimiz uygun bulunmu\u015ftur, fakat bug\u00fcnk\u00fc raporda maktul ile ilgili daralt\u0131lm\u0131\u015f HTS kay\u0131tlar\u0131 gelmemi\u015ftir&#8221; diye konu\u015ftu.<\/p>\n<p>&#8220;\u00c7ok pi\u015fman\u0131m, tahliyemi istiyorum&#8221;<\/p>\n<p>Tutuklu san\u0131k Behice \u00c7. de, &#8220;HTS raporuna bir diyece\u011fim yoktur. \u00d6nce Allah&#8217;a sonra adaletinize s\u0131\u011f\u0131n\u0131yorum. \u00c7ok pi\u015fman\u0131m, tahliyemi istiyorum&#8221; \u015feklinde konu\u015ftu.<\/p>\n<p>Tutuksuz yarg\u0131lanan san\u0131k Bayram \u00c7. ise, &#8220;Rapora kar\u015f\u0131 bir diyece\u011fim yoktur&#8221; dedi.<\/p>\n<p>Tutuksuz yarg\u0131lanan \u00dcmit \u00c7. de, &#8220;Mahkemenize gelen HTS kay\u0131tlar\u0131 bizi destekler niteli\u011findedir. Olay s\u0131ras\u0131nda ben k\u00f6yde de\u011fildim. K\u00f6yde yoktum. Diyece\u011fim ba\u015fka bir \u015feyde yoktur&#8221; diye konu\u015ftu.<\/p>\n<p>&nbsp;<\/p>\n<p>San\u0131k avukat\u0131 \u00d6zlem \u00c7iftci ise, &#8220;HTS kay\u0131tlar\u0131na g\u00f6re \u00f6ld\u00fcrme saati \u00f6\u011flen saatlerine denk gelmektedir. O saatte ise m\u00fcvekkillerimizin \u00f6ld\u00fcrme olay\u0131na hi\u00e7bir \u015fekilde i\u015ftirakleri yoktur. Mahkemenize sunulan daralt\u0131lm\u0131\u015f HTS kay\u0131tlar\u0131 da bunu desteklemektedir&#8221; \u015feklinde konu\u015ftu.<\/p>\n<p>Mahkeme heyeti, Behice \u00c7.&#8217;nin Kastamonu\u00a0\u0130l Sa\u011fl\u0131k M\u00fcd\u00fcrl\u00fc\u011f\u00fc\u00a0taraf\u0131ndan\u00a0\u0130stanbul\u00a0Adli T\u0131p\u00a04. \u0130htisas Kurulunda cezai ehliyetinin olup olmad\u0131\u011f\u0131na dair rapor al\u0131nmas\u0131n\u0131 kararla\u015ft\u0131rd\u0131. Mahkeme heyeti, kat\u0131lanlar\u0131n daralt\u0131lm\u0131\u015f HTS kay\u0131tlar\u0131n\u0131n maktul a\u00e7\u0131s\u0131ndan da al\u0131nmas\u0131 y\u00f6n\u00fcndeki taleplerinin reddine karar verdi. Mahkeme heyeti, ayr\u0131ca san\u0131k Behice \u00c7.&#8217;nin tutuklulu\u011funun devam\u0131na, Bayram \u00c7. ile o\u011flu \u00dcmit \u00c7.&#8217;nin de adli kontrol \u015fartlar\u0131n\u0131n devam\u0131na karar vererek duru\u015fmay\u0131 ileri bir tarihe erteledi.<\/p>\n<p>&nbsp;<\/p>\n<p><strong>KAYNAK:SONDAK\u0130KA<\/strong><\/p>\n","protected":false},"excerpt":{"rendered":"<p>Kastamonu&#8217;da samanl\u0131kta balta ile \u00f6ld\u00fcr\u00fcld\u00fckten sonra \u00e7uvala koyup dereye at\u0131lan \u015fahs\u0131n \u00f6ld\u00fcr\u00fclmesi olay\u0131yla ilgili mahkeme heyeti, san\u0131\u011f\u0131n cezai ehliyetinin olup olmad\u0131\u011f\u0131na dair rapor al\u0131nmas\u0131na karar verdi. Olay, 17 Temmuz 2023 tarihinde Kastamonu&#8217;nun merkez il\u00e7esine ba\u011fl\u0131\u00a0Ahlat\u00a0k\u00f6y\u00fcnde meydana geldi. Edinilen bilgiye g\u00f6re, evden ayr\u0131ld\u0131ktan sonra bir daha kendisinden haber al\u0131namayan 57 ya\u015f\u0131ndaki Sat\u0131 Do\u011fruo\u011flu&#8217;nun cenazesi, Kastamonu \u0130l\u00a0Jandarma\u00a0Komutanl\u0131\u011f\u0131 [&hellip;]<\/p>\n","protected":false},"author":1,"featured_media":2470,"comment_status":"closed","ping_status":"closed","sticky":false,"template":"","format":"standard","meta":{"footnotes":""},"categories":[7,39],"tags":[60,148,147,71,349,332,350],"class_list":["post-2469","post","type-post","status-publish","format-standard","has-post-thumbnail","hentry","category-gundem","category-haber","tag-cinayet","tag-hukuk","tag-mahkeme","tag-suc","tag-kastamonu","tag-politika","tag-son-dakika"],"_links":{"self":[{"href":"https:\/\/avukatimtv.com\/index.php\/wp-json\/wp\/v2\/posts\/2469","targetHints":{"allow":["GET"]}}],"collection":[{"href":"https:\/\/avukatimtv.com\/index.php\/wp-json\/wp\/v2\/posts"}],"about":[{"href":"https:\/\/avukatimtv.com\/index.php\/wp-json\/wp\/v2\/types\/post"}],"author":[{"embeddable":true,"href":"https:\/\/avukatimtv.com\/index.php\/wp-json\/wp\/v2\/users\/1"}],"replies":[{"embeddable":true,"href":"https:\/\/avukatimtv.com\/index.php\/wp-json\/wp\/v2\/comments?post=2469"}],"version-history":[{"count":1,"href":"https:\/\/avukatimtv.com\/index.php\/wp-json\/wp\/v2\/posts\/2469\/revisions"}],"predecessor-version":[{"id":2471,"href":"https:\/\/avukatimtv.com\/index.php\/wp-json\/wp\/v2\/posts\/2469\/revisions\/2471"}],"wp:featuredmedia":[{"embeddable":true,"href":"https:\/\/avukatimtv.com\/index.php\/wp-json\/wp\/v2\/media\/2470"}],"wp:attachment":[{"href":"https:\/\/avukatimtv.com\/index.php\/wp-json\/wp\/v2\/media?parent=2469"}],"wp:term":[{"taxonomy":"category","embeddable":true,"href":"https:\/\/avukatimtv.com\/index.php\/wp-json\/wp\/v2\/categories?post=2469"},{"taxonomy":"post_tag","embeddable":true,"href":"https:\/\/avukatimtv.com\/index.php\/wp-json\/wp\/v2\/tags?post=2469"}],"curies":[{"name":"wp","href":"https:\/\/api.w.org\/{rel}","templated":true}]}}