{"id":2472,"date":"2025-03-13T16:44:23","date_gmt":"2025-03-13T13:44:23","guid":{"rendered":"https:\/\/avukatimtv.com\/?p=2472"},"modified":"2025-03-13T16:44:23","modified_gmt":"2025-03-13T13:44:23","slug":"2-gunluk-bebegi-bogup-betona-gomen-firari-anne-ve-anneanne-tutuklandi","status":"publish","type":"post","link":"https:\/\/avukatimtv.com\/index.php\/2025\/03\/13\/2-gunluk-bebegi-bogup-betona-gomen-firari-anne-ve-anneanne-tutuklandi\/","title":{"rendered":"2 g\u00fcnl\u00fck bebe\u011fi bo\u011fup betona g\u00f6men firari anne ve anneanne tutukland\u0131"},"content":{"rendered":"<p>Tekirda\u011f\u00a0\u0130l\u00a0Jandarma\u00a0Komutanl\u0131\u011f\u0131na ba\u011fl\u0131\u00a0Asayi\u015f \u015eube M\u00fcd\u00fcrl\u00fc\u011f\u00fc\u00a0JASAT\u00a0timleri taraf\u0131ndan 12 Mart 2025 tarihinde ger\u00e7ekle\u015ftirilen projeli operasyon kapsam\u0131nda, \u0130.A. (38) isimli kad\u0131n\u0131n &#8220;Yak\u0131n akrabay\u0131 \u00f6ld\u00fcrme&#8221; su\u00e7undan m\u00fcebbet hapis cezas\u0131 bulundu\u011fu belirlendi. Ayn\u0131 su\u00e7tan tutuklamaya y\u00f6nelik aranan T.S. (64) isimli kad\u0131n da ekiplerin takibine al\u0131nd\u0131. Asayi\u015f \u015eube JASAT, 6. JASAT,\u00a0\u00c7orlu\u00a0\u0130l\u00e7e Jandarma Komutanl\u0131\u011f\u0131 ve\u00a0S\u00fcleymanpa\u015fa\u00a0\u0130l\u00e7e Jandarma Komutanl\u0131\u011f\u0131 ekiplerinin ortak operasyonuyla \u015f\u00fcpheliler, S\u00fcleymanpa\u015fa il\u00e7esine ba\u011fl\u0131 Nusratiye Mahallesi&#8217;ndeki ikametlerinde yakaland\u0131<\/p>\n<h3>BEBE\u011e\u0130 BO\u011eUP BETONA G\u00d6MM\u00dc\u015eLER<\/h3>\n<p>Tekirda\u011f&#8217;\u0131n \u00c7orlu il\u00e7esinde, 2010&#8217;da meydana gelen olayda \u0130.A.&#8217;nin askerdeki sevgilisinden d\u00fcnyaya gelen 2 g\u00fcnl\u00fck k\u0131z bebe\u011fi, aile meclisi karar\u0131yla \u00f6ld\u00fcr\u00fcld\u00fc. Bebe\u011fin \u00f6nce bo\u011fularak \u00f6ld\u00fcr\u00fcld\u00fc\u011f\u00fc, ard\u0131ndan evin bah\u00e7esine g\u00f6m\u00fcl\u00fcp \u00fczerine beton d\u00f6k\u00fcld\u00fc\u011f\u00fc ortaya \u00e7\u0131kt\u0131.\u00a0Polis, yap\u0131lan ihbar \u00fczerine belirtilen adreste arama yaparak bebe\u011fin cesedine ula\u015ft\u0131. Soru\u015fturma kapsam\u0131nda, anne \u0130.A, anneanne T.S. ve aile meclisinin di\u011fer \u00fcyeleri g\u00f6zalt\u0131na al\u0131nd\u0131.<\/p>\n<h3>ADRES DE\u011e\u0130\u015eT\u0130R\u0130P \u0130ZLER\u0130N\u0130 KAYBETT\u0130RD\u0130LER<\/h3>\n<p>2010 y\u0131l\u0131nda tutuklu olarak yarg\u0131lanan anne ve anneanne mahkemenin ara karar\u0131yla 2018 y\u0131l\u0131nda tutuksuz yarg\u0131lanmak \u00fczere tahliye edildi. Mahkemenin iki kad\u0131n hakk\u0131nda yak\u0131n akrabay\u0131 \u00f6ld\u00fcrmek su\u00e7undan a\u011f\u0131rla\u015ft\u0131r\u0131lm\u0131\u015f m\u00fcebbet karar vermesinin ard\u0131ndan iki kad\u0131n s\u00fcrekli adres de\u011fi\u015ftirerek izini kaybettirdi. Cinayetten aranan iki kad\u0131n JASAT Ekiplerinin titiz \u00e7al\u0131\u015fmas\u0131 neticesinde yakalanarak cezaevine teslim edildi.<\/p>\n<p>&nbsp;<\/p>\n<p>&nbsp;<\/p>\n<p><strong>KAYNAK:SONDAK\u0130KA<\/strong><\/p>\n","protected":false},"excerpt":{"rendered":"<p>Tekirda\u011f\u00a0\u0130l\u00a0Jandarma\u00a0Komutanl\u0131\u011f\u0131na ba\u011fl\u0131\u00a0Asayi\u015f \u015eube M\u00fcd\u00fcrl\u00fc\u011f\u00fc\u00a0JASAT\u00a0timleri taraf\u0131ndan 12 Mart 2025 tarihinde ger\u00e7ekle\u015ftirilen projeli operasyon kapsam\u0131nda, \u0130.A. (38) isimli kad\u0131n\u0131n &#8220;Yak\u0131n akrabay\u0131 \u00f6ld\u00fcrme&#8221; su\u00e7undan m\u00fcebbet hapis cezas\u0131 bulundu\u011fu belirlendi. Ayn\u0131 su\u00e7tan tutuklamaya y\u00f6nelik aranan T.S. (64) isimli kad\u0131n da ekiplerin takibine al\u0131nd\u0131. Asayi\u015f \u015eube JASAT, 6. JASAT,\u00a0\u00c7orlu\u00a0\u0130l\u00e7e Jandarma Komutanl\u0131\u011f\u0131 ve\u00a0S\u00fcleymanpa\u015fa\u00a0\u0130l\u00e7e Jandarma Komutanl\u0131\u011f\u0131 ekiplerinin ortak operasyonuyla \u015f\u00fcpheliler, S\u00fcleymanpa\u015fa il\u00e7esine [&hellip;]<\/p>\n","protected":false},"author":1,"featured_media":2473,"comment_status":"closed","ping_status":"closed","sticky":false,"template":"","format":"standard","meta":{"footnotes":""},"categories":[7,39],"tags":[188,60,175,148,135,309,79,71,332],"class_list":["post-2472","post","type-post","status-publish","format-standard","has-post-thumbnail","hentry","category-gundem","category-haber","tag-ceza","tag-cinayet","tag-guvenlik","tag-hukuk","tag-jandarma","tag-jasat","tag-operasyon","tag-suc","tag-politika"],"_links":{"self":[{"href":"https:\/\/avukatimtv.com\/index.php\/wp-json\/wp\/v2\/posts\/2472","targetHints":{"allow":["GET"]}}],"collection":[{"href":"https:\/\/avukatimtv.com\/index.php\/wp-json\/wp\/v2\/posts"}],"about":[{"href":"https:\/\/avukatimtv.com\/index.php\/wp-json\/wp\/v2\/types\/post"}],"author":[{"embeddable":true,"href":"https:\/\/avukatimtv.com\/index.php\/wp-json\/wp\/v2\/users\/1"}],"replies":[{"embeddable":true,"href":"https:\/\/avukatimtv.com\/index.php\/wp-json\/wp\/v2\/comments?post=2472"}],"version-history":[{"count":1,"href":"https:\/\/avukatimtv.com\/index.php\/wp-json\/wp\/v2\/posts\/2472\/revisions"}],"predecessor-version":[{"id":2474,"href":"https:\/\/avukatimtv.com\/index.php\/wp-json\/wp\/v2\/posts\/2472\/revisions\/2474"}],"wp:featuredmedia":[{"embeddable":true,"href":"https:\/\/avukatimtv.com\/index.php\/wp-json\/wp\/v2\/media\/2473"}],"wp:attachment":[{"href":"https:\/\/avukatimtv.com\/index.php\/wp-json\/wp\/v2\/media?parent=2472"}],"wp:term":[{"taxonomy":"category","embeddable":true,"href":"https:\/\/avukatimtv.com\/index.php\/wp-json\/wp\/v2\/categories?post=2472"},{"taxonomy":"post_tag","embeddable":true,"href":"https:\/\/avukatimtv.com\/index.php\/wp-json\/wp\/v2\/tags?post=2472"}],"curies":[{"name":"wp","href":"https:\/\/api.w.org\/{rel}","templated":true}]}}