{"id":2475,"date":"2025-03-13T16:57:30","date_gmt":"2025-03-13T13:57:30","guid":{"rendered":"https:\/\/avukatimtv.com\/?p=2475"},"modified":"2025-03-13T16:57:30","modified_gmt":"2025-03-13T13:57:30","slug":"cinayet-zanlisinin-evi-yandi","status":"publish","type":"post","link":"https:\/\/avukatimtv.com\/index.php\/2025\/03\/13\/cinayet-zanlisinin-evi-yandi\/","title":{"rendered":"Cinayet Zanl\u0131s\u0131n\u0131n Evi Yand\u0131!"},"content":{"rendered":"<p>Sakarya&#8217;n\u0131n\u00a0Adapazar\u0131\u00a0il\u00e7esinde alacak-verecek meselesi sebebiyle kom\u015fusunu t\u00fcfekle vurarak \u00f6ld\u00fcrd\u00fckten sonra tutuklanan 16 ya\u015f\u0131ndaki \u00e7ocuk ile babas\u0131n\u0131n ya\u015fad\u0131\u011f\u0131 ev gece saatlerinde alev topuna d\u00f6nd\u00fc.\u00a0\u0130tfaiye\u00a0ekiplerince s\u00f6nd\u00fcr\u00fclen yang\u0131nda kundaklama \u015f\u00fcphesi \u00fczerinde duruluyor.<\/p>\n<p>Yang\u0131n, gece saatlerinde Adapazar\u0131 il\u00e7esi\u00a0Evrenk\u00f6y\u00a0Mahallesi 343. Sokak \u00fczerinde meydana geldi. Tek katl\u0131 evde hen\u00fcz bilinmeyen bir sebepten yang\u0131n \u00e7\u0131kt\u0131. K\u0131sa s\u00fcrede b\u00fcy\u00fcyen alevler t\u00fcm evi sard\u0131. Durumun haber verilmesi \u00fczerine b\u00f6lgeye itfaiye ve polis ekipleri sevk edildi. Adrese ula\u015fan itfaiye erlerince yang\u0131n k\u0131sa s\u00fcrede kontrol alt\u0131na al\u0131narak s\u00f6nd\u00fcr\u00fcld\u00fc.<\/p>\n<p>Cinayet\u00a0zanl\u0131lar\u0131n\u0131n eviymi\u015f<\/p>\n<p>\u00d6te yandan, yanarak kullan\u0131lamaz hale gelen evde 9 Mart\u00a0Pazar\u00a0g\u00fcn\u00fc i\u015flenen cinayet zanl\u0131lar\u0131n\u0131n ya\u015fad\u0131\u011f\u0131 ortaya \u00e7\u0131kt\u0131. Konuya ili\u015fkin geni\u015f \u00e7apl\u0131 inceleme ba\u015flatan polis ekipleri, kundaklama \u015f\u00fcphesi \u00fczerinde duruyor.<\/p>\n<p>Tutuklanarak cezaevine g\u00f6nderilmi\u015flerdi, 3 g\u00fcn sonra evleri yand\u0131<\/p>\n<p>9 Mart Pazar g\u00fcn\u00fc gece saatlerinde meydana gelen olayda, E.\u015e. (62) ve o\u011flu O.C.\u015e (16) ile\u00a0Fatih\u00a0Tun\u00e7 (36) isimli kom\u015fular\u0131 aras\u0131nda alacak-verecek sebebiyle tart\u0131\u015fma ya\u015fanm\u0131\u015ft\u0131. Kavgaya d\u00f6n\u00fc\u015fen olay esnas\u0131nda 16 ya\u015f\u0131ndaki O.C.\u015e.&#8217;nin t\u00fcfekle vurarak a\u011f\u0131r yaralad\u0131\u011f\u0131 Tun\u00e7, kald\u0131r\u0131ld\u0131\u011f\u0131 hastanede ya\u015fam\u0131n\u0131 yitirdi. Olay\u0131n ard\u0131ndan polis ekipleri, baba E.\u015e. ile &#8220;yaralama&#8221; su\u00e7undan bir\u00e7ok kayd\u0131 bulundu\u011fu \u00f6\u011frenilen o\u011flu O.C.\u015e.&#8217;yi g\u00f6zalt\u0131na ald\u0131. Emniyetteki i\u015flemleri sonras\u0131nda 10 Mart Pazartesi g\u00fcn\u00fc adliyeye sevk edilen 16 ya\u015f\u0131ndaki \u00e7ocuk, &#8216;Kasten \u00f6ld\u00fcrme&#8217; babas\u0131 ise, &#8216;Kasten \u00f6ld\u00fcrmeye te\u015febb\u00fcs&#8217; su\u00e7undan tutuklanarak cezaevine g\u00f6nderilmi\u015fti.<\/p>\n<p>&nbsp;<\/p>\n<p><strong>KAYNAK:SONDAK\u0130KA<\/strong><\/p>\n","protected":false},"excerpt":{"rendered":"<p>Sakarya&#8217;n\u0131n\u00a0Adapazar\u0131\u00a0il\u00e7esinde alacak-verecek meselesi sebebiyle kom\u015fusunu t\u00fcfekle vurarak \u00f6ld\u00fcrd\u00fckten sonra tutuklanan 16 ya\u015f\u0131ndaki \u00e7ocuk ile babas\u0131n\u0131n ya\u015fad\u0131\u011f\u0131 ev gece saatlerinde alev topuna d\u00f6nd\u00fc.\u00a0\u0130tfaiye\u00a0ekiplerince s\u00f6nd\u00fcr\u00fclen yang\u0131nda kundaklama \u015f\u00fcphesi \u00fczerinde duruluyor. Yang\u0131n, gece saatlerinde Adapazar\u0131 il\u00e7esi\u00a0Evrenk\u00f6y\u00a0Mahallesi 343. Sokak \u00fczerinde meydana geldi. Tek katl\u0131 evde hen\u00fcz bilinmeyen bir sebepten yang\u0131n \u00e7\u0131kt\u0131. K\u0131sa s\u00fcrede b\u00fcy\u00fcyen alevler t\u00fcm evi sard\u0131. Durumun [&hellip;]<\/p>\n","protected":false},"author":1,"featured_media":2476,"comment_status":"closed","ping_status":"closed","sticky":false,"template":"","format":"standard","meta":{"footnotes":""},"categories":[7,39],"tags":[267,60,175,297,71,351,353,332,352,331],"class_list":["post-2475","post","type-post","status-publish","format-standard","has-post-thumbnail","hentry","category-gundem","category-haber","tag-baba","tag-cinayet","tag-guvenlik","tag-inceleme","tag-suc","tag-adapazari","tag-pazar","tag-politika","tag-sakarya","tag-yerel-haberler"],"_links":{"self":[{"href":"https:\/\/avukatimtv.com\/index.php\/wp-json\/wp\/v2\/posts\/2475","targetHints":{"allow":["GET"]}}],"collection":[{"href":"https:\/\/avukatimtv.com\/index.php\/wp-json\/wp\/v2\/posts"}],"about":[{"href":"https:\/\/avukatimtv.com\/index.php\/wp-json\/wp\/v2\/types\/post"}],"author":[{"embeddable":true,"href":"https:\/\/avukatimtv.com\/index.php\/wp-json\/wp\/v2\/users\/1"}],"replies":[{"embeddable":true,"href":"https:\/\/avukatimtv.com\/index.php\/wp-json\/wp\/v2\/comments?post=2475"}],"version-history":[{"count":1,"href":"https:\/\/avukatimtv.com\/index.php\/wp-json\/wp\/v2\/posts\/2475\/revisions"}],"predecessor-version":[{"id":2477,"href":"https:\/\/avukatimtv.com\/index.php\/wp-json\/wp\/v2\/posts\/2475\/revisions\/2477"}],"wp:featuredmedia":[{"embeddable":true,"href":"https:\/\/avukatimtv.com\/index.php\/wp-json\/wp\/v2\/media\/2476"}],"wp:attachment":[{"href":"https:\/\/avukatimtv.com\/index.php\/wp-json\/wp\/v2\/media?parent=2475"}],"wp:term":[{"taxonomy":"category","embeddable":true,"href":"https:\/\/avukatimtv.com\/index.php\/wp-json\/wp\/v2\/categories?post=2475"},{"taxonomy":"post_tag","embeddable":true,"href":"https:\/\/avukatimtv.com\/index.php\/wp-json\/wp\/v2\/tags?post=2475"}],"curies":[{"name":"wp","href":"https:\/\/api.w.org\/{rel}","templated":true}]}}