{"id":2478,"date":"2025-03-15T17:30:03","date_gmt":"2025-03-15T14:30:03","guid":{"rendered":"https:\/\/avukatimtv.com\/?p=2478"},"modified":"2025-03-15T17:30:03","modified_gmt":"2025-03-15T14:30:03","slug":"adanada-bicakli-cinayet-davasi-devam-ediyor","status":"publish","type":"post","link":"https:\/\/avukatimtv.com\/index.php\/2025\/03\/15\/adanada-bicakli-cinayet-davasi-devam-ediyor\/","title":{"rendered":"Adana&#8217;da B\u0131\u00e7akl\u0131 Cinayet Davas\u0131 Devam Ediyor"},"content":{"rendered":"<p>Adana&#8217;n\u0131n merkez\u00a0Sar\u0131\u00e7am\u00a0il\u00e7esinde erkek \u00f6\u011frenci yurdunun g\u00fcvenlik g\u00f6revlisi 32 ya\u015f\u0131ndaki\u00a0G\u00f6khan \u015eahin&#8217;i b\u0131\u00e7aklayarak \u00f6ld\u00fcrd\u00fckleri iddia edilen Cihad A. ve Erhan \u00dc.&#8217;n\u00fcn, &#8220;haks\u0131z tahrik alt\u0131nda tasarlayarak kasten \u00f6ld\u00fcrme&#8221; su\u00e7undan 24&#8217;er y\u0131la kadar hapis istemiyle yarg\u0131lanmas\u0131na devam edildi. Uzun s\u00fcredir ula\u015f\u0131lamayan tan\u0131klar\u0131n haz\u0131r edilmesi i\u00e7in de emniyete yeniden yaz\u0131 yaz\u0131ld\u0131.<\/p>\n<p>G\u00fcltepe Mahallesi&#8217;ndeki \u00f6\u011frenci yurdunun bah\u00e7esinde g\u00fcvenlik g\u00f6revlisi G\u00f6khan \u015eahin, 6 Haziran 2023&#8217;te tart\u0131\u015ft\u0131\u011f\u0131 Cihad A. (34) ve kay\u0131nbiraderi Erhan \u00dc. (34) taraf\u0131ndan darbedilip b\u0131\u00e7akland\u0131. Hastaneye kald\u0131r\u0131lan 2 \u00e7ocuk babas\u0131 \u015eahin, m\u00fcdahalelere ra\u011fmen hayat\u0131n\u0131 kaybetti. \u0130ddianameye g\u00f6re, g\u00fcvenlik g\u00f6revlisi \u015eahin&#8217;in, san\u0131klardan Cihad A.&#8217;n\u0131n e\u015fi, Erhan \u00dc.&#8217;n\u00fcn k\u0131zkarde\u015fi Z.A. ile ili\u015fkilerinin oldu\u011fu iddias\u0131 ile \u00f6ld\u00fcr\u00fcld\u00fc\u011f\u00fc \u00f6ne s\u00fcr\u00fcld\u00fc.<\/p>\n<p>Olaydan sonra yakalan\u0131p tutuklanan Cihad A. ve Erhan \u00dc. hakk\u0131nda Adana 8. A\u011f\u0131r Ceza Mahkemesi&#8217;nde a\u00e7\u0131lan davan\u0131n 6&#8217;nc\u0131 duru\u015fmas\u0131 yap\u0131ld\u0131. Duru\u015fmaya, tutuklu san\u0131klar Cihad A. ve Erhan \u00dc. ile taraflar\u0131n avukatlar\u0131 kat\u0131ld\u0131. \u00d6ld\u00fcr\u00fclen g\u00fcvenlik g\u00f6revlisinin yak\u0131nlar\u0131 Emine ve\u00a0Mustafa \u015eahin&#8217;in de geldi\u011fi duru\u015fmada olayla ilgili bilgileri oldu\u011fu gerek\u00e7esiyle tan\u0131k olarak dinlenmelerine karar verilen \u00fcniversite \u00f6\u011frencileri B.K., A.T., A.E.K. ve Y.G. duru\u015fmaya gelmedi. Tan\u0131klar\u0131n duru\u015fmada haz\u0131r edilmesi i\u00e7in emniyete yaz\u0131lan yaz\u0131ya da cevap verilmedi\u011fi belirtildi.<\/p>\n<p>Mahkeme savc\u0131s\u0131, san\u0131klar\u0131n tutukluluklar\u0131n\u0131n devam\u0131na karar verilmesini ve eksikliklerin tamamlanmas\u0131n\u0131 talep etti.<\/p>\n<p>\u00d6len g\u00fcvenlik g\u00f6revlisinin yak\u0131nlar\u0131 Emine ve Mustafa \u015eahin, san\u0131klar\u0131n en a\u011f\u0131r \u015fekilde cezaland\u0131r\u0131lmalar\u0131n\u0131 istedi.<\/p>\n<p>San\u0131klar\u0131n avukatlar\u0131, olay\u0131n \u00fczerinden 1.5 y\u0131la yak\u0131n zaman ge\u00e7mesine ra\u011fmen tan\u0131klar\u0131n arand\u0131\u011f\u0131n\u0131 belirterek, &#8220;Tan\u0131klar\u0131n adresleri s\u00fcrekli de\u011fi\u015fmektedir. Bu saatten sonra da tan\u0131klar\u0131n bulunaca\u011f\u0131 kan\u0131s\u0131nda de\u011filiz. Dinlenmelerinden vazge\u00e7ilmesini talep ederiz. Mutlaka dinlenmek isteniliyor olabilir ancak dosyada h\u00fck\u00fcm kurulabilece\u011fi d\u00fc\u015f\u00fcncesindeyiz. Aniden geli\u015fen olay nedeniyle m\u00fcvekkillerin \u00f6ld\u00fcrme kast\u0131 yoktur&#8221; dedi.<\/p>\n<p>San\u0131klardan Cihad A., su\u00e7lamalar\u0131 kabul etmeyip \u00f6nceki savunmalar\u0131n\u0131 tekrar etti\u011fini belirtti. Di\u011fer san\u0131k Erhan \u00dc. de \u00f6nceki savunmalar\u0131 tekrarlad\u0131. Erhan \u00dc. daha \u00f6nceki savunmas\u0131nda, G\u00f6khan \u015eahin&#8217;i \u00f6ld\u00fcrme niyetlerinin olmad\u0131\u011f\u0131n\u0131 \u00f6ne s\u00fcrerek, &#8220;Benim maktule y\u00f6nelik bir m\u00fcdahalem s\u00f6z konusu de\u011fildir. Bu durumu ayr\u0131nt\u0131l\u0131 bir \u015fekilde mahkemeye sundu\u011fum dilek\u00e7ede anlatt\u0131m. Uzun s\u00fcredir tutukluyum. Tahliyemi ve beraatimi talep ediyorum&#8221; dedi.<\/p>\n<p>Mahkeme heyeti, san\u0131klar\u0131n tutukluluk halinin devam\u0131na karar verdi. Heyet, tan\u0131klar\u0131n yurtta kalma ihtimallerinin y\u00fcksek olmas\u0131 durumundan hareketle gerekirse g\u00fcns\u00fcz olarak haz\u0131r edilmeleri i\u00e7in emniyete yaz\u0131 yaz\u0131lmas\u0131n\u0131 da kararla\u015ft\u0131r\u0131p duru\u015fmay\u0131 ileri bir tarihe erteledi.<\/p>\n<p>&nbsp;<\/p>\n<p>&nbsp;<\/p>\n<p><strong>KAYNAK:SONDAK\u0130KA<\/strong><\/p>\n","protected":false},"excerpt":{"rendered":"<p>Adana&#8217;n\u0131n merkez\u00a0Sar\u0131\u00e7am\u00a0il\u00e7esinde erkek \u00f6\u011frenci yurdunun g\u00fcvenlik g\u00f6revlisi 32 ya\u015f\u0131ndaki\u00a0G\u00f6khan \u015eahin&#8217;i b\u0131\u00e7aklayarak \u00f6ld\u00fcrd\u00fckleri iddia edilen Cihad A. ve Erhan \u00dc.&#8217;n\u00fcn, &#8220;haks\u0131z tahrik alt\u0131nda tasarlayarak kasten \u00f6ld\u00fcrme&#8221; su\u00e7undan 24&#8217;er y\u0131la kadar hapis istemiyle yarg\u0131lanmas\u0131na devam edildi. Uzun s\u00fcredir ula\u015f\u0131lamayan tan\u0131klar\u0131n haz\u0131r edilmesi i\u00e7in de emniyete yeniden yaz\u0131 yaz\u0131ld\u0131. G\u00fcltepe Mahallesi&#8217;ndeki \u00f6\u011frenci yurdunun bah\u00e7esinde g\u00fcvenlik g\u00f6revlisi G\u00f6khan \u015eahin, [&hellip;]<\/p>\n","protected":false},"author":1,"featured_media":2479,"comment_status":"closed","ping_status":"closed","sticky":false,"template":"","format":"standard","meta":{"footnotes":""},"categories":[7,39],"tags":[128,60,175,147,71,189,354,334],"class_list":["post-2478","post","type-post","status-publish","format-standard","has-post-thumbnail","hentry","category-gundem","category-haber","tag-adana","tag-cinayet","tag-guvenlik","tag-mahkeme","tag-suc","tag-yargi","tag-gokhan-sahin","tag-guncel"],"_links":{"self":[{"href":"https:\/\/avukatimtv.com\/index.php\/wp-json\/wp\/v2\/posts\/2478","targetHints":{"allow":["GET"]}}],"collection":[{"href":"https:\/\/avukatimtv.com\/index.php\/wp-json\/wp\/v2\/posts"}],"about":[{"href":"https:\/\/avukatimtv.com\/index.php\/wp-json\/wp\/v2\/types\/post"}],"author":[{"embeddable":true,"href":"https:\/\/avukatimtv.com\/index.php\/wp-json\/wp\/v2\/users\/1"}],"replies":[{"embeddable":true,"href":"https:\/\/avukatimtv.com\/index.php\/wp-json\/wp\/v2\/comments?post=2478"}],"version-history":[{"count":1,"href":"https:\/\/avukatimtv.com\/index.php\/wp-json\/wp\/v2\/posts\/2478\/revisions"}],"predecessor-version":[{"id":2480,"href":"https:\/\/avukatimtv.com\/index.php\/wp-json\/wp\/v2\/posts\/2478\/revisions\/2480"}],"wp:featuredmedia":[{"embeddable":true,"href":"https:\/\/avukatimtv.com\/index.php\/wp-json\/wp\/v2\/media\/2479"}],"wp:attachment":[{"href":"https:\/\/avukatimtv.com\/index.php\/wp-json\/wp\/v2\/media?parent=2478"}],"wp:term":[{"taxonomy":"category","embeddable":true,"href":"https:\/\/avukatimtv.com\/index.php\/wp-json\/wp\/v2\/categories?post=2478"},{"taxonomy":"post_tag","embeddable":true,"href":"https:\/\/avukatimtv.com\/index.php\/wp-json\/wp\/v2\/tags?post=2478"}],"curies":[{"name":"wp","href":"https:\/\/api.w.org\/{rel}","templated":true}]}}