{"id":2481,"date":"2025-03-15T17:37:03","date_gmt":"2025-03-15T14:37:03","guid":{"rendered":"https:\/\/avukatimtv.com\/?p=2481"},"modified":"2025-03-15T17:37:03","modified_gmt":"2025-03-15T14:37:03","slug":"esini-benzinle-yakmaya-calisan-cani-yaptigina-hic-pisman-degil-gerekirse-30-yil-yatacagim","status":"publish","type":"post","link":"https:\/\/avukatimtv.com\/index.php\/2025\/03\/15\/esini-benzinle-yakmaya-calisan-cani-yaptigina-hic-pisman-degil-gerekirse-30-yil-yatacagim\/","title":{"rendered":"E\u015fini benzinle yakmaya \u00e7al\u0131\u015fan cani yapt\u0131\u011f\u0131na hi\u00e7 pi\u015fman de\u011fil: Gerekirse 30 y\u0131l yataca\u011f\u0131m"},"content":{"rendered":"<p>\u0130ddiaya g\u00f6re, Bahattin O., 10 y\u0131ld\u0131r dini nikahl\u0131 e\u015fi Vildan H.&#8217;nin \u00fczerine ev ald\u0131. Bir s\u00fcre ayn\u0131 evde ya\u015famaya devam eden ikili anla\u015fmazl\u0131k ya\u015famaya ba\u015flay\u0131nca Vidan H., Bahattin O.&#8217;dan ayr\u0131lmak istedi. \u0130ddiaya g\u00f6re, ald\u0131\u011f\u0131 evi dini nikahl\u0131 e\u015finden isteyince, Vildan H., bu teklifi kabul etmedi.<\/p>\n<h3>BENZ\u0130N D\u00d6K\u00dcP YAKMAYA \u00c7ALI\u015eTI<\/h3>\n<p>Duruma sinirlenen adam konu\u015fmak i\u00e7in \u00e7a\u011f\u0131rd\u0131\u011f\u0131, Vildan H.&#8217;yi, benzin d\u00f6k\u00fcp yakmak istedi. O anlar g\u00fcvenlik kameras\u0131na yans\u0131rken, olaya m\u00fcdahalede eden \u00e7evredekiler 112 ekiplerine bilgi verdi. Jet h\u0131z\u0131nda olaya m\u00fcdahale eden ekipler, taraflar\u0131 ay\u0131rd\u0131.<\/p>\n<p><img decoding=\"async\" src=\"https:\/\/foto.sondakika.com\/haber\/2025\/03\/15\/bursa-da-esini-yakmak-isteyen-supheli-kamerad-3-18451534_o.jpg\" alt=\"Dini Nikahl\u0131 E\u015fiyle Tart\u0131\u015fan Adam, Kendini ve E\u015fini Yakmaya Kalkt\u0131\" \/><\/p>\n<p>&nbsp;<\/p>\n<h3>&#8220;GEREK\u0130RSE 30 YIL YATACA\u011eIM&#8221;<\/h3>\n<p>Kelep\u00e7eli \u015fahs\u0131n, &#8220;Gerekirse 30 y\u0131l yataca\u011f\u0131m&#8221; demesi dikkat \u00e7ekerken, taraflar ifadesi al\u0131nmak \u00fczere polis merkezine g\u00f6t\u00fcr\u00fcld\u00fc.<\/p>\n<p>&nbsp;<\/p>\n<p><img decoding=\"async\" src=\"https:\/\/foto.sondakika.com\/haber\/2025\/03\/15\/bursa-da-esini-yakmak-isteyen-supheli-kamerad-2-18451534_o.jpg\" alt=\"Dini Nikahl\u0131 E\u015fiyle Tart\u0131\u015fan Adam, Kendini ve E\u015fini Yakmaya Kalkt\u0131\" \/><\/p>\n<p><img decoding=\"async\" src=\"https:\/\/foto.sondakika.com\/haber\/2025\/03\/15\/bursa-da-esini-yakmak-isteyen-supheli-kamerad-6-18451534_o.jpg\" alt=\"Dini Nikahl\u0131 E\u015fiyle Tart\u0131\u015fan Adam, Kendini ve E\u015fini Yakmaya Kalkt\u0131\" \/><\/p>\n<p>&nbsp;<\/p>\n<p>&nbsp;<\/p>\n<p><strong>KAYNAK:SONDAK\u0130KA<\/strong><\/p>\n<p>&nbsp;<\/p>\n","protected":false},"excerpt":{"rendered":"<p>\u0130ddiaya g\u00f6re, Bahattin O., 10 y\u0131ld\u0131r dini nikahl\u0131 e\u015fi Vildan H.&#8217;nin \u00fczerine ev ald\u0131. Bir s\u00fcre ayn\u0131 evde ya\u015famaya devam eden ikili anla\u015fmazl\u0131k ya\u015famaya ba\u015flay\u0131nca Vidan H., Bahattin O.&#8217;dan ayr\u0131lmak istedi. \u0130ddiaya g\u00f6re, ald\u0131\u011f\u0131 evi dini nikahl\u0131 e\u015finden isteyince, Vildan H., bu teklifi kabul etmedi. BENZ\u0130N D\u00d6K\u00dcP YAKMAYA \u00c7ALI\u015eTI Duruma sinirlenen adam konu\u015fmak i\u00e7in \u00e7a\u011f\u0131rd\u0131\u011f\u0131, [&hellip;]<\/p>\n","protected":false},"author":1,"featured_media":2482,"comment_status":"closed","ping_status":"closed","sticky":false,"template":"","format":"standard","meta":{"footnotes":""},"categories":[7,39],"tags":[80,175,71,332,355,331],"class_list":["post-2481","post","type-post","status-publish","format-standard","has-post-thumbnail","hentry","category-gundem","category-haber","tag-bursa","tag-guvenlik","tag-suc","tag-politika","tag-sozler","tag-yerel-haberler"],"_links":{"self":[{"href":"https:\/\/avukatimtv.com\/index.php\/wp-json\/wp\/v2\/posts\/2481","targetHints":{"allow":["GET"]}}],"collection":[{"href":"https:\/\/avukatimtv.com\/index.php\/wp-json\/wp\/v2\/posts"}],"about":[{"href":"https:\/\/avukatimtv.com\/index.php\/wp-json\/wp\/v2\/types\/post"}],"author":[{"embeddable":true,"href":"https:\/\/avukatimtv.com\/index.php\/wp-json\/wp\/v2\/users\/1"}],"replies":[{"embeddable":true,"href":"https:\/\/avukatimtv.com\/index.php\/wp-json\/wp\/v2\/comments?post=2481"}],"version-history":[{"count":1,"href":"https:\/\/avukatimtv.com\/index.php\/wp-json\/wp\/v2\/posts\/2481\/revisions"}],"predecessor-version":[{"id":2483,"href":"https:\/\/avukatimtv.com\/index.php\/wp-json\/wp\/v2\/posts\/2481\/revisions\/2483"}],"wp:featuredmedia":[{"embeddable":true,"href":"https:\/\/avukatimtv.com\/index.php\/wp-json\/wp\/v2\/media\/2482"}],"wp:attachment":[{"href":"https:\/\/avukatimtv.com\/index.php\/wp-json\/wp\/v2\/media?parent=2481"}],"wp:term":[{"taxonomy":"category","embeddable":true,"href":"https:\/\/avukatimtv.com\/index.php\/wp-json\/wp\/v2\/categories?post=2481"},{"taxonomy":"post_tag","embeddable":true,"href":"https:\/\/avukatimtv.com\/index.php\/wp-json\/wp\/v2\/tags?post=2481"}],"curies":[{"name":"wp","href":"https:\/\/api.w.org\/{rel}","templated":true}]}}