{"id":2487,"date":"2025-03-19T12:07:12","date_gmt":"2025-03-19T09:07:12","guid":{"rendered":"https:\/\/avukatimtv.com\/?p=2487"},"modified":"2025-03-19T12:07:12","modified_gmt":"2025-03-19T09:07:12","slug":"antalyada-cinayet-18-yil-hapis-cezasi","status":"publish","type":"post","link":"https:\/\/avukatimtv.com\/index.php\/2025\/03\/19\/antalyada-cinayet-18-yil-hapis-cezasi\/","title":{"rendered":"Antalya&#8217;da Cinayet: 18 Y\u0131l Hapis Cezas\u0131"},"content":{"rendered":"<p>Antalya&#8217;da, ev arkada\u015f\u0131 Tolga Ta\u015fk\u0131nel&#8217;i b\u0131\u00e7akla \u00f6ld\u00fcren\u00a0S\u00fcleyman Ege\u00a0Sevil&#8217;in karar duru\u015fmas\u0131 g\u00f6r\u00fcld\u00fc.\u00a0Mahkeme, Sevil&#8217;e haks\u0131z tahrik indirimi uygulayarak 18 y\u0131l hapis cezas\u0131 verdi.<\/p>\n<p>Antalya&#8217;n\u0131n\u00a0Kepez\u00a0il\u00e7esinde, ayn\u0131 evde kald\u0131\u011f\u0131 Tolga Ta\u015fk\u0131nel&#8217;i \u00e7\u0131kan tart\u0131\u015fmada b\u0131\u00e7aklayarak \u00f6ld\u00fcren S\u00fcleyman Ege Sevil&#8217;in yarg\u0131land\u0131\u011f\u0131 davada karar \u00e7\u0131kt\u0131. Antalya 5. A\u011f\u0131r Ceza Mahkemesi&#8217;nde g\u00f6r\u00fclen duru\u015fmada mahkeme heyeti, san\u0131\u011f\u0131n kasten \u00f6ld\u00fcrme su\u00e7unu i\u015fledi\u011fine h\u00fckmetti. Heyet, san\u0131\u011f\u0131n eylemini tahrik alt\u0131nda ger\u00e7ekle\u015ftirdi\u011fine kanaat getirerek cezas\u0131nda indirime gitti ve 18 y\u0131l hapis cezas\u0131na \u00e7arpt\u0131r\u0131lmas\u0131na karar verdi.<\/p>\n<p>Tart\u0131\u015fma \u00f6l\u00fcmle sonu\u00e7land\u0131<\/p>\n<p>Olay, 29\u00a0Eyl\u00fcl\u00a02024 tarihinde saat 03.30 s\u0131ralar\u0131nda Kepez il\u00e7esi\u00a0Ye\u015filyurt\u00a0Mahallesi&#8217;nde meydana geldi. Tolga Ta\u015fk\u0131nel, S\u00fcleyman Ege Sevil ve H\u00fcseyin E.\u00c7., olaydan iki hafta \u00f6nce ayn\u0131 evde ya\u015famaya ba\u015flad\u0131. Gece saatlerinde Sevil ile Ta\u015fk\u0131nel aras\u0131nda tart\u0131\u015fma \u00e7\u0131kt\u0131. Tart\u0131\u015fma b\u00fcy\u00fcy\u00fcnce Sevil, mutfaktan ald\u0131\u011f\u0131 b\u0131\u00e7akla Ta\u015fk\u0131nel&#8217;i g\u00f6\u011fs\u00fcnden yaralad\u0131. Olay s\u0131ras\u0131nda evde bulunan H\u00fcseyin E.\u00c7. panikle ka\u00e7arak uzakla\u015ft\u0131.<\/p>\n<p>Kom\u015fular\u0131n ihbar\u0131 \u00fczerine olay yerine polis ve sa\u011fl\u0131k ekipleri sevk edildi. A\u011f\u0131r yaralanan Ta\u015fk\u0131nel, hastaneye kald\u0131r\u0131ld\u0131 ancak t\u00fcm m\u00fcdahalelere ra\u011fmen kurtar\u0131lamad\u0131.\u00a0Polis\u00a0ekipleri, S\u00fcleyman Ege Sevil&#8217;i olay\u0131n ya\u015fand\u0131\u011f\u0131 dairede su\u00e7 aletiyle birlikte g\u00f6zalt\u0131na ald\u0131.\u00a0H\u00fcseyin Emre\u00a0\u00c7. ise ka\u00e7t\u0131ktan k\u0131sa s\u00fcre sonra yakaland\u0131. Sevil tutuklanarak cezaevine g\u00f6nderilirken, H\u00fcseyin E.\u00c7. serbest b\u0131rak\u0131ld\u0131.<\/p>\n<p>Mahkemede cinayeti savundu<\/p>\n<p>Karar duru\u015fmas\u0131nda savunma yapan S\u00fcleyman Ege Sevil, cinayeti i\u015fledi\u011fini kabul etmedi\u011fini belirterek kendini savundu. Ta\u015fk\u0131nel&#8217;in madde ba\u011f\u0131ml\u0131s\u0131 oldu\u011funu ve kendisine sald\u0131rd\u0131\u011f\u0131n\u0131 \u00f6ne s\u00fcren S\u00fcleyman Ege Sevil, &#8220;Maktul benden yard\u0131m istedi, ben de yard\u0131m etmek istedim. Bir ki\u015fiyi\u00a0Instagram&#8217;dan ekleyip uyu\u015fturucuya al\u0131\u015ft\u0131rmaya \u00e7al\u0131\u015f\u0131nca ben de ekledi\u011fi ki\u015fiyi uyard\u0131m, bunun \u00fczerine bana sald\u0131rd\u0131. Ben kendimi korudum, \u00fcst\u00fcme atlad\u0131, b\u0131\u00e7a\u011f\u0131 savurmamla kan bo\u015falmas\u0131 oldu, tampon yapt\u0131m. Boynumdaki darp izinden de anla\u015f\u0131lmak \u00fczere bana sald\u0131rd\u0131, ikinci arkada\u015f olmasayd\u0131 ben \u00f6lm\u00fc\u015ft\u00fcm, Tolga buradayd\u0131. Ben kendimi korudum, salona atlad\u0131m salonda da sald\u0131rd\u0131. \u00d6ld\u00fcrmek istemedi\u011fimi ba\u011f\u0131rd\u0131m, hatta kom\u015fu bile duymu\u015f. \u00d6te yandan polisi ve ambulans\u0131 arad\u0131m. Gerekli her \u015feyi yapt\u0131m. Maktul\u00fcn sadece iyi olmas\u0131n\u0131 istedim, iyile\u015ftirmek istedim. Su\u00e7lamalar\u0131 kabul etmiyorum. Ben sadece kendimi korudum, yapt\u0131\u011f\u0131m \u015feyden de pi\u015fman\u0131m. Gerekli m\u00fcdahaleyi de yapt\u0131m ancak kurtar\u0131lamad\u0131&#8221; dedi.<\/p>\n<p>San\u0131\u011f\u0131n beyanlar\u0131n\u0131 de\u011ferlendiren mahkeme heyeti, Sevil&#8217;in kasten \u00f6ld\u00fcrme su\u00e7unu i\u015fledi\u011fine h\u00fckmetti. Ancak olay\u0131n tahrik alt\u0131nda ger\u00e7ekle\u015fti\u011fini belirterek san\u0131\u011fa verilen m\u00fcebbet hapis cezas\u0131n\u0131 haks\u0131z tahrik indirimiyle 18 y\u0131la d\u00fc\u015f\u00fcrd\u00fc. Mahkeme, san\u0131\u011f\u0131n ilerleyen s\u00fcre\u00e7te su\u00e7 i\u015flemeyece\u011fine dair olumlu kanaat olu\u015fmad\u0131\u011f\u0131n\u0131 belirterek cezas\u0131nda ek bir indirim uygulanmamas\u0131na karar verdi.<\/p>\n<p>&nbsp;<\/p>\n<p><strong>KAYNAK:SONDAK\u0130KA<\/strong><\/p>\n","protected":false},"excerpt":{"rendered":"<p>Antalya&#8217;da, ev arkada\u015f\u0131 Tolga Ta\u015fk\u0131nel&#8217;i b\u0131\u00e7akla \u00f6ld\u00fcren\u00a0S\u00fcleyman Ege\u00a0Sevil&#8217;in karar duru\u015fmas\u0131 g\u00f6r\u00fcld\u00fc.\u00a0Mahkeme, Sevil&#8217;e haks\u0131z tahrik indirimi uygulayarak 18 y\u0131l hapis cezas\u0131 verdi. Antalya&#8217;n\u0131n\u00a0Kepez\u00a0il\u00e7esinde, ayn\u0131 evde kald\u0131\u011f\u0131 Tolga Ta\u015fk\u0131nel&#8217;i \u00e7\u0131kan tart\u0131\u015fmada b\u0131\u00e7aklayarak \u00f6ld\u00fcren S\u00fcleyman Ege Sevil&#8217;in yarg\u0131land\u0131\u011f\u0131 davada karar \u00e7\u0131kt\u0131. Antalya 5. A\u011f\u0131r Ceza Mahkemesi&#8217;nde g\u00f6r\u00fclen duru\u015fmada mahkeme heyeti, san\u0131\u011f\u0131n kasten \u00f6ld\u00fcrme su\u00e7unu i\u015fledi\u011fine h\u00fckmetti. Heyet, san\u0131\u011f\u0131n [&hellip;]<\/p>\n","protected":false},"author":1,"featured_media":2488,"comment_status":"closed","ping_status":"closed","sticky":false,"template":"","format":"standard","meta":{"footnotes":""},"categories":[7,39],"tags":[104,60,175,148,147,71,332,358],"class_list":["post-2487","post","type-post","status-publish","format-standard","has-post-thumbnail","hentry","category-gundem","category-haber","tag-antalya","tag-cinayet","tag-guvenlik","tag-hukuk","tag-mahkeme","tag-suc","tag-politika","tag-suleyman-ege"],"_links":{"self":[{"href":"https:\/\/avukatimtv.com\/index.php\/wp-json\/wp\/v2\/posts\/2487","targetHints":{"allow":["GET"]}}],"collection":[{"href":"https:\/\/avukatimtv.com\/index.php\/wp-json\/wp\/v2\/posts"}],"about":[{"href":"https:\/\/avukatimtv.com\/index.php\/wp-json\/wp\/v2\/types\/post"}],"author":[{"embeddable":true,"href":"https:\/\/avukatimtv.com\/index.php\/wp-json\/wp\/v2\/users\/1"}],"replies":[{"embeddable":true,"href":"https:\/\/avukatimtv.com\/index.php\/wp-json\/wp\/v2\/comments?post=2487"}],"version-history":[{"count":1,"href":"https:\/\/avukatimtv.com\/index.php\/wp-json\/wp\/v2\/posts\/2487\/revisions"}],"predecessor-version":[{"id":2489,"href":"https:\/\/avukatimtv.com\/index.php\/wp-json\/wp\/v2\/posts\/2487\/revisions\/2489"}],"wp:featuredmedia":[{"embeddable":true,"href":"https:\/\/avukatimtv.com\/index.php\/wp-json\/wp\/v2\/media\/2488"}],"wp:attachment":[{"href":"https:\/\/avukatimtv.com\/index.php\/wp-json\/wp\/v2\/media?parent=2487"}],"wp:term":[{"taxonomy":"category","embeddable":true,"href":"https:\/\/avukatimtv.com\/index.php\/wp-json\/wp\/v2\/categories?post=2487"},{"taxonomy":"post_tag","embeddable":true,"href":"https:\/\/avukatimtv.com\/index.php\/wp-json\/wp\/v2\/tags?post=2487"}],"curies":[{"name":"wp","href":"https:\/\/api.w.org\/{rel}","templated":true}]}}