{"id":2490,"date":"2025-03-19T12:27:32","date_gmt":"2025-03-19T09:27:32","guid":{"rendered":"https:\/\/avukatimtv.com\/?p=2490"},"modified":"2025-03-19T12:27:32","modified_gmt":"2025-03-19T09:27:32","slug":"amasyada-bicakli-cinayet-17-yasindaki-supheli-tutuklandi","status":"publish","type":"post","link":"https:\/\/avukatimtv.com\/index.php\/2025\/03\/19\/amasyada-bicakli-cinayet-17-yasindaki-supheli-tutuklandi\/","title":{"rendered":"Amasya&#8217;da B\u0131\u00e7akl\u0131 Cinayet: 17 Ya\u015f\u0131ndaki \u015e\u00fcpheli Tutukland\u0131"},"content":{"rendered":"<h2 id=\"spot\" class=\"mt10 haber_ozet\">17 ya\u015f\u0131ndaki M.E., evinin \u00f6n\u00fcnde tart\u0131\u015ft\u0131\u011f\u0131 Recep Tayyip Gedizli&#8217;yi b\u0131\u00e7aklayarak \u00f6ld\u00fcrd\u00fc.<\/h2>\n<div class=\"hbptDate\">Amasya&#8217;da 6 y\u0131l \u00f6nce babas\u0131n\u0131n b\u0131\u00e7aklanarak \u00f6ld\u00fcr\u00fclmesi olay\u0131n\u0131n faillerinden biri olarak tutuklanan ve 6 ay sonra serbest kalan \u015fahs\u0131 evinin \u00f6n\u00fcnde 9 b\u0131\u00e7ak darbesiyle \u00f6ld\u00fcren 17 ya\u015f\u0131ndaki \u015f\u00fcpheli, \u00e7\u0131kar\u0131ld\u0131\u011f\u0131 mahkemece tutukland\u0131.<\/div>\n<div><\/div>\n<div>\n<p>Edinilen bilgiye g\u00f6re, d\u00fcn ya\u015fanan olayda Kirazl\u0131dere Mahallesi&#8217;ndeki evin \u00f6n\u00fcnde Recep Tayyip Gedizli (28) ile M.E aras\u0131nda bilinmeyen nedenle tart\u0131\u015fma \u00e7\u0131kt\u0131. Tart\u0131\u015fma k\u0131sa s\u00fcrede kavgaya d\u00f6n\u00fc\u015f\u00fcrken, M.E. yan\u0131nda bulunan b\u0131\u00e7akla Gedizli&#8217;yi b\u0131\u00e7ak darbeleriyle \u00f6ld\u00fcrerek olay yerinden uzakla\u015ft\u0131. G\u00f6renlerin ihbar\u0131 \u00fczerine olay yerine gelen polis ekipleri M.E&#8217;yi su\u00e7 aletiyle birlikte yakalayarak karakola g\u00f6t\u00fcrd\u00fc. Recep Tayyip Gedizli&#8217;nin cenazesi yap\u0131lan incelemenin ard\u0131ndan hastane morguna g\u00f6t\u00fcr\u00fcld\u00fc.<\/p>\n<p>Sorular\u0131 cevaps\u0131z b\u0131rakt\u0131<\/p>\n<p>Karakoldaki ifadesinin ard\u0131ndan adliyeye g\u00f6t\u00fcr\u00fcl\u00fcrken gazetecilerin, &#8220;Neden b\u0131\u00e7aklad\u0131n\u0131z, baban\u0131z\u0131n intikam\u0131n\u0131 m\u0131 almak istediniz?&#8221; \u015feklindeki sorular\u0131n\u0131 cevaps\u0131z b\u0131rakan katil zanl\u0131s\u0131 M.E, \u00e7\u0131kar\u0131ld\u0131\u011f\u0131 mahkemede tutuklanarak cezaevine g\u00f6nderildi. Soru\u015fturma kapsam\u0131nda g\u00f6zalt\u0131na al\u0131nan 3 arkada\u015f\u0131 da savc\u0131l\u0131ktaki ifadelerinin ard\u0131ndan serbest b\u0131rak\u0131ld\u0131.<\/p>\n<p>Gedizli 6 ay tutuklu kalm\u0131\u015f<\/p>\n<p>Katil zanl\u0131s\u0131 17 ya\u015f\u0131ndaki M.E.&#8217;nin babas\u0131 H\u00fcseyin E.&#8217;nin 6 y\u0131l \u00f6nce u\u011frad\u0131\u011f\u0131 b\u0131\u00e7akl\u0131 sald\u0131r\u0131da hayat\u0131n\u0131 kaybetti\u011fi \u00f6\u011frenildi. O olaya kar\u0131\u015f\u0131p tutuklananlardan birinin de cinayetten 6 ay sonra cezaevinden \u00e7\u0131kan Recep Tayyip Gedizli oldu\u011fu ortaya \u00e7\u0131kt\u0131.<\/p>\n<\/div>\n<p><strong>KAYNAK:SONDAK\u0130KA<\/strong><\/p>\n","protected":false},"excerpt":{"rendered":"<p>17 ya\u015f\u0131ndaki M.E., evinin \u00f6n\u00fcnde tart\u0131\u015ft\u0131\u011f\u0131 Recep Tayyip Gedizli&#8217;yi b\u0131\u00e7aklayarak \u00f6ld\u00fcrd\u00fc. Amasya&#8217;da 6 y\u0131l \u00f6nce babas\u0131n\u0131n b\u0131\u00e7aklanarak \u00f6ld\u00fcr\u00fclmesi olay\u0131n\u0131n faillerinden biri olarak tutuklanan ve 6 ay sonra serbest kalan \u015fahs\u0131 evinin \u00f6n\u00fcnde 9 b\u0131\u00e7ak darbesiyle \u00f6ld\u00fcren 17 ya\u015f\u0131ndaki \u015f\u00fcpheli, \u00e7\u0131kar\u0131ld\u0131\u011f\u0131 mahkemece tutukland\u0131. Edinilen bilgiye g\u00f6re, d\u00fcn ya\u015fanan olayda Kirazl\u0131dere Mahallesi&#8217;ndeki evin \u00f6n\u00fcnde Recep Tayyip Gedizli [&hellip;]<\/p>\n","protected":false},"author":1,"featured_media":2491,"comment_status":"closed","ping_status":"closed","sticky":false,"template":"","format":"standard","meta":{"footnotes":""},"categories":[7,39],"tags":[60,175,147,71,359,332],"class_list":["post-2490","post","type-post","status-publish","format-standard","has-post-thumbnail","hentry","category-gundem","category-haber","tag-cinayet","tag-guvenlik","tag-mahkeme","tag-suc","tag-amasya","tag-politika"],"_links":{"self":[{"href":"https:\/\/avukatimtv.com\/index.php\/wp-json\/wp\/v2\/posts\/2490","targetHints":{"allow":["GET"]}}],"collection":[{"href":"https:\/\/avukatimtv.com\/index.php\/wp-json\/wp\/v2\/posts"}],"about":[{"href":"https:\/\/avukatimtv.com\/index.php\/wp-json\/wp\/v2\/types\/post"}],"author":[{"embeddable":true,"href":"https:\/\/avukatimtv.com\/index.php\/wp-json\/wp\/v2\/users\/1"}],"replies":[{"embeddable":true,"href":"https:\/\/avukatimtv.com\/index.php\/wp-json\/wp\/v2\/comments?post=2490"}],"version-history":[{"count":1,"href":"https:\/\/avukatimtv.com\/index.php\/wp-json\/wp\/v2\/posts\/2490\/revisions"}],"predecessor-version":[{"id":2492,"href":"https:\/\/avukatimtv.com\/index.php\/wp-json\/wp\/v2\/posts\/2490\/revisions\/2492"}],"wp:featuredmedia":[{"embeddable":true,"href":"https:\/\/avukatimtv.com\/index.php\/wp-json\/wp\/v2\/media\/2491"}],"wp:attachment":[{"href":"https:\/\/avukatimtv.com\/index.php\/wp-json\/wp\/v2\/media?parent=2490"}],"wp:term":[{"taxonomy":"category","embeddable":true,"href":"https:\/\/avukatimtv.com\/index.php\/wp-json\/wp\/v2\/categories?post=2490"},{"taxonomy":"post_tag","embeddable":true,"href":"https:\/\/avukatimtv.com\/index.php\/wp-json\/wp\/v2\/tags?post=2490"}],"curies":[{"name":"wp","href":"https:\/\/api.w.org\/{rel}","templated":true}]}}