{"id":2496,"date":"2025-03-19T13:47:52","date_gmt":"2025-03-19T10:47:52","guid":{"rendered":"https:\/\/avukatimtv.com\/?p=2496"},"modified":"2025-03-19T13:47:52","modified_gmt":"2025-03-19T10:47:52","slug":"balikesirde-hirsizlik-zanli-yakalandi","status":"publish","type":"post","link":"https:\/\/avukatimtv.com\/index.php\/2025\/03\/19\/balikesirde-hirsizlik-zanli-yakalandi\/","title":{"rendered":"Bal\u0131kesir&#8217;de H\u0131rs\u0131zl\u0131k: Zanl\u0131 Yakaland\u0131"},"content":{"rendered":"<p>Bal\u0131kesir&#8217;de bir eve girerek \u00e7ok say\u0131da alt\u0131n ziynet e\u015fyas\u0131 \u00e7alan \u015fah\u0131s polis ekiplerinin titiz \u00e7al\u0131\u015fmas\u0131yla yakalanarak cezaevine g\u00f6nderildi.<\/p>\n<p>Bal\u0131kesir&#8217;in\u00a0Karesi\u00a0\u0130l\u00e7esi 2.\u00a0Sakarya\u00a0Mahallesinde bir eve pencereden girerek evdeki 7 adet 22 ayar adana burmas\u0131 bilezik, 4 adet 22 ayar farkl\u0131 geni\u015flik ve gramlarda bilezik, 5 adet zincire tak\u0131l\u0131 re\u015fat alt\u0131n, 4 b\u00fcy\u00fck alt\u0131n, 3 \u00e7eyrek alt\u0131n ve bir yar\u0131m alt\u0131n \u00e7alan \u015fah\u0131s hakk\u0131nda polis ekipleri soru\u015fturma ba\u015flatt\u0131. Ba\u015flat\u0131lan soru\u015fturma kapsam\u0131nda\u00a0Asayi\u015f \u015eube M\u00fcd\u00fcrl\u00fc\u011f\u00fc\u00a0H\u0131rs\u0131zl\u0131k\u00a0ve Yankesicilik B\u00fcro Amirli\u011fi ekipleri taraf\u0131ndan yap\u0131lan 240 saatlik g\u00fcvenlik kamera g\u00f6r\u00fcnt\u00fcs\u00fc incelemesinin ard\u0131ndan \u015f\u00fcpheli \u015fah\u0131s U.K. Bal\u0131kesir&#8217;in Edremit il\u00e7esinde yakaland\u0131. Adli mercilere sevk edilen U.K. tutuklanarak cezaevine g\u00f6nderildi.<\/p>\n<p>&nbsp;<\/p>\n<p><strong>KAYNAK:SONDAK\u0130KA<\/strong><\/p>\n","protected":false},"excerpt":{"rendered":"<p>Bal\u0131kesir&#8217;de bir eve girerek \u00e7ok say\u0131da alt\u0131n ziynet e\u015fyas\u0131 \u00e7alan \u015fah\u0131s polis ekiplerinin titiz \u00e7al\u0131\u015fmas\u0131yla yakalanarak cezaevine g\u00f6nderildi. Bal\u0131kesir&#8217;in\u00a0Karesi\u00a0\u0130l\u00e7esi 2.\u00a0Sakarya\u00a0Mahallesinde bir eve pencereden girerek evdeki 7 adet 22 ayar adana burmas\u0131 bilezik, 4 adet 22 ayar farkl\u0131 geni\u015flik ve gramlarda bilezik, 5 adet zincire tak\u0131l\u0131 re\u015fat alt\u0131n, 4 b\u00fcy\u00fck alt\u0131n, 3 \u00e7eyrek alt\u0131n ve bir [&hellip;]<\/p>\n","protected":false},"author":1,"featured_media":2497,"comment_status":"closed","ping_status":"closed","sticky":false,"template":"","format":"standard","meta":{"footnotes":""},"categories":[7,39],"tags":[175,204,63,49,71,334],"class_list":["post-2496","post","type-post","status-publish","format-standard","has-post-thumbnail","hentry","category-gundem","category-haber","tag-guvenlik","tag-hirsizlik","tag-karesi","tag-polis","tag-suc","tag-guncel"],"_links":{"self":[{"href":"https:\/\/avukatimtv.com\/index.php\/wp-json\/wp\/v2\/posts\/2496","targetHints":{"allow":["GET"]}}],"collection":[{"href":"https:\/\/avukatimtv.com\/index.php\/wp-json\/wp\/v2\/posts"}],"about":[{"href":"https:\/\/avukatimtv.com\/index.php\/wp-json\/wp\/v2\/types\/post"}],"author":[{"embeddable":true,"href":"https:\/\/avukatimtv.com\/index.php\/wp-json\/wp\/v2\/users\/1"}],"replies":[{"embeddable":true,"href":"https:\/\/avukatimtv.com\/index.php\/wp-json\/wp\/v2\/comments?post=2496"}],"version-history":[{"count":1,"href":"https:\/\/avukatimtv.com\/index.php\/wp-json\/wp\/v2\/posts\/2496\/revisions"}],"predecessor-version":[{"id":2498,"href":"https:\/\/avukatimtv.com\/index.php\/wp-json\/wp\/v2\/posts\/2496\/revisions\/2498"}],"wp:featuredmedia":[{"embeddable":true,"href":"https:\/\/avukatimtv.com\/index.php\/wp-json\/wp\/v2\/media\/2497"}],"wp:attachment":[{"href":"https:\/\/avukatimtv.com\/index.php\/wp-json\/wp\/v2\/media?parent=2496"}],"wp:term":[{"taxonomy":"category","embeddable":true,"href":"https:\/\/avukatimtv.com\/index.php\/wp-json\/wp\/v2\/categories?post=2496"},{"taxonomy":"post_tag","embeddable":true,"href":"https:\/\/avukatimtv.com\/index.php\/wp-json\/wp\/v2\/tags?post=2496"}],"curies":[{"name":"wp","href":"https:\/\/api.w.org\/{rel}","templated":true}]}}