{"id":2501,"date":"2025-03-20T16:51:56","date_gmt":"2025-03-20T13:51:56","guid":{"rendered":"https:\/\/avukatimtv.com\/?p=2501"},"modified":"2025-03-20T16:51:56","modified_gmt":"2025-03-20T13:51:56","slug":"amasyada-93-suclu-yakalandi","status":"publish","type":"post","link":"https:\/\/avukatimtv.com\/index.php\/2025\/03\/20\/amasyada-93-suclu-yakalandi\/","title":{"rendered":"Amasya&#8217;da 93 Su\u00e7lu Yakaland\u0131"},"content":{"rendered":"<p>Amasya&#8217;da \u015fubat ay\u0131nda \u00e7e\u015fitli su\u00e7lardan dolay\u0131 haklar\u0131nda kesinle\u015fmi\u015f hapis cezas\u0131 bulunan toplam 93 ki\u015fi yakaland\u0131.<\/p>\n<p>Amasya Valisi \u00d6nder Bakan, &#8220;\u0130\u015flenen su\u00e7lar\u0131 en aza indirmeye gayret ederken, ge\u00e7mi\u015fte i\u015fledikleri \u00e7e\u015fitli su\u00e7lardan dolay\u0131 hapis cezas\u0131 alan \u015fah\u0131slar\u0131 da yakalayarak adli makamlara teslim ediyoruz. Bu noktada \u015fubat ay\u0131nda \u00e7e\u015fitli su\u00e7lardan dolay\u0131 haklar\u0131nda kesinle\u015fmi\u015f hapis cezas\u0131 bulunan toplam 93 ki\u015fi yakalanm\u0131\u015ft\u0131r&#8221; dedi.<\/p>\n<p>\u0130l genelinde yap\u0131lan asayi\u015f ve g\u00fcvenlik faaliyetlerine ili\u015fkin a\u00e7\u0131klamalarda bulunan Vali Bakan, &#8220;\u0130limizde asayi\u015f olaylar\u0131n\u0131 \u00f6nlemek ve ger\u00e7ekle\u015fen olaylar\u0131 asgari seviyelere indirmek \u00f6ncelikli hedefimizdir. Bu kapsamda, 2024 y\u0131l\u0131n\u0131n \u015fubat ay\u0131 ile k\u0131yaslad\u0131\u011f\u0131m\u0131zda i\u015fyeri ve kurumdan h\u0131rs\u0131zl\u0131k su\u00e7u y\u00fczde 79, evden h\u0131rs\u0131zl\u0131k su\u00e7u y\u00fczde 47, kasten yaralama su\u00e7u y\u00fczde 32, doland\u0131r\u0131c\u0131l\u0131k su\u00e7u y\u00fczde 31, tehdit su\u00e7u ise y\u00fczde 19 oran\u0131nda azalt\u0131lm\u0131\u015ft\u0131r&#8221; diye konu\u015ftu.<\/p>\n<p>Ayr\u0131ca asayi\u015f su\u00e7lar\u0131n\u0131n \u00f6nemli bir k\u0131sm\u0131n\u0131n ruhsats\u0131z silahlarla i\u015flendi\u011fini g\u00f6z \u00f6n\u00fcnde bulunduruldu\u011funda yap\u0131lan operasyonlarda 34 ruhsats\u0131z silah\u0131n da ele ge\u00e7irildi\u011fine de\u011finen Bakan, siber su\u00e7larla m\u00fccadele kapsam\u0131nda ise i\u00e7eriklerinde su\u00e7 unsuru tespit edilen toplam 30 \u015fah\u0131s ve hesap hakk\u0131nda inceleme yap\u0131larak haklar\u0131nda adli i\u015flem ba\u015flat\u0131ld\u0131\u011f\u0131n\u0131 s\u00f6yledi. Programa, \u0130l Emniyet M\u00fcd\u00fcr\u00fc Ayhan Sara\u00e7 ile \u0130l\u00a0Jandarma\u00a0Komutan\u0131 K\u0131demli\u00a0Albay\u00a0Ramazan Yi\u011fit de kat\u0131ld\u0131.<\/p>\n<p>&nbsp;<\/p>\n<p><strong>KAYNAK:SONDAK\u0130KA<\/strong><\/p>\n","protected":false},"excerpt":{"rendered":"<p>Amasya&#8217;da \u015fubat ay\u0131nda \u00e7e\u015fitli su\u00e7lardan dolay\u0131 haklar\u0131nda kesinle\u015fmi\u015f hapis cezas\u0131 bulunan toplam 93 ki\u015fi yakaland\u0131. Amasya Valisi \u00d6nder Bakan, &#8220;\u0130\u015flenen su\u00e7lar\u0131 en aza indirmeye gayret ederken, ge\u00e7mi\u015fte i\u015fledikleri \u00e7e\u015fitli su\u00e7lardan dolay\u0131 hapis cezas\u0131 alan \u015fah\u0131slar\u0131 da yakalayarak adli makamlara teslim ediyoruz. Bu noktada \u015fubat ay\u0131nda \u00e7e\u015fitli su\u00e7lardan dolay\u0131 haklar\u0131nda kesinle\u015fmi\u015f hapis cezas\u0131 bulunan toplam 93 [&hellip;]<\/p>\n","protected":false},"author":1,"featured_media":2502,"comment_status":"closed","ping_status":"closed","sticky":false,"template":"","format":"standard","meta":{"footnotes":""},"categories":[7,39],"tags":[175,359,362,332,331],"class_list":["post-2501","post","type-post","status-publish","format-standard","has-post-thumbnail","hentry","category-gundem","category-haber","tag-guvenlik","tag-amasya","tag-asayis","tag-politika","tag-yerel-haberler"],"_links":{"self":[{"href":"https:\/\/avukatimtv.com\/index.php\/wp-json\/wp\/v2\/posts\/2501","targetHints":{"allow":["GET"]}}],"collection":[{"href":"https:\/\/avukatimtv.com\/index.php\/wp-json\/wp\/v2\/posts"}],"about":[{"href":"https:\/\/avukatimtv.com\/index.php\/wp-json\/wp\/v2\/types\/post"}],"author":[{"embeddable":true,"href":"https:\/\/avukatimtv.com\/index.php\/wp-json\/wp\/v2\/users\/1"}],"replies":[{"embeddable":true,"href":"https:\/\/avukatimtv.com\/index.php\/wp-json\/wp\/v2\/comments?post=2501"}],"version-history":[{"count":1,"href":"https:\/\/avukatimtv.com\/index.php\/wp-json\/wp\/v2\/posts\/2501\/revisions"}],"predecessor-version":[{"id":2503,"href":"https:\/\/avukatimtv.com\/index.php\/wp-json\/wp\/v2\/posts\/2501\/revisions\/2503"}],"wp:featuredmedia":[{"embeddable":true,"href":"https:\/\/avukatimtv.com\/index.php\/wp-json\/wp\/v2\/media\/2502"}],"wp:attachment":[{"href":"https:\/\/avukatimtv.com\/index.php\/wp-json\/wp\/v2\/media?parent=2501"}],"wp:term":[{"taxonomy":"category","embeddable":true,"href":"https:\/\/avukatimtv.com\/index.php\/wp-json\/wp\/v2\/categories?post=2501"},{"taxonomy":"post_tag","embeddable":true,"href":"https:\/\/avukatimtv.com\/index.php\/wp-json\/wp\/v2\/tags?post=2501"}],"curies":[{"name":"wp","href":"https:\/\/api.w.org\/{rel}","templated":true}]}}