{"id":2505,"date":"2025-03-20T17:43:39","date_gmt":"2025-03-20T14:43:39","guid":{"rendered":"https:\/\/avukatimtv.com\/?p=2505"},"modified":"2025-03-20T17:43:39","modified_gmt":"2025-03-20T14:43:39","slug":"erdekte-uyusturucu-operasyonu","status":"publish","type":"post","link":"https:\/\/avukatimtv.com\/index.php\/2025\/03\/20\/erdekte-uyusturucu-operasyonu\/","title":{"rendered":"Erdek&#8217;te Uyu\u015fturucu Operasyonu"},"content":{"rendered":"<p>Bal\u0131kesir&#8217;in\u00a0Erdek\u00a0il\u00e7esinde polis ekipleri taraf\u0131ndan ger\u00e7ekle\u015ftirilen asayi\u015f uygulamas\u0131nda, durumundan \u015f\u00fcphelenilen bir \u015fahs\u0131n \u00fczerinde 224 adet sentetik ecza hap ele ge\u00e7irildi.<\/p>\n<p>Edinilen bilgilere g\u00f6re, Erdek \u0130l\u00e7e Emniyet M\u00fcd\u00fcrl\u00fc\u011f\u00fc&#8217;ne ba\u011fl\u0131 ekipler, D\u00fczler b\u00f6lgesinde yapt\u0131klar\u0131 asayi\u015f uygulamas\u0131 s\u0131ras\u0131nda minib\u00fcste yolcu olarak bulunan S.Y. isimli \u015fahs\u0131n \u015f\u00fcpheli hareketler sergilemesi \u00fczerine \u00fcst aramas\u0131 ger\u00e7ekle\u015ftirdi.<\/p>\n<p>\u015eahs\u0131n \u00fczerinde ve s\u0131rt \u00e7antas\u0131nda yap\u0131lan aramada 224 adet sentetik ecza hap ve su\u00e7tan elde edildi\u011fi de\u011ferlendirilen bir miktar para ele ge\u00e7irildi.<\/p>\n<p>\u015e\u00fcpheli S.Y. g\u00f6zalt\u0131na al\u0131n\u0131rken, hakk\u0131nda yasal i\u015flem ba\u015flat\u0131ld\u0131\u011f\u0131 \u00f6\u011frenildi.<\/p>\n<p>&nbsp;<\/p>\n<p><strong>KAYNAK:SONDAK\u0130KA<\/strong><\/p>\n","protected":false},"excerpt":{"rendered":"<p>Bal\u0131kesir&#8217;in\u00a0Erdek\u00a0il\u00e7esinde polis ekipleri taraf\u0131ndan ger\u00e7ekle\u015ftirilen asayi\u015f uygulamas\u0131nda, durumundan \u015f\u00fcphelenilen bir \u015fahs\u0131n \u00fczerinde 224 adet sentetik ecza hap ele ge\u00e7irildi. Edinilen bilgilere g\u00f6re, Erdek \u0130l\u00e7e Emniyet M\u00fcd\u00fcrl\u00fc\u011f\u00fc&#8217;ne ba\u011fl\u0131 ekipler, D\u00fczler b\u00f6lgesinde yapt\u0131klar\u0131 asayi\u015f uygulamas\u0131 s\u0131ras\u0131nda minib\u00fcste yolcu olarak bulunan S.Y. isimli \u015fahs\u0131n \u015f\u00fcpheli hareketler sergilemesi \u00fczerine \u00fcst aramas\u0131 ger\u00e7ekle\u015ftirdi. \u015eahs\u0131n \u00fczerinde ve s\u0131rt \u00e7antas\u0131nda yap\u0131lan aramada [&hellip;]<\/p>\n","protected":false},"author":1,"featured_media":2506,"comment_status":"closed","ping_status":"closed","sticky":false,"template":"","format":"standard","meta":{"footnotes":""},"categories":[7,39],"tags":[175,148,49,71,45,362,363,332],"class_list":["post-2505","post","type-post","status-publish","format-standard","has-post-thumbnail","hentry","category-gundem","category-haber","tag-guvenlik","tag-hukuk","tag-polis","tag-suc","tag-uyusturucu","tag-asayis","tag-erdek","tag-politika"],"_links":{"self":[{"href":"https:\/\/avukatimtv.com\/index.php\/wp-json\/wp\/v2\/posts\/2505","targetHints":{"allow":["GET"]}}],"collection":[{"href":"https:\/\/avukatimtv.com\/index.php\/wp-json\/wp\/v2\/posts"}],"about":[{"href":"https:\/\/avukatimtv.com\/index.php\/wp-json\/wp\/v2\/types\/post"}],"author":[{"embeddable":true,"href":"https:\/\/avukatimtv.com\/index.php\/wp-json\/wp\/v2\/users\/1"}],"replies":[{"embeddable":true,"href":"https:\/\/avukatimtv.com\/index.php\/wp-json\/wp\/v2\/comments?post=2505"}],"version-history":[{"count":1,"href":"https:\/\/avukatimtv.com\/index.php\/wp-json\/wp\/v2\/posts\/2505\/revisions"}],"predecessor-version":[{"id":2507,"href":"https:\/\/avukatimtv.com\/index.php\/wp-json\/wp\/v2\/posts\/2505\/revisions\/2507"}],"wp:featuredmedia":[{"embeddable":true,"href":"https:\/\/avukatimtv.com\/index.php\/wp-json\/wp\/v2\/media\/2506"}],"wp:attachment":[{"href":"https:\/\/avukatimtv.com\/index.php\/wp-json\/wp\/v2\/media?parent=2505"}],"wp:term":[{"taxonomy":"category","embeddable":true,"href":"https:\/\/avukatimtv.com\/index.php\/wp-json\/wp\/v2\/categories?post=2505"},{"taxonomy":"post_tag","embeddable":true,"href":"https:\/\/avukatimtv.com\/index.php\/wp-json\/wp\/v2\/tags?post=2505"}],"curies":[{"name":"wp","href":"https:\/\/api.w.org\/{rel}","templated":true}]}}