{"id":2508,"date":"2025-03-21T18:55:56","date_gmt":"2025-03-21T15:55:56","guid":{"rendered":"https:\/\/avukatimtv.com\/?p=2508"},"modified":"2025-03-21T18:55:56","modified_gmt":"2025-03-21T15:55:56","slug":"adanada-hirsizlik-ani-kamerada","status":"publish","type":"post","link":"https:\/\/avukatimtv.com\/index.php\/2025\/03\/21\/adanada-hirsizlik-ani-kamerada\/","title":{"rendered":"Adana&#8217;da H\u0131rs\u0131zl\u0131k An\u0131 Kamerada"},"content":{"rendered":"<p>Adana&#8217;da kurs merkezinin cam\u0131n\u0131 k\u0131r\u0131p i\u00e7eri giren \u015f\u00fcphelinin h\u0131rs\u0131zl\u0131k an\u0131 g\u00fcvenlik kameras\u0131na saniye saniye yans\u0131rken, \u0131\u015f\u0131\u011f\u0131 tutmak i\u00e7in maskeyi \u00e7\u0131karmas\u0131yla kimli\u011fi belirlenip yakalanarak tutukland\u0131. Tutuklanan \u015f\u00fcphelinin \u00e7ald\u0131\u011f\u0131 e\u015fyalar i\u00e7in &#8220;Yolda buldum&#8221; savunmas\u0131 yapt\u0131\u011f\u0131 \u00f6\u011frenildi<\/p>\n<p>Olay, 3 Mart&#8217;ta merkez\u00a0Y\u00fcre\u011fir\u00a0il\u00e7esine ba\u011fl\u0131\u00a0Seyhan\u00a0Mahallesi&#8217;ndeki bir kurs merkezinde meydana geldi. \u015e.\u00d6. (39) y\u00fcz\u00fcn\u00fc kap\u00fc\u015fon ve cerrahi maske ile gizleyip kurs merkezinin penceresinin cam\u0131n\u0131 k\u0131r\u0131p i\u00e7eri girdi. \u015e\u00fcpheli i\u00e7erideki odalar\u0131 gezerek 2 diz\u00fcst\u00fc bilgisayar, cep telefonu ve bir miktar para \u00e7al\u0131p ka\u00e7t\u0131. \u0130\u015f yeri sahibi N.T. sabah geldi\u011finde h\u0131rs\u0131zl\u0131\u011f\u0131n ger\u00e7ekle\u015fti\u011fi g\u00f6r\u00fcnce durumu polise bildirdi. B\u00f6lgeye giden\u00a0Asayi\u015f\u00a0\u015eube\u00a0H\u0131rs\u0131zl\u0131k\u00a0ve Yankesicilik B\u00fcro Amirli\u011fi ekipleri \u00e7al\u0131\u015fma yapt\u0131.\u00a0Polis, i\u015f yeri ve \u00e7evredeki g\u00fcvenlik kameras\u0131 kay\u0131tlar\u0131n\u0131 inceleyerek \u015f\u00fcphelinin kimli\u011fini y\u00fcz\u00fcndeki maskeyi bir anl\u0131\u011f\u0131na \u00e7\u0131karmas\u0131yla tespit etti. \u015e\u00fcpheli \u015e.\u00d6. evine yap\u0131lan operasyonla yakaland\u0131. Yap\u0131lan aramalarda \u00e7ald\u0131\u011f\u0131 malzemeler de ele ge\u00e7irildi.<\/p>\n<p>G\u00f6zalt\u0131na al\u0131n\u0131p emniyete g\u00f6t\u00fcr\u00fclen \u015f\u00fcphelinin ifadesinde, &#8220;Ben h\u0131rs\u0131zl\u0131k yapmad\u0131m bu e\u015fyalar\u0131 yolda buldum&#8221; diyerek kendini savunmaya \u00e7al\u0131\u015ft\u0131\u011f\u0131 \u00f6\u011frenildi.<\/p>\n<p>H\u0131rs\u0131zl\u0131k anlar\u0131 g\u00fcvenlik kameras\u0131na yans\u0131yan \u015f\u00fcpheli i\u015flemlerinin ard\u0131ndan sevk edildi\u011fi adliyede \u00e7\u0131kar\u0131ld\u0131\u011f\u0131 mahkemece tutukland\u0131.<\/p>\n<p>&nbsp;<\/p>\n<p><strong>KAYNAK:SONDAK\u0130KA<\/strong><\/p>\n","protected":false},"excerpt":{"rendered":"<p>Adana&#8217;da kurs merkezinin cam\u0131n\u0131 k\u0131r\u0131p i\u00e7eri giren \u015f\u00fcphelinin h\u0131rs\u0131zl\u0131k an\u0131 g\u00fcvenlik kameras\u0131na saniye saniye yans\u0131rken, \u0131\u015f\u0131\u011f\u0131 tutmak i\u00e7in maskeyi \u00e7\u0131karmas\u0131yla kimli\u011fi belirlenip yakalanarak tutukland\u0131. Tutuklanan \u015f\u00fcphelinin \u00e7ald\u0131\u011f\u0131 e\u015fyalar i\u00e7in &#8220;Yolda buldum&#8221; savunmas\u0131 yapt\u0131\u011f\u0131 \u00f6\u011frenildi Olay, 3 Mart&#8217;ta merkez\u00a0Y\u00fcre\u011fir\u00a0il\u00e7esine ba\u011fl\u0131\u00a0Seyhan\u00a0Mahallesi&#8217;ndeki bir kurs merkezinde meydana geldi. \u015e.\u00d6. (39) y\u00fcz\u00fcn\u00fc kap\u00fc\u015fon ve cerrahi maske ile gizleyip kurs merkezinin [&hellip;]<\/p>\n","protected":false},"author":1,"featured_media":2509,"comment_status":"closed","ping_status":"closed","sticky":false,"template":"","format":"standard","meta":{"footnotes":""},"categories":[7,39],"tags":[128,175,204,71,334,364,365],"class_list":["post-2508","post","type-post","status-publish","format-standard","has-post-thumbnail","hentry","category-gundem","category-haber","tag-adana","tag-guvenlik","tag-hirsizlik","tag-suc","tag-guncel","tag-guvenlik-kamerasi","tag-yuregir"],"_links":{"self":[{"href":"https:\/\/avukatimtv.com\/index.php\/wp-json\/wp\/v2\/posts\/2508","targetHints":{"allow":["GET"]}}],"collection":[{"href":"https:\/\/avukatimtv.com\/index.php\/wp-json\/wp\/v2\/posts"}],"about":[{"href":"https:\/\/avukatimtv.com\/index.php\/wp-json\/wp\/v2\/types\/post"}],"author":[{"embeddable":true,"href":"https:\/\/avukatimtv.com\/index.php\/wp-json\/wp\/v2\/users\/1"}],"replies":[{"embeddable":true,"href":"https:\/\/avukatimtv.com\/index.php\/wp-json\/wp\/v2\/comments?post=2508"}],"version-history":[{"count":1,"href":"https:\/\/avukatimtv.com\/index.php\/wp-json\/wp\/v2\/posts\/2508\/revisions"}],"predecessor-version":[{"id":2510,"href":"https:\/\/avukatimtv.com\/index.php\/wp-json\/wp\/v2\/posts\/2508\/revisions\/2510"}],"wp:featuredmedia":[{"embeddable":true,"href":"https:\/\/avukatimtv.com\/index.php\/wp-json\/wp\/v2\/media\/2509"}],"wp:attachment":[{"href":"https:\/\/avukatimtv.com\/index.php\/wp-json\/wp\/v2\/media?parent=2508"}],"wp:term":[{"taxonomy":"category","embeddable":true,"href":"https:\/\/avukatimtv.com\/index.php\/wp-json\/wp\/v2\/categories?post=2508"},{"taxonomy":"post_tag","embeddable":true,"href":"https:\/\/avukatimtv.com\/index.php\/wp-json\/wp\/v2\/tags?post=2508"}],"curies":[{"name":"wp","href":"https:\/\/api.w.org\/{rel}","templated":true}]}}