{"id":2515,"date":"2025-04-02T17:09:39","date_gmt":"2025-04-02T14:09:39","guid":{"rendered":"https:\/\/avukatimtv.com\/?p=2515"},"modified":"2025-04-02T17:09:39","modified_gmt":"2025-04-02T14:09:39","slug":"bayramin-son-gunu-evlat-katili-oldu","status":"publish","type":"post","link":"https:\/\/avukatimtv.com\/index.php\/2025\/04\/02\/bayramin-son-gunu-evlat-katili-oldu\/","title":{"rendered":"Bayram\u0131n son g\u00fcn\u00fc evlat katili oldu"},"content":{"rendered":"<p>Manisa&#8217;n\u0131n\u00a0K\u0131rka\u011fa\u00e7\u00a0il\u00e7esine ba\u011fl\u0131\u00a0Karakurt\u00a0Mahallesi&#8217;nde d\u00fcn gece saat 22.30 s\u0131ralar\u0131nda deh\u015fet ya\u015fand\u0131.\u00a0Baba\u00a0Beytullah Doruk (58) ile o\u011flu Muzaffer Doruk (34) aras\u0131nda tart\u0131\u015fma ba\u015flad\u0131.<\/p>\n<h3>O\u011eLUNU T\u00dcFEKLE KATLETT\u0130<\/h3>\n<p>Tart\u0131\u015fma k\u0131sa s\u00fcrede yerini kavgaya b\u0131rakt\u0131. Baba, o\u011flu Muzaffer Doruk&#8217;u evin avlusunda av t\u00fcfe\u011fiyle ba\u015f\u0131ndan vurdu. Vurulan Muzaffer Doruk olay yerinde hayat\u0131n\u0131 kaybederken baba Beytullah Doruk ise\u00a0Jandarma\u00a0ekipleri taraf\u0131ndan silah\u0131yla birlikte g\u00f6zalt\u0131na al\u0131nd\u0131. Bir \u00e7ocuk babas\u0131 olan Muzaffer Doruk&#8217;un cenazesi K\u0131rka\u011fa\u00e7\u00a0Devlet Hastanesi\u00a0morguna kald\u0131r\u0131l\u0131rken, ac\u0131 haber t\u00fcm il\u00e7eyi yasa bo\u011fdu.<\/p>\n<p>&nbsp;<\/p>\n<p><strong>KAYNAK:SONDAK\u0130KA<\/strong><\/p>\n","protected":false},"excerpt":{"rendered":"<p>Manisa&#8217;n\u0131n\u00a0K\u0131rka\u011fa\u00e7\u00a0il\u00e7esine ba\u011fl\u0131\u00a0Karakurt\u00a0Mahallesi&#8217;nde d\u00fcn gece saat 22.30 s\u0131ralar\u0131nda deh\u015fet ya\u015fand\u0131.\u00a0Baba\u00a0Beytullah Doruk (58) ile o\u011flu Muzaffer Doruk (34) aras\u0131nda tart\u0131\u015fma ba\u015flad\u0131. O\u011eLUNU T\u00dcFEKLE KATLETT\u0130 Tart\u0131\u015fma k\u0131sa s\u00fcrede yerini kavgaya b\u0131rakt\u0131. Baba, o\u011flu Muzaffer Doruk&#8217;u evin avlusunda av t\u00fcfe\u011fiyle ba\u015f\u0131ndan vurdu. Vurulan Muzaffer Doruk olay yerinde hayat\u0131n\u0131 kaybederken baba Beytullah Doruk ise\u00a0Jandarma\u00a0ekipleri taraf\u0131ndan silah\u0131yla birlikte g\u00f6zalt\u0131na al\u0131nd\u0131. Bir [&hellip;]<\/p>\n","protected":false},"author":1,"featured_media":2516,"comment_status":"closed","ping_status":"closed","sticky":false,"template":"","format":"standard","meta":{"footnotes":""},"categories":[7,39],"tags":[267,60,71,368,369,370,331],"class_list":["post-2515","post","type-post","status-publish","format-standard","has-post-thumbnail","hentry","category-gundem","category-haber","tag-baba","tag-cinayet","tag-suc","tag-aile-ici-siddet","tag-kirkagac","tag-manisa","tag-yerel-haberler"],"_links":{"self":[{"href":"https:\/\/avukatimtv.com\/index.php\/wp-json\/wp\/v2\/posts\/2515","targetHints":{"allow":["GET"]}}],"collection":[{"href":"https:\/\/avukatimtv.com\/index.php\/wp-json\/wp\/v2\/posts"}],"about":[{"href":"https:\/\/avukatimtv.com\/index.php\/wp-json\/wp\/v2\/types\/post"}],"author":[{"embeddable":true,"href":"https:\/\/avukatimtv.com\/index.php\/wp-json\/wp\/v2\/users\/1"}],"replies":[{"embeddable":true,"href":"https:\/\/avukatimtv.com\/index.php\/wp-json\/wp\/v2\/comments?post=2515"}],"version-history":[{"count":1,"href":"https:\/\/avukatimtv.com\/index.php\/wp-json\/wp\/v2\/posts\/2515\/revisions"}],"predecessor-version":[{"id":2517,"href":"https:\/\/avukatimtv.com\/index.php\/wp-json\/wp\/v2\/posts\/2515\/revisions\/2517"}],"wp:featuredmedia":[{"embeddable":true,"href":"https:\/\/avukatimtv.com\/index.php\/wp-json\/wp\/v2\/media\/2516"}],"wp:attachment":[{"href":"https:\/\/avukatimtv.com\/index.php\/wp-json\/wp\/v2\/media?parent=2515"}],"wp:term":[{"taxonomy":"category","embeddable":true,"href":"https:\/\/avukatimtv.com\/index.php\/wp-json\/wp\/v2\/categories?post=2515"},{"taxonomy":"post_tag","embeddable":true,"href":"https:\/\/avukatimtv.com\/index.php\/wp-json\/wp\/v2\/tags?post=2515"}],"curies":[{"name":"wp","href":"https:\/\/api.w.org\/{rel}","templated":true}]}}