{"id":2518,"date":"2025-04-02T18:32:28","date_gmt":"2025-04-02T15:32:28","guid":{"rendered":"https:\/\/avukatimtv.com\/?p=2518"},"modified":"2025-04-02T18:32:28","modified_gmt":"2025-04-02T15:32:28","slug":"adanada-57-kursunla-saldiri-2-supheli-tutuklandi","status":"publish","type":"post","link":"https:\/\/avukatimtv.com\/index.php\/2025\/04\/02\/adanada-57-kursunla-saldiri-2-supheli-tutuklandi\/","title":{"rendered":"Adana&#8217;da 57 Kur\u015funla Sald\u0131r\u0131: 2 \u015e\u00fcpheli Tutukland\u0131"},"content":{"rendered":"<p>Adana&#8217;da bir i\u015f yerine 57 kur\u015fun s\u0131kan 2 \u015f\u00fcpheli yakalan\u0131p tutukland\u0131. Sald\u0131rganlar\u0131n daha \u00f6nce bir ki\u015finin \u00f6ld\u00fcr\u00fcld\u00fc\u011f\u00fc olayda i\u015f yeri sahibinin kavgay\u0131 ay\u0131rmad\u0131\u011f\u0131 gerek\u00e7esiyle cezaland\u0131rmak i\u00e7in olay\u0131 ger\u00e7ekle\u015ftirdi\u011fi iddia edildi.<\/p>\n<p>Olay, 9 Mart&#8217;ta merkez\u00a0Seyhan\u00a0il\u00e7esine ba\u011fl\u0131\u00a0Fatih\u00a0Mahallesi M\u00fccahitler Caddesi&#8217;nde meydana geldi. Al\u0131nan bilgiye g\u00f6re, M.A.&#8217;ya ait beyaz e\u015fya sat\u0131\u015f\u0131 yap\u0131lan i\u015f yerine gece yar\u0131s\u0131 silahl\u0131 sald\u0131r\u0131 d\u00fczenlendi. \u0130\u015f yeri sahibinin sabah sald\u0131r\u0131y\u0131 fark etmesi \u00fczerine durum polise bildirildi. Polisin yapt\u0131\u011f\u0131 incelemede i\u015f yerine 57 el ate\u015f edildi\u011fi belirlendi. Bunun \u00fczerine \u0130l Emniyet M\u00fcd\u00fcrl\u00fc\u011f\u00fc\u00a0Asayi\u015f\u00a0\u015eube Gasp B\u00fcro Amirli\u011fi ekipleri, \u00e7al\u0131\u015fma yapt\u0131. Ekipler, b\u00f6lgedeki t\u00fcm g\u00fcvenlik kameras\u0131 kay\u0131tlar\u0131n\u0131 ald\u0131. 65 saatlik kay\u0131tlar\u0131 tek tek inceleyen ekipleri sald\u0131r\u0131y\u0131 ger\u00e7ekle\u015ftiren \u015f\u00fcpheliler T.T. ve H.S.&#8217;yi tespit etti. D\u00fczenlenen operasyonla yakalanarak g\u00f6zalt\u0131na al\u0131nan \u015f\u00fcpheliler, emniyetteki ifadelerinin ard\u0131ndan sevk edildikleri adli makamlarca tutukland\u0131.<\/p>\n<p>Sald\u0131r\u0131n\u0131n nedeni cinayetle biten kavgay\u0131 ay\u0131rmama<\/p>\n<p>\u00d6te yandan, olay\u0131n nedeni de ortaya \u00e7\u0131kt\u0131. Edinilen bilgiye g\u00f6re, 4 Ocak&#8217;ta \u00e7\u0131kan silahl\u0131 kavgada Mahmut Ayta, M.Y. taraf\u0131ndan 8 el ba\u015f\u0131na ate\u015f edilerek \u00f6ld\u00fcr\u00fcld\u00fc. Olayla ilgili M.Y. ile birlikte 3 \u015f\u00fcpheli \u00e7\u0131kar\u0131ld\u0131\u011f\u0131 mahkemece tutukland\u0131.\u00a0Cinayet\u00a0sonras\u0131nda Mahmut Ayta&#8217;n\u0131n yak\u0131nlar\u0131 kavgay\u0131 g\u00f6r\u00fcp ay\u0131rmad\u0131\u011f\u0131n\u0131 \u00f6ne s\u00fcrd\u00fc\u011f\u00fc M.A.&#8217;ya husumet beslemeye ba\u015flad\u0131. Bu nedenle Ayta&#8217;n\u0131n yak\u0131nlar\u0131 T.T. ve H.S.&#8217;nin kur\u015funlama olay\u0131n\u0131 ger\u00e7ekle\u015ftirdi\u011fi iddia edildi.<\/p>\n<p>&nbsp;<\/p>\n<p>&nbsp;<\/p>\n<p><strong>KAYNAK:SONDAK\u0130KA<\/strong><\/p>\n","protected":false},"excerpt":{"rendered":"<p>Adana&#8217;da bir i\u015f yerine 57 kur\u015fun s\u0131kan 2 \u015f\u00fcpheli yakalan\u0131p tutukland\u0131. Sald\u0131rganlar\u0131n daha \u00f6nce bir ki\u015finin \u00f6ld\u00fcr\u00fcld\u00fc\u011f\u00fc olayda i\u015f yeri sahibinin kavgay\u0131 ay\u0131rmad\u0131\u011f\u0131 gerek\u00e7esiyle cezaland\u0131rmak i\u00e7in olay\u0131 ger\u00e7ekle\u015ftirdi\u011fi iddia edildi. Olay, 9 Mart&#8217;ta merkez\u00a0Seyhan\u00a0il\u00e7esine ba\u011fl\u0131\u00a0Fatih\u00a0Mahallesi M\u00fccahitler Caddesi&#8217;nde meydana geldi. Al\u0131nan bilgiye g\u00f6re, M.A.&#8217;ya ait beyaz e\u015fya sat\u0131\u015f\u0131 yap\u0131lan i\u015f yerine gece yar\u0131s\u0131 silahl\u0131 sald\u0131r\u0131 d\u00fczenlendi. [&hellip;]<\/p>\n","protected":false},"author":1,"featured_media":2519,"comment_status":"closed","ping_status":"closed","sticky":false,"template":"","format":"standard","meta":{"footnotes":""},"categories":[7,39],"tags":[128,60,50,71,332],"class_list":["post-2518","post","type-post","status-publish","format-standard","has-post-thumbnail","hentry","category-gundem","category-haber","tag-adana","tag-cinayet","tag-saldiri","tag-suc","tag-politika"],"_links":{"self":[{"href":"https:\/\/avukatimtv.com\/index.php\/wp-json\/wp\/v2\/posts\/2518","targetHints":{"allow":["GET"]}}],"collection":[{"href":"https:\/\/avukatimtv.com\/index.php\/wp-json\/wp\/v2\/posts"}],"about":[{"href":"https:\/\/avukatimtv.com\/index.php\/wp-json\/wp\/v2\/types\/post"}],"author":[{"embeddable":true,"href":"https:\/\/avukatimtv.com\/index.php\/wp-json\/wp\/v2\/users\/1"}],"replies":[{"embeddable":true,"href":"https:\/\/avukatimtv.com\/index.php\/wp-json\/wp\/v2\/comments?post=2518"}],"version-history":[{"count":1,"href":"https:\/\/avukatimtv.com\/index.php\/wp-json\/wp\/v2\/posts\/2518\/revisions"}],"predecessor-version":[{"id":2520,"href":"https:\/\/avukatimtv.com\/index.php\/wp-json\/wp\/v2\/posts\/2518\/revisions\/2520"}],"wp:featuredmedia":[{"embeddable":true,"href":"https:\/\/avukatimtv.com\/index.php\/wp-json\/wp\/v2\/media\/2519"}],"wp:attachment":[{"href":"https:\/\/avukatimtv.com\/index.php\/wp-json\/wp\/v2\/media?parent=2518"}],"wp:term":[{"taxonomy":"category","embeddable":true,"href":"https:\/\/avukatimtv.com\/index.php\/wp-json\/wp\/v2\/categories?post=2518"},{"taxonomy":"post_tag","embeddable":true,"href":"https:\/\/avukatimtv.com\/index.php\/wp-json\/wp\/v2\/tags?post=2518"}],"curies":[{"name":"wp","href":"https:\/\/api.w.org\/{rel}","templated":true}]}}