{"id":2522,"date":"2025-04-05T12:49:04","date_gmt":"2025-04-05T09:49:04","guid":{"rendered":"https:\/\/avukatimtv.com\/?p=2522"},"modified":"2025-04-05T12:49:04","modified_gmt":"2025-04-05T09:49:04","slug":"kastamonuda-kiz-meselesi-cinayet-davasi","status":"publish","type":"post","link":"https:\/\/avukatimtv.com\/index.php\/2025\/04\/05\/kastamonuda-kiz-meselesi-cinayet-davasi\/","title":{"rendered":"Kastamonu&#8217;da K\u0131z Meselesi Cinayet Davas\u0131"},"content":{"rendered":"<p>Kastamonu&#8217;da k\u0131z meselesi y\u00fcz\u00fcnden tart\u0131\u015ft\u0131klar\u0131 \u015fahs\u0131 \u00f6ld\u00fcrd\u00fckleri iddia edilen san\u0131klar\u0131n yarg\u0131lanmas\u0131na devam edildi. Duru\u015fmada, 2su\u00e7 delillerini yok etme veya de\u011fi\u015ftirme&#8217; su\u00e7lar\u0131ndan 4 san\u0131k hakk\u0131nda dava a\u00e7\u0131larak dosyaya eklendi.<\/p>\n<p>Olay, 2023 y\u0131l\u0131n\u0131n\u00a0Aral\u0131k\u00a0ay\u0131nda merkez\u00a0Yolkonak\u00a0k\u00f6y\u00fc Yukar\u0131yuva Mahallesi&#8217;nde meydana geldi. Edinilen bilgiye g\u00f6re, Fuat Camc\u0131 (19) ile Ferdi D. aras\u0131nda k\u0131z meselesi y\u00fcz\u00fcnden telefonda tart\u0131\u015fma \u00e7\u0131kt\u0131. Tart\u0131\u015fman\u0131n b\u00fcy\u00fcmesi \u00fczerine Fuat Camc\u0131, en yak\u0131n arkada\u015f\u0131 olan Eren E.&#8217;nin arac\u0131na binerek, yanlar\u0131na ald\u0131klar\u0131 Yusuf S. ile birlikte Yolkonak k\u00f6y\u00fcne gitti. K\u00f6ye geldikleri s\u0131rada Ferdi D. ile Fuat Camc\u0131 aras\u0131nda \u00e7\u0131kan tart\u0131\u015fma b\u00fcy\u00fcd\u00fc. \u0130ddialara g\u00f6re Ferdi D. ile Yusuf S., yanlar\u0131nda bulundurduklar\u0131 t\u00fcfekle \u00e7apraz ate\u015fe ald\u0131klar\u0131 Fuat Camc\u0131&#8217;y\u0131 vurarak \u00f6ld\u00fcrd\u00fc. Olay\u0131n ard\u0131ndan Eren E. arac\u0131yla, Ferdi D. ve Yusuf S.&#8217;de yaya olarak olay yerinden uzakla\u015ft\u0131. \u0130hbar sonras\u0131 inceleme ba\u015flatan Kastamonu \u0130l\u00a0Jandarma\u00a0Komutanl\u0131\u011f\u0131 ekipleri, olaya kar\u0131\u015fan Ferdi D., Yusuf S. ve Eren E.&#8217;yi g\u00f6zalt\u0131na ald\u0131. Karakoldaki i\u015flemlerinin ard\u0131ndan adli makamlara sevk edilen \u00fc\u00e7 san\u0131kta tutukland\u0131. Olaydan sonra san\u0131klar hakk\u0131nda Kastamonu A\u011f\u0131r Ceza Mahkemesinde &#8220;kasten \u00f6ld\u00fcrme&#8221; su\u00e7undan dava a\u00e7\u0131ld\u0131.<\/p>\n<p>Kastamonu\u00a0Cumhuriyet Ba\u015fsavc\u0131l\u0131\u011f\u0131\u00a0taraf\u0131ndan Ahmet C.G., Polat S., Onur \u015e. ve Recep K. hakk\u0131nda da &#8220;su\u00e7 delillerini yok etme ya da de\u011fi\u015ftirme&#8221; su\u00e7lar\u0131ndan dava a\u00e7\u0131ld\u0131. Mahkeme heyeti, a\u00e7\u0131lan davada dosyay\u0131 birle\u015ftirerek yarg\u0131lamaya devam etti.<\/p>\n<p>&#8220;Su\u00e7\u00a0delillerini yok etme gibi bir durumum olmad\u0131&#8221;<\/p>\n<p>Tutuksuz yarg\u0131lanan ve ba\u015fka bir su\u00e7tan tutuklu bulunan Ahmet C.G., &#8220;Benim hi\u00e7bir \u015fekilde su\u00e7 delillerini yok etme gibi bir durumum olmad\u0131. Ben olay yerinde yoktum. Benim olayla hi\u00e7bir ilgim yoktur. Devlet b\u00fcy\u00fcklerimiz benden arkada\u015flar\u0131 ge\u00e7irmedi istedi, bende getirdim ve jandarmaya teslim ettim. Ben arkada\u015flar\u0131 jandarmaya teslim ederken sadece 1 tane uzun namlulu t\u00fcfek g\u00f6rd\u00fcm. Ba\u015fka silah g\u00f6rmedim. Farkl\u0131 silah var ise bundan benim bilgim yok&#8221; dedi.<\/p>\n<p>&#8220;\u00dczerime at\u0131lan su\u00e7lamalar\u0131 kabul etmiyorum&#8221;<\/p>\n<p>Tutuksuz yarg\u0131lanan Polat S. ise, &#8220;Ben ara\u00e7la getirilen t\u00fcfe\u011fi hi\u00e7 g\u00f6rmedim. Uzun namlulu bir silah\u0131 jandarma ekiplerine teslim edilirken g\u00f6rd\u00fcm. \u00d6ld\u00fcrme olay\u0131ndan sonra Yusuf ile Ferdi benim yan\u0131ma geldi. Ellerinde bir tane t\u00fcfek g\u00f6rd\u00fcm, ba\u015fka bir silah yoktu. Siyah renkte uzun namlulu bir t\u00fcfekti. \u0130kinci bir silah yoktu. \u00dczerime at\u0131lan su\u00e7lamalar\u0131 kabul etmiyorum. Beraat\u0131m\u0131 talep ediyorum&#8221; diye konu\u015ftu.<\/p>\n<p>&#8220;Ben ikinci bir silah ya da t\u00fcfek g\u00f6rmedim&#8221;<\/p>\n<p>Tutuksuz yarg\u0131lanan Onur \u015e. de, &#8220;Olayda kullan\u0131lan ba\u015fka bir silah\u0131n ortadan kaybolmas\u0131yla ilgili yarg\u0131lan\u0131yorum. Su\u00e7 delillerini yok etmekten dolay\u0131 dava a\u00e7\u0131ld\u0131. Bu konuyla ilgili hi\u00e7bir bilgim yoktur. Ben ikinci bir silah ya da t\u00fcfek g\u00f6rmedim. \u00d6ld\u00fcrme olay\u0131ndan sonra ben Ferdi&#8217;yi g\u00f6rd\u00fcm. Yan\u0131nda da Yusuf vard\u0131. Di\u011fer san\u0131k olan Eren&#8217;i yanlar\u0131nda g\u00f6rmedim. Ferdi&#8217;nin ve Yusuf&#8217;un elinde silah g\u00f6rmedim. Herhangi birisinde silah olup olmad\u0131\u011f\u0131n\u0131 bilmiyorum, ben silah g\u00f6rmedim&#8221; \u015feklinde konu\u015ftu.<\/p>\n<p>Tutuksuz yarg\u0131lanan Recep K. ise, &#8220;Ferdi&#8217;yi ben jandarmaya kendim teslim ettim. Teslim ederken arabada uzun namlulu bir silah vard\u0131. Silah rengini tam olarak \u015fu anda hat\u0131rlam\u0131yorum. Farkl\u0131 bir silah ya da t\u00fcfek g\u00f6rmedim Beraat\u0131m\u0131 istiyorum&#8221; ifadelerini kulland\u0131.<\/p>\n<p>&#8220;Fuat&#8217;tan ayr\u0131ld\u0131ktan sonra bana rahats\u0131zl\u0131k verdi ama bu konuyla ilgili Ferdi&#8217;ye bir \u015fey s\u00f6ylemedim&#8221;<\/p>\n<p>Duru\u015fmada tan\u0131k olarak dinlenen Fuat Camc\u0131&#8217;n\u0131n eski k\u0131z arkada\u015f\u0131 Funda Y. de, &#8220;Fuat Camc\u0131 cinayetinde ilgili bir bilgim yoktur. San\u0131klarla bir tan\u0131\u015f\u0131kl\u0131\u011f\u0131m da yoktur. Aralar\u0131ndaki herhangi bir sorun olup olmad\u0131\u011f\u0131n\u0131 da bilmiyorum. Fuat Camc\u0131, benim eski erkek arkada\u015f\u0131md\u0131. \u0130ki y\u0131ld\u0131r kendisiyle konu\u015fmuyorduk. Ferdi ile uzaktan akrabal\u0131\u011f\u0131m\u0131z var. Yak\u0131n akraba de\u011filiz. Olaydan sonra Ferdi beni arad\u0131, numaras\u0131 kay\u0131tl\u0131 de\u011fildi, Fuat&#8217;\u0131 vurdu\u011funu s\u00f6yleyip telefonu kapatt\u0131. Olay\u0131n nas\u0131l oldu\u011funa dair soru sorma imkan\u0131m da olmad\u0131. Ben, Fuat&#8217;tan ayr\u0131ld\u0131ktan sonra bana rahats\u0131zl\u0131k verdi ama ben, bu konuyla ilgili Ferdi&#8217;ye bir \u015fey s\u00f6ylemedim, yani Fuat&#8217;\u0131 \u015fikayet etmedim&#8221; dedi.<\/p>\n<p>Tan\u0131klar\u0131n dinlenmesinin ard\u0131ndan konu\u015fan Fuat Camc\u0131&#8217;n\u0131n annesi Z. Camc\u0131 da, &#8220;Ben \u00fc\u00e7 san\u0131ktan da davac\u0131y\u0131m. En a\u011f\u0131r \u015fekilde cezaland\u0131r\u0131lmas\u0131n\u0131 istiyorum. Benim hayatta hi\u00e7 kimsem yoktu. En a\u011f\u0131r \u015fekilde cezaland\u0131r\u0131ls\u0131nlar. Tek Fuat&#8217;\u0131m vard\u0131, benim yavrumdan ba\u015fka kimsem yoktu d\u00fcnyada. Tek dal\u0131m\u0131 k\u0131rd\u0131lar, ald\u0131lar onu benden, ben ya\u015fam\u0131yorum art\u0131k&#8221; \u015feklinde konu\u015ftu.<\/p>\n<p>Mahkeme heyeti, Ferdi D. ve Yusuf S.&#8217;nin tutuklulu\u011funun devam\u0131na karar vererek duru\u015fmay ileri bir tarihe erteledi.<\/p>\n<p>&nbsp;<\/p>\n<p>&nbsp;<\/p>\n<p>&nbsp;<\/p>\n<p><strong>KAYNAK:SONDAK\u0130KA<\/strong><\/p>\n","protected":false},"excerpt":{"rendered":"<p>Kastamonu&#8217;da k\u0131z meselesi y\u00fcz\u00fcnden tart\u0131\u015ft\u0131klar\u0131 \u015fahs\u0131 \u00f6ld\u00fcrd\u00fckleri iddia edilen san\u0131klar\u0131n yarg\u0131lanmas\u0131na devam edildi. Duru\u015fmada, 2su\u00e7 delillerini yok etme veya de\u011fi\u015ftirme&#8217; su\u00e7lar\u0131ndan 4 san\u0131k hakk\u0131nda dava a\u00e7\u0131larak dosyaya eklendi. Olay, 2023 y\u0131l\u0131n\u0131n\u00a0Aral\u0131k\u00a0ay\u0131nda merkez\u00a0Yolkonak\u00a0k\u00f6y\u00fc Yukar\u0131yuva Mahallesi&#8217;nde meydana geldi. Edinilen bilgiye g\u00f6re, Fuat Camc\u0131 (19) ile Ferdi D. aras\u0131nda k\u0131z meselesi y\u00fcz\u00fcnden telefonda tart\u0131\u015fma \u00e7\u0131kt\u0131. Tart\u0131\u015fman\u0131n b\u00fcy\u00fcmesi \u00fczerine [&hellip;]<\/p>\n","protected":false},"author":1,"featured_media":2523,"comment_status":"closed","ping_status":"closed","sticky":false,"template":"","format":"standard","meta":{"footnotes":""},"categories":[7,39],"tags":[60,148,147,71,189,349,332,331],"class_list":["post-2522","post","type-post","status-publish","format-standard","has-post-thumbnail","hentry","category-gundem","category-haber","tag-cinayet","tag-hukuk","tag-mahkeme","tag-suc","tag-yargi","tag-kastamonu","tag-politika","tag-yerel-haberler"],"_links":{"self":[{"href":"https:\/\/avukatimtv.com\/index.php\/wp-json\/wp\/v2\/posts\/2522","targetHints":{"allow":["GET"]}}],"collection":[{"href":"https:\/\/avukatimtv.com\/index.php\/wp-json\/wp\/v2\/posts"}],"about":[{"href":"https:\/\/avukatimtv.com\/index.php\/wp-json\/wp\/v2\/types\/post"}],"author":[{"embeddable":true,"href":"https:\/\/avukatimtv.com\/index.php\/wp-json\/wp\/v2\/users\/1"}],"replies":[{"embeddable":true,"href":"https:\/\/avukatimtv.com\/index.php\/wp-json\/wp\/v2\/comments?post=2522"}],"version-history":[{"count":1,"href":"https:\/\/avukatimtv.com\/index.php\/wp-json\/wp\/v2\/posts\/2522\/revisions"}],"predecessor-version":[{"id":2524,"href":"https:\/\/avukatimtv.com\/index.php\/wp-json\/wp\/v2\/posts\/2522\/revisions\/2524"}],"wp:featuredmedia":[{"embeddable":true,"href":"https:\/\/avukatimtv.com\/index.php\/wp-json\/wp\/v2\/media\/2523"}],"wp:attachment":[{"href":"https:\/\/avukatimtv.com\/index.php\/wp-json\/wp\/v2\/media?parent=2522"}],"wp:term":[{"taxonomy":"category","embeddable":true,"href":"https:\/\/avukatimtv.com\/index.php\/wp-json\/wp\/v2\/categories?post=2522"},{"taxonomy":"post_tag","embeddable":true,"href":"https:\/\/avukatimtv.com\/index.php\/wp-json\/wp\/v2\/tags?post=2522"}],"curies":[{"name":"wp","href":"https:\/\/api.w.org\/{rel}","templated":true}]}}