{"id":2528,"date":"2025-04-05T15:47:33","date_gmt":"2025-04-05T12:47:33","guid":{"rendered":"https:\/\/avukatimtv.com\/?p=2528"},"modified":"2025-04-05T15:47:33","modified_gmt":"2025-04-05T12:47:33","slug":"polisi-gorunce-kacip-kendisini-eve-kilitledi-3-gozalti","status":"publish","type":"post","link":"https:\/\/avukatimtv.com\/index.php\/2025\/04\/05\/polisi-gorunce-kacip-kendisini-eve-kilitledi-3-gozalti\/","title":{"rendered":"Polisi g\u00f6r\u00fcnce ka\u00e7\u0131p, kendisini eve kilitledi: 3 g\u00f6zalt\u0131"},"content":{"rendered":"<h2 id=\"spot\" class=\"mt10 haber_ozet\">K\u00fctahya&#8217;da, h\u0131rs\u0131zl\u0131k su\u00e7undan hakk\u0131nda kesinle\u015fmi\u015f hapis cezas\u0131 bulunan F.S. polisi g\u00f6r\u00fcnce ka\u00e7arak, gizlendi\u011fi daireye girip kap\u0131y\u0131 kilitledi. Kap\u0131y\u0131 a\u00e7mayan F.S.&#8217;nin bulundu\u011fu dairenin cam\u0131ndan d\u0131\u015far\u0131ya uyu\u015fturucu madde at\u0131l\u0131rken, eve operasyon d\u00fczenleyen polis, F.S. ile birlikte biri kad\u0131n 2 ki\u015fiyi g\u00f6zalt\u0131na ald\u0131.<\/h2>\n<div class=\"hbptDate\">K\u00fctahya&#8217;da\u00a0Asayi\u015f \u015eube M\u00fcd\u00fcrl\u00fc\u011f\u00fc&#8217;ne ba\u011fl\u0131\u00a0G\u00fcven Timleri, Ayd\u0131nl\u0131k Caddesi&#8217;nde devriye g\u00f6revi s\u0131ras\u0131nda bir ki\u015fiden \u015f\u00fcphelendi.<\/div>\n<div><\/div>\n<div><img decoding=\"async\" src=\"http:\/\/foto.sondakika.com\/haber\/2025\/04\/05\/polisi-gorunce-kacip-kendisini-eve-kilitledi-3-18494616_5485_m.jpg\" alt=\"Polisi g\u00f6r\u00fcnce ka\u00e7\u0131p, kendisini eve kilitledi: 3 g\u00f6zalt\u0131\" \/><\/div>\n<div><\/div>\n<div>\n<h3>POL\u0130S\u0130 G\u00d6R\u00dcNCE KA\u00c7IP, KEND\u0130S\u0130N\u0130 EVE K\u0130L\u0130TLED\u0130<\/h3>\n<p>Polisi g\u00f6ren \u015f\u00fcpheli ise ka\u00e7maya ba\u015flad\u0131. Polisin ikazlar\u0131na uymayan \u015f\u00fcpheli, gizlendi\u011fi apartman dairesine girerek kap\u0131y\u0131 kilitledi.<\/p>\n<p><img decoding=\"async\" src=\"http:\/\/foto.sondakika.com\/haber\/2025\/04\/05\/polisi-gorunce-kacip-kendisini-eve-kilitledi-3-18494616_1590_m.jpg\" alt=\"Polisi g\u00f6r\u00fcnce ka\u00e7\u0131p, kendisini eve kilitledi: 3 g\u00f6zalt\u0131\" \/><\/p>\n<\/div>\n<h3>CAMDAN DI\u015eARIYA METAMFETAM\u0130N PAKET\u0130 ATTI<\/h3>\n<p>Kap\u0131y\u0131 a\u00e7mayan \u015f\u00fcphelinin sakland\u0131\u011f\u0131 dairenin cam\u0131ndan, i\u00e7inde metamfetamin oldu\u011fu de\u011ferlendirilen k\u00fc\u00e7\u00fck bir paket ile uyu\u015fturucu kullanmaya yarayan d\u00fczene\u011fin soka\u011fa at\u0131ld\u0131\u011f\u0131n\u0131 belirledi.<\/p>\n<p>&nbsp;<\/p>\n<p><img decoding=\"async\" src=\"http:\/\/foto.sondakika.com\/haber\/2025\/04\/05\/polisi-gorunce-kacip-kendisini-eve-kilitledi-3-18494616_2988_m.jpg\" alt=\"Polisi g\u00f6r\u00fcnce ka\u00e7\u0131p, kendisini eve kilitledi: 3 g\u00f6zalt\u0131\" \/><\/p>\n<p>&nbsp;<\/p>\n<h3>3 K\u0130\u015e\u0130 G\u00d6ZALTINA ALINDI<\/h3>\n<p>G\u00fcven Timleri ve Cinayet B\u00fcro Amirli\u011fi ekipleri, savc\u0131l\u0131ktan al\u0131nan kararla eve operasyon d\u00fczenledi. Ka\u00e7an \u015f\u00fcphelinin h\u0131rs\u0131zl\u0131k su\u00e7undan hakk\u0131nda 1 y\u0131l 3 ay kesinle\u015fmi\u015f hapis cezas\u0131 bulunan F.S. oldu\u011fu belirlenirken, F.S. ile birlikte E.B. ve N.K. isimli kad\u0131n da g\u00f6zalt\u0131na al\u0131nd\u0131.<\/p>\n<p>&nbsp;<\/p>\n<p><img decoding=\"async\" src=\"http:\/\/foto.sondakika.com\/haber\/2025\/04\/05\/polisi-gorunce-kacip-kendisini-eve-kilitledi-3-18494616_1794_m.jpg\" alt=\"Polisi g\u00f6r\u00fcnce ka\u00e7\u0131p, kendisini eve kilitledi: 3 g\u00f6zalt\u0131\" \/><\/p>\n<p>&nbsp;<\/p>\n<h3>BA\u015eKALARINA A\u0130T 3 K\u0130ML\u0130K VE 1 EHL\u0130YET ELE GE\u00c7\u0130R\u0130LD\u0130<\/h3>\n<p>N.K.&#8217;n\u0131n \u00e7antas\u0131nda yap\u0131lan aramada ise ba\u015fkalar\u0131na ait 3 kimlik ve 1 ehliyet ele ge\u00e7irildi. G\u00f6zalt\u0131na al\u0131nan \u015f\u00fcpheliler i\u015flemleri i\u00e7in emniyete g\u00f6t\u00fcr\u00fcl\u00fcrken, olayla ilgili soru\u015fturma s\u00fcrd\u00fcr\u00fcl\u00fcyor.<\/p>\n<p>&nbsp;<\/p>\n<p><img decoding=\"async\" src=\"http:\/\/foto.sondakika.com\/haber\/2025\/04\/05\/polisi-gorunce-kacip-kendisini-eve-kilitledi-3-18494616_660_m.jpg\" alt=\"Polisi g\u00f6r\u00fcnce ka\u00e7\u0131p, kendisini eve kilitledi: 3 g\u00f6zalt\u0131\" \/><\/p>\n<p>&nbsp;<\/p>\n<p>&nbsp;<\/p>\n<p><strong>KAYNAK:SONDAK\u0130KA<\/strong><\/p>\n","protected":false},"excerpt":{"rendered":"<p>K\u00fctahya&#8217;da, h\u0131rs\u0131zl\u0131k su\u00e7undan hakk\u0131nda kesinle\u015fmi\u015f hapis cezas\u0131 bulunan F.S. polisi g\u00f6r\u00fcnce ka\u00e7arak, gizlendi\u011fi daireye girip kap\u0131y\u0131 kilitledi. Kap\u0131y\u0131 a\u00e7mayan F.S.&#8217;nin bulundu\u011fu dairenin cam\u0131ndan d\u0131\u015far\u0131ya uyu\u015fturucu madde at\u0131l\u0131rken, eve operasyon d\u00fczenleyen polis, F.S. ile birlikte biri kad\u0131n 2 ki\u015fiyi g\u00f6zalt\u0131na ald\u0131. K\u00fctahya&#8217;da\u00a0Asayi\u015f \u015eube M\u00fcd\u00fcrl\u00fc\u011f\u00fc&#8217;ne ba\u011fl\u0131\u00a0G\u00fcven Timleri, Ayd\u0131nl\u0131k Caddesi&#8217;nde devriye g\u00f6revi s\u0131ras\u0131nda bir ki\u015fiden \u015f\u00fcphelendi. POL\u0130S\u0130 G\u00d6R\u00dcNCE [&hellip;]<\/p>\n","protected":false},"author":1,"featured_media":2529,"comment_status":"closed","ping_status":"closed","sticky":false,"template":"","format":"standard","meta":{"footnotes":""},"categories":[7,39],"tags":[175,204,148,79,49,371,33],"class_list":["post-2528","post","type-post","status-publish","format-standard","has-post-thumbnail","hentry","category-gundem","category-haber","tag-guvenlik","tag-hirsizlik","tag-hukuk","tag-operasyon","tag-polis","tag-kutahya","tag-yasam"],"_links":{"self":[{"href":"https:\/\/avukatimtv.com\/index.php\/wp-json\/wp\/v2\/posts\/2528","targetHints":{"allow":["GET"]}}],"collection":[{"href":"https:\/\/avukatimtv.com\/index.php\/wp-json\/wp\/v2\/posts"}],"about":[{"href":"https:\/\/avukatimtv.com\/index.php\/wp-json\/wp\/v2\/types\/post"}],"author":[{"embeddable":true,"href":"https:\/\/avukatimtv.com\/index.php\/wp-json\/wp\/v2\/users\/1"}],"replies":[{"embeddable":true,"href":"https:\/\/avukatimtv.com\/index.php\/wp-json\/wp\/v2\/comments?post=2528"}],"version-history":[{"count":1,"href":"https:\/\/avukatimtv.com\/index.php\/wp-json\/wp\/v2\/posts\/2528\/revisions"}],"predecessor-version":[{"id":2530,"href":"https:\/\/avukatimtv.com\/index.php\/wp-json\/wp\/v2\/posts\/2528\/revisions\/2530"}],"wp:featuredmedia":[{"embeddable":true,"href":"https:\/\/avukatimtv.com\/index.php\/wp-json\/wp\/v2\/media\/2529"}],"wp:attachment":[{"href":"https:\/\/avukatimtv.com\/index.php\/wp-json\/wp\/v2\/media?parent=2528"}],"wp:term":[{"taxonomy":"category","embeddable":true,"href":"https:\/\/avukatimtv.com\/index.php\/wp-json\/wp\/v2\/categories?post=2528"},{"taxonomy":"post_tag","embeddable":true,"href":"https:\/\/avukatimtv.com\/index.php\/wp-json\/wp\/v2\/tags?post=2528"}],"curies":[{"name":"wp","href":"https:\/\/api.w.org\/{rel}","templated":true}]}}