{"id":2531,"date":"2025-04-07T18:09:11","date_gmt":"2025-04-07T15:09:11","guid":{"rendered":"https:\/\/avukatimtv.com\/?p=2531"},"modified":"2025-04-07T18:09:11","modified_gmt":"2025-04-07T15:09:11","slug":"narin-guranin-ailesinin-olay-gunu-cep-telefonu-imajlari-mahkemeye-sunuldu","status":"publish","type":"post","link":"https:\/\/avukatimtv.com\/index.php\/2025\/04\/07\/narin-guranin-ailesinin-olay-gunu-cep-telefonu-imajlari-mahkemeye-sunuldu\/","title":{"rendered":"Narin G\u00fcran&#8217;\u0131n ailesinin olay g\u00fcn\u00fc cep telefonu imajlar\u0131 mahkemeye sunuldu"},"content":{"rendered":"<h2 id=\"spot\" class=\"mt10 haber_ozet\">Diyarbak\u0131r&#8217;da 8 ya\u015f\u0131ndaki Narin G\u00fcran cinayetine ili\u015fkin y\u00fcr\u00fct\u00fclen davada, san\u0131klar anne Y\u00fcksel, a\u011fabey Enes, amca Salim G\u00fcran ile Nevzat Bahtiyar&#8217;\u0131n olay g\u00fcn\u00fcne ili\u015fkin cep telefonu imajlar\u0131na ili\u015fkin haz\u0131rlanan rapor Diyarbak\u0131r B\u00f6lge Adliye Mahkemesi 1. Ceza Dairesi&#8217;ne sunuldu. Ailenin avukat\u0131 tahliye i\u00e7in ba\u015fvuru yapacaklar\u0131n\u0131 s\u00f6yledi.<\/h2>\n<div class=\"hbptDate\"><\/div>\n<div>Diyarbak\u0131r&#8217;\u0131n\u00a0Ba\u011flar\u00a0il\u00e7esinde 21 A\u011fustos 2024&#8217;te kaybolan ve 8\u00a0Eyl\u00fcl\u00a02024&#8217;te E\u011fertutmaz Deresi&#8217;nde \u00fczeri ta\u015f ve \u00e7al\u0131larla gizlenmi\u015f halde bir \u00e7uval\u0131n i\u00e7erisinde cans\u0131z bedeni bulunan 8 ya\u015f\u0131ndaki\u00a0Narin G\u00fcran\u00a0cinayeti davas\u0131nda yeni geli\u015fme ya\u015fand\u0131.<\/div>\n<div>\n<div class=\"wrapper detay-v3_3 haber_metni\">\n<h3>OLAY G\u00dcN\u00dc CEP TELEFONU \u0130MAJLARI MAHKEMEYE SUNULDU<\/h3>\n<p>Narin G\u00fcran&#8217;\u0131n ailesinin avukatlar\u0131, bir adli bili\u015fim m\u00fchendisinin san\u0131klar anne Y\u00fcksel, a\u011fabey Enes ve amca Salim G\u00fcran ile Nevzat Bahtiyar&#8217;\u0131n olay g\u00fcn\u00fc cep telefonu imajlar\u0131na ili\u015fkin haz\u0131rlad\u0131\u011f\u0131 raporu, Diyarbak\u0131r B\u00f6lge Adliye Mahkemesi 1.\u00a0Ceza Dairesi&#8217;ne sundu.<\/p>\n<p>Narin G\u00fcran&#8217;\u0131n ailesinin avukatlar\u0131, adli bili\u015fim m\u00fchendisinin 4 san\u0131\u011f\u0131n cep telefonu imajlar\u0131na ili\u015fkin haz\u0131rlad\u0131\u011f\u0131 raporla ilgili bas\u0131n toplant\u0131s\u0131 d\u00fczenledi. Adli bili\u015fim m\u00fchendisinin tespitleri ile dava dosyas\u0131nda yer alan daralt\u0131lm\u0131\u015f baz \u00e7al\u0131\u015fmas\u0131 ve Ulusal Kriminal B\u00fcro&#8217;nun raporuna ili\u015fkin de\u011ferlendirmelerin yer ald\u0131\u011f\u0131 raporla ilgili konu\u015fan avukat Mahir Akbilek, Narin G\u00fcran cinayeti davas\u0131nda yerel mahkemenin karar\u0131na ili\u015fkin istinaf s\u00fcrecinin devam etti\u011fini s\u00f6yledi.<\/p>\n<h3>&#8220;\u00c7ALI\u015eMALAR TAMAMLANDI&#8221;<\/h3>\n<p>Beklentilerinin, delillerle olay\u0131n a\u00e7\u0131kl\u0131\u011fa kavu\u015fmas\u0131 oldu\u011funu ifade eden Akbilek, &#8220;Hakikate ula\u015fmaya yard\u0131mc\u0131 olmas\u0131 gayesiyle san\u0131klar\u0131n cep telefonlar\u0131n\u0131n imajlar\u0131ndan elde edilecek verilere eri\u015filerek alan\u0131nda uzman bilirki\u015filer taraf\u0131ndan anla\u015f\u0131l\u0131r metin ve grafiklere d\u00f6n\u00fc\u015ft\u00fcr\u00fclmesini sa\u011flamak i\u00e7in yapt\u0131\u011f\u0131m\u0131z \u00e7al\u0131\u015fma tamamlanm\u0131\u015ft\u0131r.&#8221; dedi.<\/p>\n<h3>&#8220;NEVZAT BAHT\u0130YARIN BEYANLARI HAK\u0130KATLE UYU\u015eMUYOR&#8221;<\/h3>\n<p>Avukat Y\u0131lmaz Demiro\u011flu ise hakikate ve adalete ula\u015fma gayesiyle san\u0131klar\u0131n telefon imaj kay\u0131tlar\u0131 \u00fczerinde uzman bilirki\u015fi incelemesi yap\u0131ld\u0131\u011f\u0131n\u0131 ve rapor haz\u0131rland\u0131\u011f\u0131n\u0131 belirtti.<\/p>\n<p>Demiro\u011flu, &#8220;Elde etti\u011fimiz sonu\u00e7lar ve yorumlar\u0131m\u0131za g\u00f6re Nevzat Bahtiyar&#8217;\u0131n verdi\u011fi beyanlar\u0131n hakikate uymad\u0131\u011f\u0131 ve savunmas\u0131n\u0131n \u00e7\u00f6kt\u00fc\u011f\u00fc sonucuna ula\u015fm\u0131\u015f bulunmaktay\u0131z. \u0130lk derece mahkemesinin karar\u0131nda k\u0131smen esas ald\u0131\u011f\u0131 daralt\u0131lm\u0131\u015f baz raporuyla ilgili\u00a0T\u00fcrkiye&#8217;nin en yetkin bilirki\u015filerinden uzman raporu ald\u0131k. Raporda, noktasal tespitin m\u00fcmk\u00fcn olamayaca\u011f\u0131 anl\u0131k canl\u0131 takipte dahi 500 metreyle 2 kilometre aras\u0131nda yan\u0131lma olabilece\u011fi, bu \u015fekilde yap\u0131lan konum tespitinin m\u00fcmk\u00fcn olamad\u0131\u011f\u0131 sonucuna var\u0131lm\u0131\u015ft\u0131r. Olay\u0131n ayd\u0131nlat\u0131lmas\u0131 i\u00e7in m\u00fccadele edece\u011fiz.&#8221; diye konu\u015ftu.<\/p>\n<h3>TAHL\u0130YELER \u0130\u00c7\u0130N BA\u015eVURU YAPILACAK<\/h3>\n<p>Demiro\u011flu, m\u00fcvekkillerinin tutuklulu\u011funun de\u011ferlendirilerek, tahliyeleri i\u00e7in ba\u015fvuru yapacaklar\u0131n\u0131 s\u00f6yledi.<\/p>\n<\/div>\n<div class=\"wrapper detay-v3_3 detayNeOldu\">\n<h3 class=\"neolduh3\">NE OLMU\u015eTU?<\/h3>\n<p>Narin G\u00fcran cinayeti davas\u0131nda mahkeme heyeti, 28\u00a0Aral\u0131k\u00a02024&#8217;teki duru\u015fmada, tutuklu san\u0131klar anne Y\u00fcksel, a\u011fabey Enes ve amca Salim G\u00fcran&#8217;\u0131n &#8220;i\u015ftirak halinde \u00e7ocu\u011fa kar\u015f\u0131 kasten \u00f6ld\u00fcrme&#8221; su\u00e7undan a\u011f\u0131rla\u015ft\u0131r\u0131lm\u0131\u015f m\u00fcebbet, Narin&#8217;in cans\u0131z bedenini E\u011fertutmaz Deresi&#8217;ne saklad\u0131\u011f\u0131n\u0131 itiraf eden Nevzat Bahtiyar&#8217;\u0131n da &#8220;su\u00e7 delillerini yok etme, gizleme veya de\u011fi\u015ftirme&#8221; su\u00e7undan 4 y\u0131l 6 ay hapisle cezaland\u0131r\u0131lmalar\u0131na ve tutukluluk hallerinin devam\u0131na karar vermi\u015fti.<\/p>\n<\/div>\n<\/div>\n<p>&nbsp;<\/p>\n<p><strong>KAYNAK:SONDAK\u0130KA<\/strong><\/p>\n","protected":false},"excerpt":{"rendered":"<p>Diyarbak\u0131r&#8217;da 8 ya\u015f\u0131ndaki Narin G\u00fcran cinayetine ili\u015fkin y\u00fcr\u00fct\u00fclen davada, san\u0131klar anne Y\u00fcksel, a\u011fabey Enes, amca Salim G\u00fcran ile Nevzat Bahtiyar&#8217;\u0131n olay g\u00fcn\u00fcne ili\u015fkin cep telefonu imajlar\u0131na ili\u015fkin haz\u0131rlanan rapor Diyarbak\u0131r B\u00f6lge Adliye Mahkemesi 1. Ceza Dairesi&#8217;ne sunuldu. Ailenin avukat\u0131 tahliye i\u00e7in ba\u015fvuru yapacaklar\u0131n\u0131 s\u00f6yledi. Diyarbak\u0131r&#8217;\u0131n\u00a0Ba\u011flar\u00a0il\u00e7esinde 21 A\u011fustos 2024&#8217;te kaybolan ve 8\u00a0Eyl\u00fcl\u00a02024&#8217;te E\u011fertutmaz Deresi&#8217;nde \u00fczeri ta\u015f [&hellip;]<\/p>\n","protected":false},"author":1,"featured_media":2532,"comment_status":"closed","ping_status":"closed","sticky":false,"template":"","format":"standard","meta":{"footnotes":""},"categories":[7,39],"tags":[60,148,147,71,373,372,334,374,331],"class_list":["post-2531","post","type-post","status-publish","format-standard","has-post-thumbnail","hentry","category-gundem","category-haber","tag-cinayet","tag-hukuk","tag-mahkeme","tag-suc","tag-cep-telefonu","tag-ceza-dairesi","tag-guncel","tag-narin-guran","tag-yerel-haberler"],"_links":{"self":[{"href":"https:\/\/avukatimtv.com\/index.php\/wp-json\/wp\/v2\/posts\/2531","targetHints":{"allow":["GET"]}}],"collection":[{"href":"https:\/\/avukatimtv.com\/index.php\/wp-json\/wp\/v2\/posts"}],"about":[{"href":"https:\/\/avukatimtv.com\/index.php\/wp-json\/wp\/v2\/types\/post"}],"author":[{"embeddable":true,"href":"https:\/\/avukatimtv.com\/index.php\/wp-json\/wp\/v2\/users\/1"}],"replies":[{"embeddable":true,"href":"https:\/\/avukatimtv.com\/index.php\/wp-json\/wp\/v2\/comments?post=2531"}],"version-history":[{"count":1,"href":"https:\/\/avukatimtv.com\/index.php\/wp-json\/wp\/v2\/posts\/2531\/revisions"}],"predecessor-version":[{"id":2533,"href":"https:\/\/avukatimtv.com\/index.php\/wp-json\/wp\/v2\/posts\/2531\/revisions\/2533"}],"wp:featuredmedia":[{"embeddable":true,"href":"https:\/\/avukatimtv.com\/index.php\/wp-json\/wp\/v2\/media\/2532"}],"wp:attachment":[{"href":"https:\/\/avukatimtv.com\/index.php\/wp-json\/wp\/v2\/media?parent=2531"}],"wp:term":[{"taxonomy":"category","embeddable":true,"href":"https:\/\/avukatimtv.com\/index.php\/wp-json\/wp\/v2\/categories?post=2531"},{"taxonomy":"post_tag","embeddable":true,"href":"https:\/\/avukatimtv.com\/index.php\/wp-json\/wp\/v2\/tags?post=2531"}],"curies":[{"name":"wp","href":"https:\/\/api.w.org\/{rel}","templated":true}]}}