{"id":2534,"date":"2025-04-07T18:19:09","date_gmt":"2025-04-07T15:19:09","guid":{"rendered":"https:\/\/avukatimtv.com\/?p=2534"},"modified":"2025-04-07T18:19:09","modified_gmt":"2025-04-07T15:19:09","slug":"kan-izlerinden-cesedi-bulunan-genc-katilinden-boyle-kacmaya-calismis","status":"publish","type":"post","link":"https:\/\/avukatimtv.com\/index.php\/2025\/04\/07\/kan-izlerinden-cesedi-bulunan-genc-katilinden-boyle-kacmaya-calismis\/","title":{"rendered":"Kan izlerinden cesedi bulunan gen\u00e7 katilinden b\u00f6yle ka\u00e7maya \u00e7al\u0131\u015fm\u0131\u015f"},"content":{"rendered":"<h2 id=\"spot\" class=\"mt10 haber_ozet\">Arnavutk\u00f6y&#8217;de arkada\u015f\u0131 taraf\u0131ndan b\u0131\u00e7aklanarak \u00f6ld\u00fcr\u00fclen ve karde\u015finin kan izlerini takip ederek cans\u0131z bedenini buldu\u011fu 23 ya\u015f\u0131ndaki gencin \u00f6l\u00fcm\u00fcne ili\u015fkin yeni bir g\u00f6r\u00fcnt\u00fc ortaya \u00e7\u0131kt\u0131. G\u00f6r\u00fcnt\u00fclerde gencin katilinden ko\u015farak ka\u00e7t\u0131\u011f\u0131 ve bo\u015f bir araziye saklanmaya \u00e7al\u0131\u015ft\u0131\u011f\u0131 anlar yer ald\u0131. Kan donduran cinayetin alacak-verecek meselesinden ger\u00e7ekle\u015fti\u011fi \u00f6ne s\u00fcr\u00fcld\u00fc.<\/h2>\n<div class=\"hbptDate\">\u0130stanbul&#8217;un Arnavuk\u00f6y il\u00e7esinde ya\u015fanan kan donduran olaya ili\u015fkin yeni bir g\u00f6r\u00fcnt\u00fc ortaya \u00e7\u0131kt\u0131. D\u00fcn gece saatlerinde il\u00e7eye ba\u011fl\u0131 Anadolu Mahallesi&#8217;nde iddiaya g\u00f6re,\u00a0Orhan Kaplan\u00a0(23) arkada\u015f\u0131 A.B. ile tart\u0131\u015ft\u0131. Tart\u0131\u015fman\u0131n b\u00fcy\u00fcmesiyle A.B. Kaplan&#8217;\u0131 b\u0131\u00e7aklayarak \u00f6ld\u00fcrd\u00fc. Kaplan&#8217;\u0131n g\u00fcn a\u011far\u0131nca evin \u00f6n\u00fcndeki kan izlerini takip ederek \u00e7ay\u0131rl\u0131k alanda Kaplan&#8217;\u0131n cans\u0131z bedenini buldu.<\/div>\n<div>\n<h3>KAT\u0130L\u0130NDEN KA\u00c7MAYA \u00c7ALI\u015eTI\u011eI ANLAR KAMERADA<\/h3>\n<p>Kan donduran olaya ili\u015fkin g\u00fcvenlik kameras\u0131 g\u00f6r\u00fcnt\u00fcleri ortaya \u00e7\u0131kt\u0131. G\u00f6r\u00fcnt\u00fclerde a\u011f\u0131r yaralanan gencin ko\u015farak katilinden ka\u00e7t\u0131\u011f\u0131 daha sonra bo\u015f bir araziye girerek saklanmaya \u00e7al\u0131\u015ft\u0131\u011f\u0131 g\u00f6r\u00fcld\u00fc.\u00a0Polis\u00a0ekiplerinin olayla alakal\u0131 \u00e7al\u0131\u015fmas\u0131 devam ederken edilen ilk bilgilere g\u00f6re olay\u0131n alacak verecek meselesi nedeniyle ger\u00e7ekle\u015fti\u011fi \u00f6\u011frenildi.<\/p>\n<\/div>\n<p>&nbsp;<\/p>\n<p><strong>KAYNAK:SONDAK\u0130KA<\/strong><\/p>\n","protected":false},"excerpt":{"rendered":"<p>Arnavutk\u00f6y&#8217;de arkada\u015f\u0131 taraf\u0131ndan b\u0131\u00e7aklanarak \u00f6ld\u00fcr\u00fclen ve karde\u015finin kan izlerini takip ederek cans\u0131z bedenini buldu\u011fu 23 ya\u015f\u0131ndaki gencin \u00f6l\u00fcm\u00fcne ili\u015fkin yeni bir g\u00f6r\u00fcnt\u00fc ortaya \u00e7\u0131kt\u0131. G\u00f6r\u00fcnt\u00fclerde gencin katilinden ko\u015farak ka\u00e7t\u0131\u011f\u0131 ve bo\u015f bir araziye saklanmaya \u00e7al\u0131\u015ft\u0131\u011f\u0131 anlar yer ald\u0131. Kan donduran cinayetin alacak-verecek meselesinden ger\u00e7ekle\u015fti\u011fi \u00f6ne s\u00fcr\u00fcld\u00fc. \u0130stanbul&#8217;un Arnavuk\u00f6y il\u00e7esinde ya\u015fanan kan donduran olaya ili\u015fkin yeni [&hellip;]<\/p>\n","protected":false},"author":1,"featured_media":2535,"comment_status":"closed","ping_status":"closed","sticky":false,"template":"","format":"standard","meta":{"footnotes":""},"categories":[7,39],"tags":[165,60,175,69,71,375,332],"class_list":["post-2534","post","type-post","status-publish","format-standard","has-post-thumbnail","hentry","category-gundem","category-haber","tag-arnavutkoy","tag-cinayet","tag-guvenlik","tag-istanbul","tag-suc","tag-kurban","tag-politika"],"_links":{"self":[{"href":"https:\/\/avukatimtv.com\/index.php\/wp-json\/wp\/v2\/posts\/2534","targetHints":{"allow":["GET"]}}],"collection":[{"href":"https:\/\/avukatimtv.com\/index.php\/wp-json\/wp\/v2\/posts"}],"about":[{"href":"https:\/\/avukatimtv.com\/index.php\/wp-json\/wp\/v2\/types\/post"}],"author":[{"embeddable":true,"href":"https:\/\/avukatimtv.com\/index.php\/wp-json\/wp\/v2\/users\/1"}],"replies":[{"embeddable":true,"href":"https:\/\/avukatimtv.com\/index.php\/wp-json\/wp\/v2\/comments?post=2534"}],"version-history":[{"count":1,"href":"https:\/\/avukatimtv.com\/index.php\/wp-json\/wp\/v2\/posts\/2534\/revisions"}],"predecessor-version":[{"id":2536,"href":"https:\/\/avukatimtv.com\/index.php\/wp-json\/wp\/v2\/posts\/2534\/revisions\/2536"}],"wp:featuredmedia":[{"embeddable":true,"href":"https:\/\/avukatimtv.com\/index.php\/wp-json\/wp\/v2\/media\/2535"}],"wp:attachment":[{"href":"https:\/\/avukatimtv.com\/index.php\/wp-json\/wp\/v2\/media?parent=2534"}],"wp:term":[{"taxonomy":"category","embeddable":true,"href":"https:\/\/avukatimtv.com\/index.php\/wp-json\/wp\/v2\/categories?post=2534"},{"taxonomy":"post_tag","embeddable":true,"href":"https:\/\/avukatimtv.com\/index.php\/wp-json\/wp\/v2\/tags?post=2534"}],"curies":[{"name":"wp","href":"https:\/\/api.w.org\/{rel}","templated":true}]}}