{"id":2537,"date":"2025-04-07T19:09:45","date_gmt":"2025-04-07T16:09:45","guid":{"rendered":"https:\/\/avukatimtv.com\/?p=2537"},"modified":"2025-04-07T19:09:45","modified_gmt":"2025-04-07T16:09:45","slug":"eski-nisanlisini-oldurup-annesini-yaralayan-saldirgan-6-yil-hapisle-araniyormus","status":"publish","type":"post","link":"https:\/\/avukatimtv.com\/index.php\/2025\/04\/07\/eski-nisanlisini-oldurup-annesini-yaralayan-saldirgan-6-yil-hapisle-araniyormus\/","title":{"rendered":"Eski ni\u015fanl\u0131s\u0131n\u0131 \u00f6ld\u00fcr\u00fcp annesini yaralayan sald\u0131rgan 6 y\u0131l hapisle aran\u0131yormu\u015f"},"content":{"rendered":"<h2 id=\"spot\" class=\"mt10 haber_ozet\">\u0130zmir&#8217;in \u00c7i\u011fli il\u00e7esinde 4 Nisan&#8217;da eski ni\u015fanl\u0131s\u0131n\u0131 tabancayla vurup \u00f6ld\u00fcren, annesini yaralayan ve sonra intihar eden sald\u0131rgan\u0131n, kesinle\u015fmi\u015f 6 y\u0131l hapis cezas\u0131yla arand\u0131\u011f\u0131 \u00f6\u011frenildi.<\/h2>\n<div class=\"hbptDate\">\u0130zmir&#8217;de eski ni\u015fanl\u0131s\u0131n\u0131 tabancayla vurup \u00f6ld\u00fcren ve annesini yaralayan sald\u0131rgan, intihar ederek hayat\u0131na son verdi. Sald\u0131rgan\u0131n 6 y\u0131l hapis cezas\u0131yla arand\u0131\u011f\u0131 \u00f6\u011frenildi.<\/div>\n<div><\/div>\n<div><img decoding=\"async\" src=\"https:\/\/foto.sondakika.com\/haber\/2025\/04\/06\/eski-nisanlisini-oldurup-annesini-yaralayan-18496098_8822_m.jpg\" alt=\"Eski ni\u015fanl\u0131s\u0131n\u0131 \u00f6ld\u00fcr\u00fcp annesini yaralayan sald\u0131rgan 6 y\u0131l hapisle aran\u0131yormu\u015f\" \/><\/div>\n<div><\/div>\n<div>\n<h3>ESK\u0130 N\u0130\u015eANLISINI \u00d6LD\u00dcR\u00dcP ANNES\u0130N\u0130 YARALADI<\/h3>\n<p>4 Nisan ak\u015fam\u0131\u00a0\u00c7i\u011fli\u00a0Yeni Mahalle&#8217;de bulunan Park Ya\u015fam\u00a0Ata\u015fehir\u00a0Sitesi giri\u015finde meydana gelen olayda, Necati Yor\u011fun (35), eski ni\u015fanl\u0131s\u0131 oldu\u011fu \u00f6\u011frenilen Selen Sak\u0131n ve onun annesi Serpil K.&#8217;ya tabancayla ate\u015f etti. Anne ve k\u0131z kanlar i\u00e7erisinde kal\u0131rken Yor\u011fun ayn\u0131 tabancayla kendi g\u00f6\u011fs\u00fcne ate\u015f etti. \u0130hbar \u00fczerine olay yerine gelen sa\u011fl\u0131k ekipleri taraf\u0131ndan yap\u0131lan kontrolde, Selen Sak\u0131n&#8217;\u0131n olay yerinde hayat\u0131n\u0131 kaybetti\u011fi belirlendi.<\/p>\n<p><img decoding=\"async\" src=\"https:\/\/foto.sondakika.com\/haber\/2025\/04\/06\/eski-nisanlisini-oldurup-annesini-yaralayan-18496098_3116_m.jpg\" alt=\"Eski ni\u015fanl\u0131s\u0131n\u0131 \u00f6ld\u00fcr\u00fcp annesini yaralayan sald\u0131rgan 6 y\u0131l hapisle aran\u0131yormu\u015f\" \/><\/p>\n<h3>\u0130NT\u0130HAR ETT\u0130<\/h3>\n<p>A\u011f\u0131r yaral\u0131 olduklar\u0131 belirlenen Serpil K. ve silahl\u0131 sald\u0131rgan Necati Yor\u011fun, ambulansla hastaneye kald\u0131r\u0131ld\u0131. Necati Yor\u011fun da hastanede hayat\u0131n\u0131 kaybetti. Selen Sak\u0131n ve Necati Yor\u011fun&#8217;un cenazeleri yap\u0131lan incelemenin ard\u0131ndan \u0130zmir Adli T\u0131p Kurumu morguna kald\u0131r\u0131ld\u0131. Hayat\u0131n\u0131 kaybeden Selen Sak\u0131n,\u00a0Bay\u0131nd\u0131r\u00a0il\u00e7esi\u00a0Zeytinova\u00a0Mahallesi&#8217;nde defnedilirken annesi Serpil K.&#8217;nin hastanedeki tedavisinin s\u00fcrd\u00fc\u011f\u00fc \u00f6\u011frenildi.<\/p>\n<\/div>\n<p><img decoding=\"async\" src=\"https:\/\/foto.sondakika.com\/haber\/2025\/04\/06\/eski-nisanlisini-oldurup-annesini-yaralayan-18496098_2812_m.jpg\" alt=\"Eski ni\u015fanl\u0131s\u0131n\u0131 \u00f6ld\u00fcr\u00fcp annesini yaralayan sald\u0131rgan 6 y\u0131l hapisle aran\u0131yormu\u015f\" \/><\/p>\n<p>&nbsp;<\/p>\n<h3>6 YIL HAP\u0130S CEZASIYLA ARANIYORMU\u015e<\/h3>\n<p>\u00d6te yandan intihar ederek ya\u015fam\u0131na son veren silahl\u0131 sald\u0131rgan Necati Yor\u011fun&#8217;un, \u00e7e\u015fitli su\u00e7lardan kayd\u0131n\u0131n oldu\u011fu ve kesinle\u015fmi\u015f 6 y\u0131l hapis cezas\u0131yla arand\u0131\u011f\u0131 \u00f6ne s\u00fcr\u00fcld\u00fc. Olayla ilgili ba\u015flat\u0131lan soru\u015fturma s\u00fcr\u00fcyor.<\/p>\n<p>&nbsp;<\/p>\n<p>&nbsp;<\/p>\n<p><strong>KAYNAK:SONDAK\u0130KA<\/strong><\/p>\n","protected":false},"excerpt":{"rendered":"<p>\u0130zmir&#8217;in \u00c7i\u011fli il\u00e7esinde 4 Nisan&#8217;da eski ni\u015fanl\u0131s\u0131n\u0131 tabancayla vurup \u00f6ld\u00fcren, annesini yaralayan ve sonra intihar eden sald\u0131rgan\u0131n, kesinle\u015fmi\u015f 6 y\u0131l hapis cezas\u0131yla arand\u0131\u011f\u0131 \u00f6\u011frenildi. \u0130zmir&#8217;de eski ni\u015fanl\u0131s\u0131n\u0131 tabancayla vurup \u00f6ld\u00fcren ve annesini yaralayan sald\u0131rgan, intihar ederek hayat\u0131na son verdi. Sald\u0131rgan\u0131n 6 y\u0131l hapis cezas\u0131yla arand\u0131\u011f\u0131 \u00f6\u011frenildi. ESK\u0130 N\u0130\u015eANLISINI \u00d6LD\u00dcR\u00dcP ANNES\u0130N\u0130 YARALADI 4 Nisan ak\u015fam\u0131\u00a0\u00c7i\u011fli\u00a0Yeni Mahalle&#8217;de [&hellip;]<\/p>\n","protected":false},"author":1,"featured_media":2539,"comment_status":"closed","ping_status":"closed","sticky":false,"template":"","format":"standard","meta":{"footnotes":""},"categories":[7,39],"tags":[60,148,224,71,376,332,331],"class_list":["post-2537","post","type-post","status-publish","format-standard","has-post-thumbnail","hentry","category-gundem","category-haber","tag-cinayet","tag-hukuk","tag-izmir","tag-suc","tag-cigli","tag-politika","tag-yerel-haberler"],"_links":{"self":[{"href":"https:\/\/avukatimtv.com\/index.php\/wp-json\/wp\/v2\/posts\/2537","targetHints":{"allow":["GET"]}}],"collection":[{"href":"https:\/\/avukatimtv.com\/index.php\/wp-json\/wp\/v2\/posts"}],"about":[{"href":"https:\/\/avukatimtv.com\/index.php\/wp-json\/wp\/v2\/types\/post"}],"author":[{"embeddable":true,"href":"https:\/\/avukatimtv.com\/index.php\/wp-json\/wp\/v2\/users\/1"}],"replies":[{"embeddable":true,"href":"https:\/\/avukatimtv.com\/index.php\/wp-json\/wp\/v2\/comments?post=2537"}],"version-history":[{"count":1,"href":"https:\/\/avukatimtv.com\/index.php\/wp-json\/wp\/v2\/posts\/2537\/revisions"}],"predecessor-version":[{"id":2540,"href":"https:\/\/avukatimtv.com\/index.php\/wp-json\/wp\/v2\/posts\/2537\/revisions\/2540"}],"wp:featuredmedia":[{"embeddable":true,"href":"https:\/\/avukatimtv.com\/index.php\/wp-json\/wp\/v2\/media\/2539"}],"wp:attachment":[{"href":"https:\/\/avukatimtv.com\/index.php\/wp-json\/wp\/v2\/media?parent=2537"}],"wp:term":[{"taxonomy":"category","embeddable":true,"href":"https:\/\/avukatimtv.com\/index.php\/wp-json\/wp\/v2\/categories?post=2537"},{"taxonomy":"post_tag","embeddable":true,"href":"https:\/\/avukatimtv.com\/index.php\/wp-json\/wp\/v2\/tags?post=2537"}],"curies":[{"name":"wp","href":"https:\/\/api.w.org\/{rel}","templated":true}]}}