{"id":2541,"date":"2025-04-08T18:32:03","date_gmt":"2025-04-08T15:32:03","guid":{"rendered":"https:\/\/avukatimtv.com\/?p=2541"},"modified":"2025-04-08T18:32:03","modified_gmt":"2025-04-08T15:32:03","slug":"karsta-feto-operasyonu","status":"publish","type":"post","link":"https:\/\/avukatimtv.com\/index.php\/2025\/04\/08\/karsta-feto-operasyonu\/","title":{"rendered":"Kars\u2019ta FET\u00d6 operasyonu"},"content":{"rendered":"<p>Kars\u2019ta hakk\u0131nda FET\u00d6 ter\u00f6r \u00f6rg\u00fct\u00fcne \u00fcye olma su\u00e7undan kesinle\u015fmi\u015f hapis cezas\u0131 bulunan bir ki\u015fi jandarman\u0131n d\u00fczenledi\u011fi operasyon ile sakland\u0131\u011f\u0131 yerde yakaland\u0131.<\/p>\n<p>&nbsp;<\/p>\n<p>Kars \u0130l Jandarma Komutanl\u0131\u011f\u0131\u2019nca Sar\u0131kam\u0131\u015f Cumhuriyet Ba\u015fsavc\u0131l\u0131\u011f\u0131 Koordinesinde, Ter\u00f6r Su\u00e7lar\u0131ndan Aranan \u015eah\u0131slar\u0131n yakalanmas\u0131na y\u00f6nelik y\u00fcr\u00fct\u00fclen \u00e7al\u0131\u015fmalarda;<\/p>\n<p>&nbsp;<\/p>\n<p>&#8220;Silahl\u0131 Ter\u00f6r \u00d6rg\u00fct\u00fcne \u00dcye Olma (FET\u00d6)&#8221; su\u00e7undan hakk\u0131nda 6 y\u0131l 3 ay kesinle\u015fmi\u015f hapis cezas\u0131 ile aranan 1 ki\u015fi, d\u00fczenlenen adli operasyon sonucunda, Kars ili, Sar\u0131kam\u0131\u015f il\u00e7esi m\u00fclki s\u0131n\u0131rlar\u0131 i\u00e7erisindeki ikametinde yakaland\u0131.<\/p>\n<p>&nbsp;<\/p>\n<p>G\u00f6zalt\u0131na al\u0131narak \u0130l Jandarma Komutanl\u0131p\u0131\u2019na getirilen \u015f\u00fcpheli, jandarmadaki i\u015flemlerinin ard\u0131ndan adliyeye sevk edildi. \u015e\u00fcpheli \u00e7\u0131kar\u0131ld\u0131\u011f\u0131 mahkemece tutuklanarak cezaevine g\u00f6nderildi.<\/p>\n<p>&nbsp;<\/p>\n<p>Konuyla ilgili Kars Valili\u011fi\u2019nden yap\u0131lan yaz\u0131l\u0131 a\u00e7\u0131klamada, &#8220;\u0130l Jandarma Komutanl\u0131\u011f\u0131 olarak ter\u00f6r \u00f6rg\u00fctlerinin faaliyetlerini de\u015fifre ederek engellemek ve vatanda\u015flar\u0131m\u0131z\u0131n g\u00fcvenli\u011fini sa\u011flamak maksad\u0131yla mesai mefhumu g\u00f6zetmeksizin \u00e7al\u0131\u015fmaya devam edece\u011fiz&#8221; denildi.<\/p>\n<p>&nbsp;<\/p>\n<p><strong>KAYNAK:\u0130HA<\/strong><\/p>\n","protected":false},"excerpt":{"rendered":"<p>Kars\u2019ta hakk\u0131nda FET\u00d6 ter\u00f6r \u00f6rg\u00fct\u00fcne \u00fcye olma su\u00e7undan kesinle\u015fmi\u015f hapis cezas\u0131 bulunan bir ki\u015fi jandarman\u0131n d\u00fczenledi\u011fi operasyon ile sakland\u0131\u011f\u0131 yerde yakaland\u0131. &nbsp; Kars \u0130l Jandarma Komutanl\u0131\u011f\u0131\u2019nca Sar\u0131kam\u0131\u015f Cumhuriyet Ba\u015fsavc\u0131l\u0131\u011f\u0131 Koordinesinde, Ter\u00f6r Su\u00e7lar\u0131ndan Aranan \u015eah\u0131slar\u0131n yakalanmas\u0131na y\u00f6nelik y\u00fcr\u00fct\u00fclen \u00e7al\u0131\u015fmalarda; &nbsp; &#8220;Silahl\u0131 Ter\u00f6r \u00d6rg\u00fct\u00fcne \u00dcye Olma (FET\u00d6)&#8221; su\u00e7undan hakk\u0131nda 6 y\u0131l 3 ay kesinle\u015fmi\u015f hapis cezas\u0131 ile [&hellip;]<\/p>\n","protected":false},"author":1,"featured_media":2542,"comment_status":"closed","ping_status":"closed","sticky":false,"template":"","format":"standard","meta":{"footnotes":""},"categories":[7,39],"tags":[377,47,254],"class_list":["post-2541","post","type-post","status-publish","format-standard","has-post-thumbnail","hentry","category-gundem","category-haber","tag-feto","tag-haber","tag-kars"],"_links":{"self":[{"href":"https:\/\/avukatimtv.com\/index.php\/wp-json\/wp\/v2\/posts\/2541","targetHints":{"allow":["GET"]}}],"collection":[{"href":"https:\/\/avukatimtv.com\/index.php\/wp-json\/wp\/v2\/posts"}],"about":[{"href":"https:\/\/avukatimtv.com\/index.php\/wp-json\/wp\/v2\/types\/post"}],"author":[{"embeddable":true,"href":"https:\/\/avukatimtv.com\/index.php\/wp-json\/wp\/v2\/users\/1"}],"replies":[{"embeddable":true,"href":"https:\/\/avukatimtv.com\/index.php\/wp-json\/wp\/v2\/comments?post=2541"}],"version-history":[{"count":1,"href":"https:\/\/avukatimtv.com\/index.php\/wp-json\/wp\/v2\/posts\/2541\/revisions"}],"predecessor-version":[{"id":2543,"href":"https:\/\/avukatimtv.com\/index.php\/wp-json\/wp\/v2\/posts\/2541\/revisions\/2543"}],"wp:featuredmedia":[{"embeddable":true,"href":"https:\/\/avukatimtv.com\/index.php\/wp-json\/wp\/v2\/media\/2542"}],"wp:attachment":[{"href":"https:\/\/avukatimtv.com\/index.php\/wp-json\/wp\/v2\/media?parent=2541"}],"wp:term":[{"taxonomy":"category","embeddable":true,"href":"https:\/\/avukatimtv.com\/index.php\/wp-json\/wp\/v2\/categories?post=2541"},{"taxonomy":"post_tag","embeddable":true,"href":"https:\/\/avukatimtv.com\/index.php\/wp-json\/wp\/v2\/tags?post=2541"}],"curies":[{"name":"wp","href":"https:\/\/api.w.org\/{rel}","templated":true}]}}