{"id":2544,"date":"2025-04-08T18:49:12","date_gmt":"2025-04-08T15:49:12","guid":{"rendered":"https:\/\/avukatimtv.com\/?p=2544"},"modified":"2025-04-08T18:49:12","modified_gmt":"2025-04-08T15:49:12","slug":"diyarbakirda-cok-sayida-suc-unsuru-ele-gecirildi-30-tutuklama","status":"publish","type":"post","link":"https:\/\/avukatimtv.com\/index.php\/2025\/04\/08\/diyarbakirda-cok-sayida-suc-unsuru-ele-gecirildi-30-tutuklama\/","title":{"rendered":"Diyarbak\u0131r\u2019da \u00e7ok say\u0131da su\u00e7 unsuru ele ge\u00e7irildi: 30 tutuklama"},"content":{"rendered":"<p>Diyarbak\u0131r\u2019\u0131n Bismil il\u00e7esinde y\u0131l\u0131n ilk 3 ay\u0131nda yap\u0131lan \u00e7al\u0131\u015fmalar kapsam\u0131nda \u00e7ok say\u0131da su\u00e7 unsuru ele ge\u00e7irilirken \u00e7e\u015fitli su\u00e7lardan aranan ki\u015filerinde oldu\u011fu 30 \u015f\u00fcpheli tutukland\u0131.<\/p>\n<p>&nbsp;<\/p>\n<p>Bismil \u0130l\u00e7e Emniyet M\u00fcd\u00fcrl\u00fc\u011f\u00fc ekiplerince 2025 y\u0131l\u0131n\u0131n ilk \u00fc\u00e7 ay\u0131nda su\u00e7 ve su\u00e7lularla m\u00fccadele kapsam\u0131nda yap\u0131lan \u00e7al\u0131\u015fmalarda 6136 say\u0131l\u0131 Kanuna muhalefet kapsam\u0131nda de\u011ferlendirilen toplam 35 ate\u015fli silah ele ge\u00e7irildi. Uyu\u015fturucu madde kullan\u0131m\u0131 ve ticaretinin \u00f6nlenmesine y\u00f6nelik s\u00fcrd\u00fcr\u00fclen kararl\u0131 \u00e7al\u0131\u015fmalar neticesinde ise 80 \u015fah\u0131s hakk\u0131nda adli i\u015flem ba\u015flat\u0131ld\u0131.<\/p>\n<p>&nbsp;<\/p>\n<p>\u00d6zellikle okul \u00e7evreleri ve parklar gibi kentin farkl\u0131 noktalar\u0131nda yap\u0131lan denetim ve uygulamalarda \u00e7e\u015fitli su\u00e7lardan aranan 83 ki\u015fi yakalan\u0131rken, g\u00f6zalt\u0131na al\u0131nan 30 \u015f\u00fcpheli emniyetteki i\u015flemlerinin ard\u0131ndan adliyeye sevk edildi. Mahkemece tutuklanan 30 ki\u015fi ceza infaz kurumuna teslim edildi.<\/p>\n<p>&nbsp;<\/p>\n<p><img decoding=\"async\" src=\"https:\/\/cdn.iha.com.tr\/Contents\/images\/2025\/04\/08\/20250408aw428214-2.jpg\" alt=\"Diyarbak\u0131r\u2019da \u00e7ok say\u0131da su\u00e7 unsuru ele ge\u00e7irildi: 30 tutuklama\n\" \/><\/p>\n<p>&nbsp;<\/p>\n<p>&nbsp;<\/p>\n<p><strong>KAYNAK:\u0130HA<\/strong><\/p>\n","protected":false},"excerpt":{"rendered":"<p>Diyarbak\u0131r\u2019\u0131n Bismil il\u00e7esinde y\u0131l\u0131n ilk 3 ay\u0131nda yap\u0131lan \u00e7al\u0131\u015fmalar kapsam\u0131nda \u00e7ok say\u0131da su\u00e7 unsuru ele ge\u00e7irilirken \u00e7e\u015fitli su\u00e7lardan aranan ki\u015filerinde oldu\u011fu 30 \u015f\u00fcpheli tutukland\u0131. &nbsp; Bismil \u0130l\u00e7e Emniyet M\u00fcd\u00fcrl\u00fc\u011f\u00fc ekiplerince 2025 y\u0131l\u0131n\u0131n ilk \u00fc\u00e7 ay\u0131nda su\u00e7 ve su\u00e7lularla m\u00fccadele kapsam\u0131nda yap\u0131lan \u00e7al\u0131\u015fmalarda 6136 say\u0131l\u0131 Kanuna muhalefet kapsam\u0131nda de\u011ferlendirilen toplam 35 ate\u015fli silah ele ge\u00e7irildi. Uyu\u015fturucu [&hellip;]<\/p>\n","protected":false},"author":1,"featured_media":2545,"comment_status":"closed","ping_status":"closed","sticky":false,"template":"","format":"standard","meta":{"footnotes":""},"categories":[7,39],"tags":[378,379,47,147,71,380],"class_list":["post-2544","post","type-post","status-publish","format-standard","has-post-thumbnail","hentry","category-gundem","category-haber","tag-diyarbakir","tag-elegecirme","tag-haber","tag-mahkeme","tag-suc","tag-tutuklanma"],"_links":{"self":[{"href":"https:\/\/avukatimtv.com\/index.php\/wp-json\/wp\/v2\/posts\/2544","targetHints":{"allow":["GET"]}}],"collection":[{"href":"https:\/\/avukatimtv.com\/index.php\/wp-json\/wp\/v2\/posts"}],"about":[{"href":"https:\/\/avukatimtv.com\/index.php\/wp-json\/wp\/v2\/types\/post"}],"author":[{"embeddable":true,"href":"https:\/\/avukatimtv.com\/index.php\/wp-json\/wp\/v2\/users\/1"}],"replies":[{"embeddable":true,"href":"https:\/\/avukatimtv.com\/index.php\/wp-json\/wp\/v2\/comments?post=2544"}],"version-history":[{"count":1,"href":"https:\/\/avukatimtv.com\/index.php\/wp-json\/wp\/v2\/posts\/2544\/revisions"}],"predecessor-version":[{"id":2546,"href":"https:\/\/avukatimtv.com\/index.php\/wp-json\/wp\/v2\/posts\/2544\/revisions\/2546"}],"wp:featuredmedia":[{"embeddable":true,"href":"https:\/\/avukatimtv.com\/index.php\/wp-json\/wp\/v2\/media\/2545"}],"wp:attachment":[{"href":"https:\/\/avukatimtv.com\/index.php\/wp-json\/wp\/v2\/media?parent=2544"}],"wp:term":[{"taxonomy":"category","embeddable":true,"href":"https:\/\/avukatimtv.com\/index.php\/wp-json\/wp\/v2\/categories?post=2544"},{"taxonomy":"post_tag","embeddable":true,"href":"https:\/\/avukatimtv.com\/index.php\/wp-json\/wp\/v2\/tags?post=2544"}],"curies":[{"name":"wp","href":"https:\/\/api.w.org\/{rel}","templated":true}]}}